{"id":26807,"date":"2023-04-25T00:59:56","date_gmt":"2023-04-24T22:59:56","guid":{"rendered":"http:\/\/www.infokuryr.cz\/n\/?p=26807"},"modified":"2023-04-24T13:13:02","modified_gmt":"2023-04-24T11:13:02","slug":"osn-musi-prestat-normalizovat-pedofilii","status":"publish","type":"post","link":"https:\/\/www.infokuryr.cz\/n\/2023\/04\/25\/osn-musi-prestat-normalizovat-pedofilii\/","title":{"rendered":"OSN mus\u00ed p\u0159estat normalizovat pedofilii"},"content":{"rendered":"<div id=\"fb-root\"><\/div>\n<p><strong>EU mnoha miliony dotuje v\u00fdskyt transvestit\u016f a transgender\u016f ve \u0161kolk\u00e1ch.\u00a0OSN zve\u0159ejnila dokument, jeho\u017e c\u00edlem je legalizovat sex s d\u011btmi a umo\u017enit odstran\u011bn\u00ed d\u011btsk\u00fdch genit\u00e1li\u00ed.\u00a0To \u0159\u00edk\u00e1 europoslanec Marcel de Graaff (FVD) ve videozpr\u00e1v\u011b.<\/strong><\/p>\n<p><span>\u201ePro\u010d by d\u011bti m\u011bly b\u00fdt ve \u0161kole a ve sv\u00e9m voln\u00e9m \u010dase vystaveny transgender lidem, obr\u00e1cen\u00e9mu mu\u017ei nebo \u017een\u011b?\u00a0Co m\u00e1 d\u011blat batole s mu\u017eem oble\u010den\u00fdm jako \u017eena?\u00a0Pro\u010d by se m\u011blo d\u00edt\u011b u\u010dit, jak prov\u00e1d\u011bt or\u00e1ln\u00ed sex, jako to d\u011bl\u00e1 u\u010debn\u00ed pl\u00e1n Jarn\u00ed pl\u00e1\u010d?\u201c div\u00ed se nahlas De Graaff.<\/span><\/p>\n<p><span>Nejde o v\u00fdchovu nebo u\u010den\u00ed d\u00edt\u011bte.\u00a0Pro tyto dosp\u011bl\u00e9, kte\u0159\u00ed se v\u011bnuj\u00ed sexualit\u011b a sexu s d\u011btmi, je d\u00edt\u011b jen n\u00e1strojem.\u00a0Jak je d\u00edt\u011bti ubli\u017eov\u00e1no, je zcela irelevantn\u00ed, zd\u016fraz\u0148uje poslanec.<\/span><\/p>\n<p>&nbsp;<\/p>\n<div id=\"rumble_v2gueso\">\n<div id=\"vid_v2gueso\" class=\"rumble_v2gueso-Rumble-cls\" tabindex=\"-1\">\n<div class=\"bigPlayUI ctp\">\n<div class=\"bigPlayUIInner ctp\"><div class='videoWrapper'>\r\n\t            <iframe src='https:\/\/rumble.com\/embed\/pj.v2gueso\/' frameborder='0' allowfullscreen><\/iframe>\r\n\t        <\/div><\/div>\n<\/div>\n<\/div>\n<\/div>\n<div><\/div>\n<div><\/div>\n<p><span>&#8222;S lidmi v organizac\u00edch, vl\u00e1d\u00e1ch a mezin\u00e1rodn\u00edch instituc\u00edch je n\u011bco z\u00e1sadn\u011b \u0161patn\u011b, pokud cht\u011bj\u00ed usilovat o legalizaci, p\u0159ijet\u00ed sexu s d\u011btmi, pokud cht\u011bj\u00ed propagovat sex s d\u011btmi i pomoc\u00ed milion\u016f grant\u016f nebo vynutit sexualizaci d\u011bt\u00ed.&#8220; .&#8220;<\/span><\/p>\n<p><span>Tito pedofiln\u011b naivn\u00ed lid\u00e9 postr\u00e1daj\u00ed norm\u00e1ln\u00ed intelektu\u00e1ln\u00ed v\u00fdvoj dosp\u011bl\u00e9ho.\u00a0Zdrav\u00fd dosp\u011bl\u00fd se sna\u017e\u00ed d\u00edt\u011b chr\u00e1nit, v\u00e9st a \u0159\u00eddit, pln\u011b si v\u011bdom omezen\u00ed spojen\u00fdch s v\u011bkem d\u00edt\u011bte, \u0159ekl De Graaff.<\/span><\/p>\n<p><span>\u201eTito provinil\u00ed dosp\u011bl\u00ed jsou naprosto lhostejn\u00ed k utrpen\u00ed, kter\u00e9 je d\u011btem zp\u016fsobeno sexem s dosp\u011bl\u00fdmi, mrza\u010den\u00edm pohlavn\u00edch org\u00e1n\u016f nebo zkreslen\u00edm jejich vlastn\u00ed biologick\u00e9 identity,\u201c dod\u00e1v\u00e1.<\/span><\/p>\n<p><span>Je naprosto nep\u0159ijateln\u00e9, aby takto ment\u00e1ln\u011b posti\u017een\u00ed lid\u00e9 \u0159\u00eddili organizace, vl\u00e1dy nebo instituce, kter\u00e9 ur\u010duj\u00ed, jak\u00e1 je spole\u010dnost, a zneu\u017e\u00edvaj\u00ed v\u00fdvoj d\u00edt\u011bte k ospravedln\u011bn\u00ed vlastn\u00ed deformovan\u00e9 touhy po d\u011btsk\u00e9m sexu, \u0159\u00edk\u00e1 poslanec.<\/span><\/p>\n<p><span>\u201eRodi\u010de mus\u00ed p\u0159evz\u00edt odpov\u011bdnost a vystoupit proti t\u00e9to sexualizaci sv\u00fdch d\u011bt\u00ed a proti konfrontaci s transvestity a transgender lidmi,\u201c argumentuje De Graaff.<\/span><\/p>\n<p><img decoding=\"async\" loading=\"lazy\" class=\"alignnone size-full wp-image-1185\" src=\"http:\/\/www.infokuryr.cz\/n\/wp-content\/uploads\/2021\/04\/kuryr-podpis.png\" alt=\"\" width=\"84\" height=\"24\" \/><\/p>\n<p>&nbsp;<\/p>\n<p>&nbsp;<\/p>\n<p><img decoding=\"async\" loading=\"lazy\" class=\"wp-image-19187 aligncenter\" src=\"http:\/\/www.infokuryr.cz\/n\/wp-content\/uploads\/2022\/12\/1-PRO-300x36.jpg\" alt=\"\" width=\"1292\" height=\"155\" srcset=\"https:\/\/www.infokuryr.cz\/n\/wp-content\/uploads\/2022\/12\/1-PRO-300x36.jpg 300w, https:\/\/www.infokuryr.cz\/n\/wp-content\/uploads\/2022\/12\/1-PRO.jpg 699w\" sizes=\"(max-width: 1292px) 100vw, 1292px\" \/><\/p>\n<p>&nbsp;<\/p>\n<p>&nbsp;<\/p>\n","protected":false},"excerpt":{"rendered":"<p>EU mnoha miliony dotuje v\u00fdskyt transvestit\u016f a transgender\u016f ve \u0161kolk\u00e1ch.\u00a0OSN zve\u0159ejnila dokument, jeho\u017e c\u00edlem je&#8230;<\/p>\n","protected":false},"author":2,"featured_media":16121,"comment_status":"closed","ping_status":"closed","sticky":false,"template":"","format":"standard","meta":[],"categories":[7],"tags":[245,41,186,529],"_links":{"self":[{"href":"https:\/\/www.infokuryr.cz\/n\/wp-json\/wp\/v2\/posts\/26807"}],"collection":[{"href":"https:\/\/www.infokuryr.cz\/n\/wp-json\/wp\/v2\/posts"}],"about":[{"href":"https:\/\/www.infokuryr.cz\/n\/wp-json\/wp\/v2\/types\/post"}],"author":[{"embeddable":true,"href":"https:\/\/www.infokuryr.cz\/n\/wp-json\/wp\/v2\/users\/2"}],"replies":[{"embeddable":true,"href":"https:\/\/www.infokuryr.cz\/n\/wp-json\/wp\/v2\/comments?post=26807"}],"version-history":[{"count":0,"href":"https:\/\/www.infokuryr.cz\/n\/wp-json\/wp\/v2\/posts\/26807\/revisions"}],"wp:featuredmedia":[{"embeddable":true,"href":"https:\/\/www.infokuryr.cz\/n\/wp-json\/wp\/v2\/media\/16121"}],"wp:attachment":[{"href":"https:\/\/www.infokuryr.cz\/n\/wp-json\/wp\/v2\/media?parent=26807"}],"wp:term":[{"taxonomy":"category","embeddable":true,"href":"https:\/\/www.infokuryr.cz\/n\/wp-json\/wp\/v2\/categories?post=26807"},{"taxonomy":"post_tag","embeddable":true,"href":"https:\/\/www.infokuryr.cz\/n\/wp-json\/wp\/v2\/tags?post=26807"}],"curies":[{"name":"wp","href":"https:\/\/api.w.org\/{rel}","templated":true}]}}