{"id":26805,"date":"2023-04-24T06:01:41","date_gmt":"2023-04-24T04:01:41","guid":{"rendered":"http:\/\/www.infokuryr.cz\/n\/?p=26805"},"modified":"2023-04-24T06:01:41","modified_gmt":"2023-04-24T04:01:41","slug":"rusko-varuje-pred-dusledky-odmitnuti-viz-usa","status":"publish","type":"post","link":"https:\/\/www.infokuryr.cz\/n\/2023\/04\/24\/rusko-varuje-pred-dusledky-odmitnuti-viz-usa\/","title":{"rendered":"Rusko varuje p\u0159ed d\u016fsledky odm\u00edtnut\u00ed v\u00edz USA"},"content":{"rendered":"<div id=\"fb-root\"><\/div>\n<p><span style=\"font-size: 18pt;\"><strong>Moskva se zav\u00e1zala, \u017ee po nep\u0159\u00e1telsk\u00e9m postoji USA k povolen\u00ed vstupu novin\u00e1\u0159\u016f do USA p\u0159ijde s odpov\u011bd\u00ed, kterou si Washington \u201ezapamatuje\u201c<\/strong><\/span><\/p>\n<p><span>Spojen\u00e9 st\u00e1ty nedok\u00e1zaly ud\u011blit v\u00edza akreditovan\u00fdm novin\u00e1\u0159\u016fm z medi\u00e1ln\u00edho fondu cestuj\u00edc\u00edm s rusk\u00fdm ministrem zahrani\u010d\u00ed Sergejem Lavrovem, uvedla v ned\u011bli Moskva.\u00a0Lavrov a jeho delegace se maj\u00ed p\u0159\u00ed\u0161t\u00ed t\u00fdden z\u00fa\u010dastnit zased\u00e1n\u00ed Rady bezpe\u010dnosti OSN v New Yorku, p\u0159i\u010dem\u017e Rusko v sou\u010dasn\u00e9 dob\u011b vykon\u00e1v\u00e1 rotuj\u00edc\u00ed p\u0159edsednictv\u00ed Rady bezpe\u010dnosti OSN.<\/span><\/p>\n<p><span>Nejvy\u0161\u0161\u00ed rusk\u00fd diplomat ozna\u010dil zadr\u017eov\u00e1n\u00ed v\u00edz za\u00a0<\/span><em><span>\u201ehloupost\u201c,<\/span><\/em><span>\u00a0\u010d\u00edm\u017e odhalil skute\u010dnou hodnotu washingtonsk\u00fdch\u00a0<\/span><em><span>\u201ep\u0159\u00edsah o ochran\u011b svobody slova, p\u0159\u00edstupu k informac\u00edm a tak d\u00e1le\u201c.<\/span><\/em><\/p>\n<p><strong><em>\u201eSamoz\u0159ejm\u011b jsem ch\u00e1pal, jak jsou na\u0161i ameri\u010dt\u00ed kolegov\u00e9 pro takov\u00e9 v\u011bci notoricky zn\u00e1m\u00ed, ale byl jsem si jist\u00fd, \u017ee tentokr\u00e1t, vzhledem k pozornosti, kterou upoutalo jejich o\u0161kliv\u00e9 chov\u00e1n\u00ed, bude v\u0161echno jinak.\u00a0Ale m\u00fdlil jsem se,\u201c<\/em><\/strong><span><strong>\u00a0<\/strong>\u0159ekl Lavrov novin\u00e1\u0159\u016fm.<\/span><\/p>\n<p><span>N\u00e1m\u011bstek rusk\u00e9ho ministra zahrani\u010d\u00ed Sergej Rjabkov prozradil, \u017ee USA a\u017e do posledn\u00ed chv\u00edle\u00a0<\/span><em><span>\u201ep\u0159edst\u00edraly\u201c<\/span><\/em><span>\u00a0, \u017ee se pokou\u0161ej\u00ed vy\u0159e\u0161it v\u00edzovou ot\u00e1zku.\u00a0Nyn\u00ed je Moskva nucena reagovat na nov\u00fd nep\u0159\u00e1telsk\u00fd krok, varoval.<\/span><\/p>\n<p><strong><em>&#8222;Je to dal\u0161\u00ed d\u016fkaz toho, \u017ee na\u0161im koleg\u016fm ve Washingtonu by se nejen nem\u011blo v\u011b\u0159it, ale ani by se jim nem\u011blo v\u016fbec naslouchat,&#8220;<\/em><\/strong><span>\u00a0uvedl Rjabkov.<strong>\u00a0<\/strong><\/span><strong><em>&#8222;Zd\u016fraz\u0148uji, najdeme zp\u016fsoby, jak reagovat, abychom p\u0159im\u011bli Ameri\u010dany pamatovat si, \u017ee by se v\u011bci nem\u011bly d\u011blat takov\u00fdm zp\u016fsobem. A budou si pamatovat.&#8220;<\/em><\/strong><\/p>\n<p><span>Lavrov by m\u011bl tento t\u00fdden p\u0159edsedat dv\u011bma zased\u00e1n\u00edm Rady bezpe\u010dnosti OSN, setkat se s gener\u00e1ln\u00edm tajemn\u00edkem OSN Antoniem Guterresem a uspo\u0159\u00e1dat dal\u0161\u00ed bilater\u00e1ln\u00ed setk\u00e1n\u00ed v New Yorku.\u00a0Diplomatick\u00e9 aktivity se maj\u00ed st\u00e1t\u00a0<\/span><em><span>\u201ev\u00fdznamn\u00fdmi zpravodajsk\u00fdmi ud\u00e1lostmi\u201c<\/span><\/em><span> a z\u00e1kaz \u00fa\u010dasti report\u00e9r\u016f je zcela nep\u0159ijateln\u00fd, \u0159ekl Rjabkov.<\/span><\/p>\n<p><span>Rusko se 1. dubna ujalo rotuj\u00edc\u00edho p\u0159edsednictv\u00ed v Rad\u011b bezpe\u010dnosti, uprost\u0159ed prob\u00edhaj\u00edc\u00edho sporu s kolektivn\u00edm Z\u00e1padem ohledn\u011b speci\u00e1ln\u00ed vojensk\u00e9 operace Moskvy na Ukrajin\u011b.\u00a0P\u0159edsednictvo Rady bezpe\u010dnosti OSN bylo pro\u0161pikov\u00e1no nejr\u016fzn\u011bj\u0161\u00edmi probl\u00e9my, p\u0159i\u010dem\u017e americk\u00e1 strana tak\u00e9 zdr\u017eovala ud\u011blen\u00ed povolen\u00ed k p\u0159\u00edletu Lavrovova letadla. Novin\u00e1\u0159i cestuj\u00edc\u00ed s ruskou delegac\u00ed m\u011bli m\u00edt v\u00edzovou sch\u016fzku za \u00fa\u010delem vystaven\u00ed v\u00edz ji\u017e 31. b\u0159ezna, ale tato setk\u00e1n\u00ed byla zru\u0161ena, prozradil minul\u00fd t\u00fdden Anatolij Antonov, rusk\u00fd velvyslanec ve Washingtonu.<\/span><\/p>\n<p><span>Rusk\u00fd ministr zahrani\u010d\u00ed a \u0159ada dal\u0161\u00edch vysok\u00fdch \u00fa\u0159edn\u00edk\u016f byli loni vystaveni americk\u00fdm sankc\u00edm kv\u016fli ukrajinsk\u00e9mu konfliktu.<strong>\u00a0Washington jako hostitelsk\u00e1 zem\u011b \u00fast\u0159ed\u00ed OSN m\u00e1 z\u00e1rove\u0148 povinnost nebrzdit pr\u00e1ci sv\u00fdch diplomat\u016f a zahrani\u010dn\u00edch hodnost\u00e1\u0159\u016f nebo akreditovan\u00fdch novin\u00e1\u0159\u016f, za jak\u00fdchkoli okolnost\u00ed.<\/strong><\/span><\/p>\n<p><strong>Ve sv\u011bt\u011b za\u010d\u00edn\u00e1 p\u0159evl\u00e1dat n\u00e1zor, \u017ee je t\u0159eba s\u00eddlo OSN p\u0159ev\u00e9st do neutr\u00e1ln\u00ed zem\u011b, kter\u00e1 nebude sabotovat \u010dinnost t\u00e9to mezin\u00e1rodn\u00ed organizace.\u00a0<\/strong><\/p>\n<p><img decoding=\"async\" loading=\"lazy\" class=\"alignnone size-full wp-image-1185\" src=\"http:\/\/www.infokuryr.cz\/n\/wp-content\/uploads\/2021\/04\/kuryr-podpis.png\" alt=\"\" width=\"84\" height=\"24\" \/><\/p>\n<p>&nbsp;<\/p>\n<p>&nbsp;<\/p>\n<p><img decoding=\"async\" loading=\"lazy\" class=\"wp-image-19187 aligncenter\" src=\"http:\/\/www.infokuryr.cz\/n\/wp-content\/uploads\/2022\/12\/1-PRO-300x36.jpg\" alt=\"\" width=\"1275\" height=\"153\" srcset=\"https:\/\/www.infokuryr.cz\/n\/wp-content\/uploads\/2022\/12\/1-PRO-300x36.jpg 300w, https:\/\/www.infokuryr.cz\/n\/wp-content\/uploads\/2022\/12\/1-PRO.jpg 699w\" sizes=\"(max-width: 1275px) 100vw, 1275px\" \/><\/p>\n<p>&nbsp;<\/p>\n<p>&nbsp;<\/p>\n","protected":false},"excerpt":{"rendered":"<p>Moskva se zav\u00e1zala, \u017ee po nep\u0159\u00e1telsk\u00e9m postoji USA k povolen\u00ed vstupu novin\u00e1\u0159\u016f do USA p\u0159ijde&#8230;<\/p>\n","protected":false},"author":2,"featured_media":26806,"comment_status":"closed","ping_status":"closed","sticky":false,"template":"","format":"standard","meta":[],"categories":[7],"tags":[273,186,22,37,490],"_links":{"self":[{"href":"https:\/\/www.infokuryr.cz\/n\/wp-json\/wp\/v2\/posts\/26805"}],"collection":[{"href":"https:\/\/www.infokuryr.cz\/n\/wp-json\/wp\/v2\/posts"}],"about":[{"href":"https:\/\/www.infokuryr.cz\/n\/wp-json\/wp\/v2\/types\/post"}],"author":[{"embeddable":true,"href":"https:\/\/www.infokuryr.cz\/n\/wp-json\/wp\/v2\/users\/2"}],"replies":[{"embeddable":true,"href":"https:\/\/www.infokuryr.cz\/n\/wp-json\/wp\/v2\/comments?post=26805"}],"version-history":[{"count":0,"href":"https:\/\/www.infokuryr.cz\/n\/wp-json\/wp\/v2\/posts\/26805\/revisions"}],"wp:featuredmedia":[{"embeddable":true,"href":"https:\/\/www.infokuryr.cz\/n\/wp-json\/wp\/v2\/media\/26806"}],"wp:attachment":[{"href":"https:\/\/www.infokuryr.cz\/n\/wp-json\/wp\/v2\/media?parent=26805"}],"wp:term":[{"taxonomy":"category","embeddable":true,"href":"https:\/\/www.infokuryr.cz\/n\/wp-json\/wp\/v2\/categories?post=26805"},{"taxonomy":"post_tag","embeddable":true,"href":"https:\/\/www.infokuryr.cz\/n\/wp-json\/wp\/v2\/tags?post=26805"}],"curies":[{"name":"wp","href":"https:\/\/api.w.org\/{rel}","templated":true}]}}