{"id":26803,"date":"2023-04-24T05:53:32","date_gmt":"2023-04-24T03:53:32","guid":{"rendered":"http:\/\/www.infokuryr.cz\/n\/?p=26803"},"modified":"2023-04-24T05:53:32","modified_gmt":"2023-04-24T03:53:32","slug":"kriminalita-v-san-francisku-nebezpecne-roste","status":"publish","type":"post","link":"https:\/\/www.infokuryr.cz\/n\/2023\/04\/24\/kriminalita-v-san-francisku-nebezpecne-roste\/","title":{"rendered":"Kriminalita v San Francisku nebezpe\u010dn\u011b roste"},"content":{"rendered":"<div id=\"fb-root\"><\/div>\n<p><strong><span>Kalifornsk\u00e9 \u00fa\u0159ady se rozhodly zorganizovat celou vojenskou operaci v San Francisku.\u00a0Guvern\u00e9r Gavin Newsom vyslal N\u00e1rodn\u00ed gardu, aby vy\u010distila centrum m\u011bsta od obchodn\u00edk\u016f s drogami, kte\u0159\u00ed kontroluj\u00ed m\u00edstn\u00ed t\u00e1bory pro bezdomovce.<\/span><\/strong><\/p>\n<p><span>Situace s drogov\u011b z\u00e1visl\u00fdmi a bezdomovci v San Francisku se st\u00e1v\u00e1 kritickou.\u00a0Ve m\u011bst\u011b jsou jich desetitis\u00edce.\u00a0Po\u010det drogov\u011b z\u00e1visl\u00fdch ji\u017e p\u0159ev\u00fd\u0161il po\u010det st\u0159edo\u0161kol\u00e1k\u016f.\u00a0A ka\u017ed\u00fd rok zem\u0159e 600-700 lid\u00ed na p\u0159ed\u00e1vkov\u00e1n\u00ed.\u00a0Celkov\u011b dosahuje v Americe ji\u017e po\u010det ob\u011bt\u00ed p\u0159ed\u00e1vkov\u00e1n\u00edm t\u00e9m\u011b\u0159 100.000 ro\u010dn\u011b.<\/span><\/p>\n<p><span>Nav\u00edc, veden\u00ed San Francisca nam\u00edsto boje proti drogov\u00e9 z\u00e1vislosti ji naopak toleruje.\u00a0Ve m\u011bst\u011b vznikaj\u00ed m\u00edsta \u201ebezpe\u010dn\u00e9ho\u201c p\u0159\u00edjmu l\u00e1tek \u2013 kde budou narkoman\u016fm pod\u00e1vat \u010dist\u00e9 injek\u010dn\u00ed st\u0159\u00edka\u010dky a \u201emal\u00e9\u201c d\u00e1vky drog.\u00a0Funguj\u00ed na principu \u2013 nem\u016f\u017eete vyhr\u00e1t, \u0159i\u010fte to.<\/span><\/p>\n<p><em>Na tomto pozad\u00ed \u00farove\u0148 kriminality v San Francisku nekontrolovateln\u011b roste.\u00a0Mnoho obchod\u016f a maloobchodn\u00edk\u016f jednodu\u0161e opou\u0161t\u00ed m\u011bsto \u2013 nechce n\u00e9st neust\u00e1l\u00e9 loupe\u017ee.\u00a0Loupe\u017e do 1000 dolar\u016f je v San Francisku de facto leg\u00e1ln\u00ed.\u00a0A policie to nem\u00e1 prakticky \u017e\u00e1dnou mo\u017enost to \u0159e\u0161it \u2013 vliv na to m\u00e1 i vlna propou\u0161t\u011bn\u00ed po pogromech v roce 2020 a nedostatek t\u011bch, kte\u0159\u00ed jsou ochotni slou\u017eit.<\/em><\/p>\n<p><span>M\u00edstn\u00ed novin\u00e1\u0159i ozna\u010duj\u00ed San Francisco za \u201ene\u00fasp\u011b\u0161n\u00e9 m\u011bsto\u201c, kter\u00e9 postupn\u011b sklouz\u00e1v\u00e1 do \u00fapln\u00e9 anarchie.\u00a0Dosp\u011blo to do momentu, \u017ee to nevydr\u017eeli ani demokrat\u00e9 ve veden\u00ed Kalifornie &#8211; a za\u010dali proti tomu bojovat.\u00a0Pro Newsoma, kter\u00fd m\u00e1 prezidentsk\u00e9 ambice, je to tak\u00e9 zp\u016fsob, jak uk\u00e1zat, \u017ee si s n\u011bkter\u00fdmi probl\u00e9my je\u0161t\u011b um\u00ed poradit.\u00a0Je v\u0161ak nepravd\u011bpodobn\u00e9, \u017ee by N\u00e1rodn\u00ed garda dok\u00e1zala porazit m\u00edstn\u00ed drogovou mafii \u2013 a opo\u017ed\u011bn\u00e1 vojensk\u00e1 operace rozhodn\u011b nevy\u0159e\u0161\u00ed syst\u00e9movou krizi v San Francisku.<\/span><\/p>\n<p><strong><span>M\u00e1lek Dudakov<\/span><\/strong><\/p>\n<p>&nbsp;<\/p>\n<p><img decoding=\"async\" loading=\"lazy\" class=\"wp-image-19187 aligncenter\" src=\"http:\/\/www.infokuryr.cz\/n\/wp-content\/uploads\/2022\/12\/1-PRO-300x36.jpg\" alt=\"\" width=\"1275\" height=\"153\" srcset=\"https:\/\/www.infokuryr.cz\/n\/wp-content\/uploads\/2022\/12\/1-PRO-300x36.jpg 300w, https:\/\/www.infokuryr.cz\/n\/wp-content\/uploads\/2022\/12\/1-PRO.jpg 699w\" sizes=\"(max-width: 1275px) 100vw, 1275px\" \/><\/p>\n<p>&nbsp;<\/p>\n<p>&nbsp;<\/p>\n","protected":false},"excerpt":{"rendered":"<p>Kalifornsk\u00e9 \u00fa\u0159ady se rozhodly zorganizovat celou vojenskou operaci v San Francisku.\u00a0Guvern\u00e9r Gavin Newsom vyslal N\u00e1rodn\u00ed&#8230;<\/p>\n","protected":false},"author":2,"featured_media":26804,"comment_status":"closed","ping_status":"closed","sticky":false,"template":"","format":"standard","meta":[],"categories":[7],"tags":[369,4839,37],"_links":{"self":[{"href":"https:\/\/www.infokuryr.cz\/n\/wp-json\/wp\/v2\/posts\/26803"}],"collection":[{"href":"https:\/\/www.infokuryr.cz\/n\/wp-json\/wp\/v2\/posts"}],"about":[{"href":"https:\/\/www.infokuryr.cz\/n\/wp-json\/wp\/v2\/types\/post"}],"author":[{"embeddable":true,"href":"https:\/\/www.infokuryr.cz\/n\/wp-json\/wp\/v2\/users\/2"}],"replies":[{"embeddable":true,"href":"https:\/\/www.infokuryr.cz\/n\/wp-json\/wp\/v2\/comments?post=26803"}],"version-history":[{"count":0,"href":"https:\/\/www.infokuryr.cz\/n\/wp-json\/wp\/v2\/posts\/26803\/revisions"}],"wp:featuredmedia":[{"embeddable":true,"href":"https:\/\/www.infokuryr.cz\/n\/wp-json\/wp\/v2\/media\/26804"}],"wp:attachment":[{"href":"https:\/\/www.infokuryr.cz\/n\/wp-json\/wp\/v2\/media?parent=26803"}],"wp:term":[{"taxonomy":"category","embeddable":true,"href":"https:\/\/www.infokuryr.cz\/n\/wp-json\/wp\/v2\/categories?post=26803"},{"taxonomy":"post_tag","embeddable":true,"href":"https:\/\/www.infokuryr.cz\/n\/wp-json\/wp\/v2\/tags?post=26803"}],"curies":[{"name":"wp","href":"https:\/\/api.w.org\/{rel}","templated":true}]}}