{"id":2680,"date":"2021-06-21T05:56:18","date_gmt":"2021-06-21T03:56:18","guid":{"rendered":"http:\/\/www.infokuryr.cz\/n\/?p=2680"},"modified":"2021-06-21T05:56:18","modified_gmt":"2021-06-21T03:56:18","slug":"nedelnik-adama-b-bartose-c-41-i-na-zivotech-hlupaku-zalezi","status":"publish","type":"post","link":"https:\/\/www.infokuryr.cz\/n\/2021\/06\/21\/nedelnik-adama-b-bartose-c-41-i-na-zivotech-hlupaku-zalezi\/","title":{"rendered":"NED\u011aLN\u00cdK ADAMA B. BARTO\u0160E (\u010c. 41) I NA \u017dIVOTECH HLUP\u00c1K\u016e Z\u00c1LE\u017d\u00cd&#8230;"},"content":{"rendered":"<div id=\"fb-root\"><\/div>\n<h2 class=\"entry-title\"><span style=\"font-size: 12pt;\">NED\u011aLN\u00cdK ADAMA B. BARTO\u0160E (\u010c. 41) I NA \u017dIVOTECH HLUP\u00c1K\u016e Z\u00c1LE\u017d\u00cd. CO KDY\u017d VOLBY NEBUDOU? PROHR\u00c1LI JSME BOJ, NEBO DOKONCE CELOU V\u00c1LKU?<\/span><\/h2>\n<p>Jaro je fu\u010d a st\u00e1lo za zl\u00e1manou gre\u0161li (kdy\u017e budu hodn\u011b slu\u0161n\u00fd). Jako ostatn\u011b cel\u00fd uplynul\u00fd rok. A jako nejsp\u00ed\u0161e dal\u0161\u00ed roky, co jsou p\u0159ed n\u00e1mi, pokud spr\u00e1vu zem\u011b nevezme do sv\u00fdch rukou ta p\u016flka n\u00e1roda, co m\u00e1 je\u0161t\u011b mozek v hlav\u011b. P\u016flka n\u00e1roda, co v\u016fbec vlastn\u011b z\u016fstane na\u017eivu. Proto\u017ee ta druh\u00e1 p\u016flka, co se nechala nao\u010dkovat, nem\u00e1 budoucnost jistou a je\u0161t\u011b jsou to nav\u00edc lid\u00e9, jejich\u017e rad bychom nem\u011bli poslouchat, proto\u017ee podl\u00e9haj\u00ed propagand\u011b, co\u017e o jejich IQ p\u0159\u00edli\u0161 nesv\u011bd\u010d\u00ed. Vy\u0148al bych z toho seniory coby rizikovou skupinu \u2013 u t\u00e9 bych pochopil, \u017ee se cht\u011bj\u00ed chr\u00e1nit, jenom si neuv\u011bdomili, jak\u00fd propastn\u00fd je rozd\u00edl mezi socialistickou vakc\u00ednou a vakc\u00ednou z\u00e1padn\u00ed, \u201epokrokovou\u201c. Ov\u0161em mlad\u00fd \u010dlov\u011bk \u010di \u010dlov\u011bk ve st\u0159edn\u00edch letech, kter\u00fd stoj\u00ed frontu na osobn\u00ed \u201ekurv\u00edtko\u201c, neni\u010d\u00ed jen s\u00e1m sebe, ale dopou\u0161t\u00ed se zlo\u010dinu i na cel\u00e9m n\u00e1rod\u011b.<span id=\"more-12105\"><\/span><\/p>\n<p>P\u0159ed n\u00e1mi je l\u00e9to. Vl\u00e1da op\u011bt kouzl\u00ed s \u010d\u00edsly, aby neexistuj\u00edc\u00ed pandemii \u201ejako\u017ee\u201c zvl\u00e1dla, a tak je sice ka\u017ed\u00fd den ve vl\u00e1dn\u00edch \u010d\u00edslech lep\u0161\u00ed a lep\u0161\u00ed, ale n\u00e1hubky se p\u0159esto musej\u00ed nosit st\u00e1le (i v t\u011bchto tropech), a to i p\u0159esto, \u017ee je soudy zavrhly. Testuje se vesele d\u00e1le a rovn\u011b\u017e budeme z\u0159ejm\u011b do omrzen\u00ed dodr\u017eovat rozestupy, i kdy\u017e tyto letn\u00ed m\u011bs\u00edce \u2013 i kdybychom nakr\u00e1sn\u011b v\u011b\u0159ili propagand\u011b o jak\u00e9si pandemii \u2013 bychom nic takov\u00e9ho nemuseli d\u011blat. Ale pokud i v m\u011bs\u00edci, kdy je \u201efake-ov\u00e1\u201c n\u00e1kaza na hranici statistick\u00e9 chyby, p\u0159esto nos\u00edme rou\u0161ky, dodr\u017eujeme v restauraci dva metry a pijeme pivo jen s testem, ukazuje to, \u017ee n\u00e1s dostali p\u0159esn\u011b tam, kde n\u00e1s cht\u011bli m\u00edt a \u017ee u\u017e nikdy \u201enebude l\u00edp\u201c. Pokud se i v tom nejlep\u0161\u00edm ro\u010dn\u00edm obdob\u00ed, kdy se ch\u0159ipka v\u016fbec ne\u0161\u00ed\u0159\u00ed (l\u00e9to), chov\u00e1me jako uprost\u0159ed nejv\u011bt\u0161\u00ed pandemie, pak je jasn\u00e9, \u017ee v z\u00e1\u0159\u00ed za\u010dnou lockdowny, z\u00e1kazy vych\u00e1zen\u00ed a nejsp\u00ed\u0161e povinn\u00e9 o\u010dkov\u00e1n\u00ed, \u010dipov\u00e1n\u00ed \u010di rovnou vaporizace nepohodln\u00fdch ob\u010dan\u016f\u2026<\/p>\n<p>Soudy sice shodily ze stolu t\u00e9m\u011b\u0159 v\u0161echna vl\u00e1dn\u00ed na\u0159\u00edzen\u00ed, ale p\u0159esto si z toho ned\u011bl\u00e1 nic ani vl\u00e1da, ani ob\u010dan\u00e9. Ob\u010dan\u00e9 z\u0159ejm\u011b ze setrva\u010dnosti budou nosit n\u00e1hubky i p\u0159es l\u00e9to, aby z\u0159ejm\u011b nevy\u0161li ze cviku, a\u017e n\u00e1m je vl\u00e1da naordinuje zase na podzim. V n\u011bkter\u00fdch regionech p\u0159itom \u201eepidemie\u201c natolik sl\u00e1bne, \u017ee tam v n\u011bkter\u00fdch dnech nep\u0159ib\u00fdvaj\u00ed nov\u00e9 p\u0159\u00edpady. P\u0159esto \u201eochranu \u00fast a nosu\u201c odlo\u017eit nem\u016f\u017eeme, jako jsme mohli nap\u0159\u00edklad p\u0159ed rokem, kdy od \u010dervence do z\u00e1\u0159\u00ed se rou\u0161ky v obchodech a ve\u0159ejn\u00e9 doprav\u011b nosit nemusely. Ch\u00e1pete tu absurditu? Loni n\u00e1m alespo\u0148 na dva m\u011bs\u00edce dali pokoj, ale letos ne. A to i p\u0159esto, \u017ee skoro polovina n\u00e1roda je nao\u010dkov\u00e1na. Nav\u00edc nenos\u00edme rou\u0161ky, jako p\u0159ed rokem, ale rovnou respir\u00e1tory. \u010cili cel\u00fd rok budeme nosit zakrytou hubu. Cel\u00fd rok se budeme dusit, u\u017e ani v nejv\u011bt\u0161\u00edch letn\u00edch pa\u0159\u00e1c\u00edch to neodlo\u017e\u00edme. A mus\u00ed to nosit i ti, co se nao\u010dkovali. Jak\u00e9 tedy m\u00e1me vyhl\u00eddky na budoucnost?<\/p>\n<p>P\u00e1r lid\u00ed je asi na vl\u00e1du na\u0161tvan\u00fdch, ale soud\u011b podle toho, \u017ee rodiny, kter\u00e9 neposlaly d\u011bti na \u0161pejlova\u010dku, by se daly spo\u010d\u00edtat na prstech jedn\u00e9 ruky, vl\u00e1d\u011b nejsp\u00ed\u0161e slep\u011b v\u011b\u0159\u00ed i ti, kte\u0159\u00ed j\u00ed byli podvedeni a kte\u0159\u00ed kv\u016fli n\u00ed zkrachovali. Jinak si toti\u017e neum\u00edm odpov\u011bd\u011bt na ot\u00e1zku, kde jsou ti na\u0161tvan\u00ed lid\u00e9, kter\u00fdm vl\u00e1da vzala v\u00edce ne\u017e rok \u017eivota. Ti, kter\u00fdm vzala \u017eivot, mezi n\u00e1mi u\u017e samoz\u0159ejm\u011b nejsou, ale kde jsou alespo\u0148 ti, kter\u00fdm vl\u00e1da vzala \u017eivot jejich bl\u00edzk\u00fdch? Ani ti se nebou\u0159\u00ed? Statistikov\u00e9 uk\u00e1zali, \u017ee za prvn\u00ed \u010dtvrtlet\u00ed 2021 zem\u0159elo o 45 procent senior\u016f v\u00edce ne\u017e v roce p\u0159edchoz\u00edm. A to navzdory lockdown\u016fm a vakcinaci, kter\u00e9 je m\u011bly ochr\u00e1nit. Na demonstraci v\u0161ak p\u0159ijde sotva p\u00e1r stovek lid\u00ed, a to jsou p\u0159itom \u010dasto ti stejn\u00ed, kte\u0159\u00ed p\u0159ed p\u00e1r lety chodili na demonstrace proti migrant\u016fm.<\/p>\n<p>N\u011bkdy si \u0159\u00edk\u00e1m, \u017ee je\u0161t\u011b hor\u0161\u00ed ne\u017e neschopn\u00e1 \u010di v\u0161ehoschopn\u00e1 vl\u00e1da jsou ni\u010deho neschopn\u00ed ob\u010dan\u00e9, co si nechaj\u00ed v\u0161echno l\u00edbit, i to d\u0159\u00edv\u00ed by na sob\u011b \u0161t\u00edpat nechali. \u017de je\u0161t\u011b v\u011bt\u0161\u00ed nebezpe\u010d\u00ed ne\u017e parta magor\u016f a psychopat\u016f ve Strakovce, je st\u00e1do tup\u00fdch \u010cech\u016f, Moravan\u016f a Slezan\u016f, kte\u0159\u00ed stoj\u00ed frontu na asistovanou sebevra\u017edu \u2013 pardon, na vakc\u00ednu.<\/p>\n<p>Od nov\u00e9ho roku bylo toti\u017e aplikov\u00e1no neuv\u011b\u0159iteln\u00fdch sedm milion\u016f d\u00e1vek.\u00a0<a href=\"https:\/\/www.novinky.cz\/koronavirus\/clanek\/ockovani-proti-covid-19-v-cr-a-ve-svete-40347810\" target=\"_blank\" rel=\"noopener\"><em><strong>Tato tabulka ukazuje<\/strong><\/em><\/a>, kolik je proo\u010dkov\u00e1no populace v tom kter\u00e9m v\u011bkov\u00e9m rozmez\u00ed \u2013 a to jednou nebo dv\u011bma d\u00e1vkami. Vl\u00e1da se u\u017e p\u0159itom p\u0159ipravuje na vakcinaci d\u011bt\u00ed od dvan\u00e1cti let \u2013 m\u00e1 se rozb\u011bhnout v l\u00e9t\u011b. U\u017e je povoleno o\u010dkov\u00e1n\u00ed i pro t\u011bhotn\u00e9 a koj\u00edc\u00ed \u017eeny. Neplnolet\u00ed \u2013 \u0161estn\u00e1ctilet\u00ed \u2013 u\u017e jsem se o tom zmi\u0148oval \u2013 mohou b\u00fdt dokonce vakcinov\u00e1ni bez souhlasu rodi\u010d\u016f. Ale mo\u017en\u00e1 se kv\u016fli tomu roz\u010diluji zbyte\u010dn\u011b \u2013 proto\u017ee i kdyby vakcinace byla souhlasem rodi\u010d\u016f podm\u00edn\u011bna, pak drtiv\u00e1 v\u011bt\u0161ina z nich klidn\u011b sv\u00e9 neplnolet\u00e9 ratolesti na ta jatka po\u0161le. Je to v\u016fbec norm\u00e1ln\u00ed?<\/p>\n<p>Kdybych byl cynik, \u0159eknu si, \u017ee ta hloup\u011bj\u0161\u00ed \u010d\u00e1st n\u00e1roda vym\u0159e. Byli blb\u00ed, dob\u0159e jim tak. Ale takto uva\u017eovat nem\u016f\u017eeme. I ti hloup\u00ed lid\u00e9 \u2013 ve smyslu nep\u0159em\u00fd\u0161liv\u00ed, nekriticky uva\u017euj\u00edc\u00ed, propagand\u011b podl\u00e9haj\u00edc\u00ed, oddan\u011b v\u011b\u0159\u00edc\u00ed vl\u00e1d\u011b a v\u0161emu tomu, co jim vl\u00e1da nabul\u00edkuje, budou t\u00e9to zemi chyb\u011bt. I na \u017eivotech hlup\u00e1k\u016f toti\u017e z\u00e1le\u017e\u00ed. Hlup\u00e1k je hlup\u00e1k, ale nikdo by mu nem\u011bl p\u0159\u00e1t smrt. I hlup\u00e1k si zasluhuje d\u016fstojn\u00fd \u017eivot, ne vl\u00e1dn\u00ed pob\u00eddku do ordinace dr. Mengeleho.<\/p>\n<p>Kdy\u017e \u010dtu zpr\u00e1vy o tom, \u017ee za jeden den dostalo vakc\u00ednu 113 301 lid\u00ed (jako nap\u0159\u00edklad tuto st\u0159edu), m\u00e1m pocit, \u017ee boj je prohran\u00fd. Jen za jeden den jsme p\u0159i\u0161li o dal\u0161\u00ed krajsk\u00e9 m\u011bsto. Takov\u00fd Hradec Kr\u00e1lov\u00e9, kdybychom si to m\u011bli p\u0159edstavit, do p\u00e1r let nejsp\u00ed\u0161e vym\u0159e. N\u011bkte\u0159\u00ed zem\u0159ou po vakc\u00edn\u011b hned, jako nap\u0159\u00edklad jist\u00e1 zn\u00e1m\u00e1 here\u010dka, kterou te\u010f \u010cesko oplak\u00e1v\u00e1 (ale co naplat, byla blb\u00e1, kdy\u017e tam \u0161la), n\u011bkte\u0159\u00ed zem\u0159ou do p\u00e1r let. N\u011bkte\u0159\u00ed mo\u017en\u00e1 nezem\u0159ou, ale jejich po\u0161kozen\u00e1 DNA se bude d\u011bdit, tak\u017ee m\u00e1me zad\u011bl\u00e1no na p\u011bkn\u00fd pr\u016fser. N\u011bkte\u0159\u00ed mo\u017en\u00e1 nebudou moci m\u00edt d\u011bti, nebo jejich d\u011bti nebudou moci m\u00edt d\u011bti, nebo jejich d\u011bti budou t\u011b\u017ece nemocn\u00e9. DNA n\u00e1roda bylo nezvratn\u011b po\u0161kozeno. Sv\u00fdm zp\u016fsobem jsme o ty lidi, kte\u0159\u00ed se nechali \u201eop\u00edchat\u201c, u\u017e p\u0159i\u0161li, i kdy\u017e st\u00e1le je\u0161t\u011b \u017eij\u00ed a n\u011bjak\u00fd \u010das \u017e\u00edt budou. Chod\u00edc\u00ed zombie, kte\u0159\u00ed nev\u011bd\u00ed dne ani hodiny, kdy to s nimi sekne, jako s t\u00edm italsk\u00fdm fotbalistou, co dostal infarkt p\u0159\u00edmo b\u011bhem z\u00e1pasu. M\u016f\u017eeme je odepsat, proto\u017ee \u2013 pokud to v\u016fbec p\u0159e\u017eij\u00ed \u2013 do p\u00e1r let z nich budou trosky. Nejde toti\u017e jen o p\u0159\u00edm\u00e9 ztr\u00e1ty, kter\u00e9 jsme v tomto boji utrp\u011bli (\u010di do p\u00e1r let utrp\u00edme), ale pr\u00e1v\u011b o onu zdecimovanou DNA, kterou si te\u010f budeme p\u0159ed\u00e1vat z generace na generaci.<\/p>\n<p>T\u00edmto zorn\u00fdm \u00fahlem vid\u011bno je t\u0159et\u00ed sv\u011btov\u00e1 v\u00e1lka, ve kter\u00e9 \u017eijeme, hotovou apokalypsou. Za druh\u00e9 sv\u011btov\u00e9 v\u00e1lky tato zem\u011b p\u0159i\u0161la o 365 tis\u00edc lid\u00ed \u2013 25 tis\u00edc voj\u00e1k\u016f, 63 tis\u00edc civilist\u016f a 277 tis\u00edc \u017did\u016f. Proto\u017ee v roce 1939 m\u011bla 10 400 000 obyvatel, \u0161lo o ztr\u00e1tu 3,51 procent populace.<br \/>\nAle te\u010f? Dva miliony lid\u00ed maj\u00ed ukon\u010den\u00e9 o\u010dkov\u00e1n\u00ed. T\u011bch, kte\u0159\u00ed maj\u00ed alespo\u0148 jednu d\u00e1vku, jsou ale miliony. Vl\u00e1da se u\u017e loni v prosinci zav\u00e1zala, \u017ee podle jej\u00edho pl\u00e1nu m\u00e1 b\u00fdt do konce l\u00e9ta proo\u010dkov\u00e1no 55 procent populace. To se evidentn\u011b poda\u0159\u00ed.<\/p>\n<p>Kdy\u017e si uv\u011bdom\u00edme, \u017ee tito lid\u00e9 se nechali nao\u010dkovat nevyzkou\u0161enou l\u00e1tkou, o n\u00ed\u017e nic nev\u011bd\u00ed a kter\u00e1 v mnoha potvrzen\u00fdch p\u0159\u00edpadech zp\u016fsobuje smrt okam\u017eit\u011b nebo alespo\u0148 v st\u0159edn\u011bdob\u00e9m horizontu, pak n\u00e1\u0161 n\u00e1rod letos ve sv\u00e9 podstat\u011b p\u0159i\u0161el o p\u00e1r milion\u016f spoluob\u010dan\u016f. Druh\u00e1 sv\u011btov\u00e1 v\u00e1lka se sv\u00fdmi 3,5 procenty ztr\u00e1t byla ve srovn\u00e1n\u00ed s t\u00edm z\u0159ejm\u011b jen \u201e\u010daj\u00ed\u010dkem\u201c.<\/p>\n<p>Jedin\u00e9, co n\u00e1s snad m\u016f\u017ee ut\u011b\u0161ovat, je to, \u017ee touto redukc\u00ed proch\u00e1zej\u00ed v\u0161echny zem\u011b sv\u011bta, jin\u00fdmi slovy, \u017ee blb\u00ed lid\u00e9 jsou i ve v\u0161ech ostatn\u00edch st\u00e1tech, tak\u017ee \u010cesk\u00e1 republika nebude jedin\u00e1 zdecimovan\u00e1 zem\u011b, ale procentu\u00e1ln\u011b to klesne v\u0161ude. Hor\u0161\u00ed ale je, \u017ee elity se o\u010dkovat nenechaj\u00ed, tak\u017ee jim nebezpe\u010d\u00ed nehroz\u00ed. Kde\u017eto ti, co byli p\u0159irozen\u00fdmi nep\u0159\u00e1teli elit (masy) se v p\u0159\u00ed\u0161t\u00edch n\u011bkolika letech zredukuj\u00ed zhruba na polovinu. Pro elity se tak jejich \u0161ance na p\u0159e\u017eit\u00ed podstatn\u011b zv\u00fd\u0161ily.<\/p>\n<p>P\u016fvodn\u011b jsem cht\u011bl ps\u00e1t o tom, \u017ee volby v \u010cR na podzim z\u0159ejm\u011b nebudou, ale proto\u017ee by tento ned\u011bln\u00edk byl u\u017e moc dlouh\u00fd, nech\u00e1m to na p\u0159\u00ed\u0161t\u00ed. Volby jsou ale jen ban\u00e1ln\u00ed z\u00e1le\u017eitost. To, o \u010dem jsem psal dnes, je mnohem hor\u0161\u00ed. A volby to moc nezm\u011bn\u00ed, i kdyby nakonec byly, proto\u017ee seniory, kte\u0159\u00ed je\u0161t\u011b m\u011bli mozek v hlav\u011b, tato vl\u00e1da zavra\u017edila (nechala je zem\u0159\u00edt nejprve na lockdown a ty, co to p\u0159e\u017eili, pot\u00e9 v domovech pro seniory je\u0161t\u011b pro jistotu povinn\u011b proo\u010dkovala). Na jejich hlasech opravdu z\u00e1le\u017eelo, ale pokud vl\u00e1da vyhl\u00e1s\u00ed dal\u0161\u00ed karant\u00e9ny, na smrt vyd\u011b\u0161en\u00ed d\u016fchodci, kte\u0159\u00ed v\u017edy chodili k volb\u00e1m, z\u016fstanou doma. Vlastenci jako v\u017edy z\u016fstanou doma \u201ez principu\u201c nebo budou volit \u201emen\u0161\u00ed zlo\u201c \u2013 \u0159\u00edzenou opozici SPD. A zbytek? Ten to nah\u00e1z\u00ed t\u011bm hovad\u016fm, co tam te\u010f sed\u00ed a tak p\u0159\u00ed\u0161ern\u011b n\u00e1m vl\u00e1dnou, p\u0159\u00edpadn\u011b t\u011bm druh\u00fdm hovad\u016fm, co se na jejich m\u00edsta klepou, aby \u0159\u00edzenou genocidu n\u00e1roda mohli prov\u00e1d\u011bt (v\u00fdm\u011bnou za prebendy) je\u0161t\u011b brut\u00e1ln\u011bji. A t\u011bch p\u00e1r n\u00e1s, kte\u0159\u00ed mozek v hlav\u011b m\u00e1me a m\u00e1me r\u00e1di svobodu, ale i sv\u00e9 zdrav\u00ed (a proto odm\u00edt\u00e1me jedovat\u00e9 koktejly, po kter\u00fdch v\u00e1m v m\u00edst\u011b vpichu na rameni dr\u017e\u00ed i t\u011b\u017ek\u00fd mobil), to asi nevytrhneme.<\/p>\n<p>Tento boj jsme prohr\u00e1li. A boj\u00edm se, \u017ee jsme prohr\u00e1li i v\u00e1lku\u2026<\/p>\n<p>Omlouv\u00e1m se, \u017ee pro v\u00e1s nem\u00e1m k ned\u011bln\u00edmu ob\u011bdu lep\u0161\u00ed zpr\u00e1vy. Ale n\u011bkter\u00e9 v\u011bci si mus\u00edme \u0159\u00edci na rovinu.<\/p>\n<p><em>Adam B. Barto\u0161, p\u0159edseda N\u00e1rodn\u00ed demokracie<\/em><\/p>\n<p><img decoding=\"async\" loading=\"lazy\" class=\"alignnone size-full wp-image-678\" src=\"http:\/\/www.infokuryr.cz\/n\/wp-content\/uploads\/2021\/04\/narodni_demokracie_logo.jpg\" alt=\"\" width=\"300\" height=\"85\" \/><\/p>\n","protected":false},"excerpt":{"rendered":"<p>NED\u011aLN\u00cdK ADAMA B. BARTO\u0160E (\u010c. 41) I NA \u017dIVOTECH HLUP\u00c1K\u016e Z\u00c1LE\u017d\u00cd. CO KDY\u017d VOLBY NEBUDOU?&#8230;<\/p>\n","protected":false},"author":2,"featured_media":679,"comment_status":"closed","ping_status":"closed","sticky":false,"template":"","format":"standard","meta":[],"categories":[6],"tags":[29,85,27],"_links":{"self":[{"href":"https:\/\/www.infokuryr.cz\/n\/wp-json\/wp\/v2\/posts\/2680"}],"collection":[{"href":"https:\/\/www.infokuryr.cz\/n\/wp-json\/wp\/v2\/posts"}],"about":[{"href":"https:\/\/www.infokuryr.cz\/n\/wp-json\/wp\/v2\/types\/post"}],"author":[{"embeddable":true,"href":"https:\/\/www.infokuryr.cz\/n\/wp-json\/wp\/v2\/users\/2"}],"replies":[{"embeddable":true,"href":"https:\/\/www.infokuryr.cz\/n\/wp-json\/wp\/v2\/comments?post=2680"}],"version-history":[{"count":0,"href":"https:\/\/www.infokuryr.cz\/n\/wp-json\/wp\/v2\/posts\/2680\/revisions"}],"wp:featuredmedia":[{"embeddable":true,"href":"https:\/\/www.infokuryr.cz\/n\/wp-json\/wp\/v2\/media\/679"}],"wp:attachment":[{"href":"https:\/\/www.infokuryr.cz\/n\/wp-json\/wp\/v2\/media?parent=2680"}],"wp:term":[{"taxonomy":"category","embeddable":true,"href":"https:\/\/www.infokuryr.cz\/n\/wp-json\/wp\/v2\/categories?post=2680"},{"taxonomy":"post_tag","embeddable":true,"href":"https:\/\/www.infokuryr.cz\/n\/wp-json\/wp\/v2\/tags?post=2680"}],"curies":[{"name":"wp","href":"https:\/\/api.w.org\/{rel}","templated":true}]}}