{"id":26796,"date":"2023-04-24T05:14:15","date_gmt":"2023-04-24T03:14:15","guid":{"rendered":"http:\/\/www.infokuryr.cz\/n\/?p=26796"},"modified":"2023-04-24T05:14:15","modified_gmt":"2023-04-24T03:14:15","slug":"bio-vyzkum-usa-smrtici-ukrajinska-a-iracka-bakterie","status":"publish","type":"post","link":"https:\/\/www.infokuryr.cz\/n\/2023\/04\/24\/bio-vyzkum-usa-smrtici-ukrajinska-a-iracka-bakterie\/","title":{"rendered":"Bio-v\u00fdzkum USA! Smrt\u00edc\u00ed \u201cukrajinsk\u00e1\u201d a \u201cir\u00e1ck\u00e1\u201d bakterie&#8230;"},"content":{"rendered":"<div id=\"fb-root\"><\/div>\n<h2 class=\"post-title entry-title\">Bio-v\u00fdzkum USA! Smrt\u00edc\u00ed \u201cukrajinsk\u00e1\u201d a \u201cir\u00e1ck\u00e1\u201d bakterie zah\u00e1jily svoji nepl\u00e1novanou invazi z Ukrajiny do Evropy. Ob\u011b bakterie vra\u017eedn\u011b spolupracuj\u00ed s virem COVID-19, a neexistuj\u00ed proti nim \u017e\u00e1dn\u00e1 antibiotika!<\/h2>\n<p>33 000 Evropan\u016f u\u017e ka\u017edoro\u010dn\u011b zem\u0159e po n\u00e1kaze tzv. super-bakteriemi, kter\u00e9 se nyn\u00ed nekontrolovateln\u011b \u0161\u00ed\u0159\u00ed na Ukrajin\u011b! V\u011bhlasn\u00e1 specialistka na l\u00e9\u010den\u00ed t\u011bchto smrteln\u00fdch n\u00e1kaz, doktorka Dos Santos, z berl\u00ednsk\u00e9 univerzitn\u00ed nemocnice Charit\u00e9, \u0161okovala 18. dubna na konferenci v D\u00e1nsku shrom\u00e1\u017ed\u011bn\u00e9 experty\u00a0<a href=\"https:\/\/docs.google.com\/presentation\/d\/1V4S3HU0NWjorfjeOm7zVyNJFC3d7PooW\/edit#slide=id.p1\">v\u011bdeckou p\u0159edn\u00e1\u0161kou zalo\u017eenou na v\u00fdsledc\u00edch jej\u00edho l\u00e9\u010den\u00ed 14 ukrajinsk\u00fdch pacient\u016f<\/a>. Podle doktorky Dos Santos, z 25 izolovan\u00fdch vzork\u016f bakt\u00e9ri\u00ed z t\u011bla zasa\u017een\u00fdch Ukrajinc\u016f, bylo u\u017e 72%, 18 kus\u016f vzork\u016f bakt\u00e9ri\u00ed \u00fapln\u011b imunn\u00edch oproti i t\u011bm posledn\u00edm antibiotik\u016fm nejnov\u011bj\u0161\u00ed generace, kter\u00e1 lidstvu je\u0161t\u011b zb\u00fdvaj\u00ed k l\u00e9\u010den\u00ed napaden\u00fdch osob. Tyto tzv. l\u00e9ky posledn\u00ed z\u00e1chrany, karbapenemy a nov\u011bj\u0161\u00ed cefalosporiny, u\u017e na nejnov\u011bj\u0161\u00ed ukrajinsk\u00e9 bakt\u00e9rie v\u016fbec nezab\u00edraj\u00ed!<\/p>\n<p><img decoding=\"async\" loading=\"lazy\" class=\"wp-image-3913 aligncenter\" src=\"https:\/\/www.michalapetr.com\/wp-content\/uploads\/2023\/04\/Ukrainewarnjuriespresenation.pptx-page-001.jpg\" sizes=\"(max-width: 2000px) 100vw, 2000px\" srcset=\"https:\/\/www.michalapetr.com\/wp-content\/uploads\/2023\/04\/Ukrainewarnjuriespresenation.pptx-page-001.jpg 2000w, https:\/\/www.michalapetr.com\/wp-content\/uploads\/2023\/04\/Ukrainewarnjuriespresenation.pptx-page-001-300x169.jpg 300w, https:\/\/www.michalapetr.com\/wp-content\/uploads\/2023\/04\/Ukrainewarnjuriespresenation.pptx-page-001-1030x579.jpg 1030w, https:\/\/www.michalapetr.com\/wp-content\/uploads\/2023\/04\/Ukrainewarnjuriespresenation.pptx-page-001-768x432.jpg 768w, https:\/\/www.michalapetr.com\/wp-content\/uploads\/2023\/04\/Ukrainewarnjuriespresenation.pptx-page-001-1536x864.jpg 1536w, https:\/\/www.michalapetr.com\/wp-content\/uploads\/2023\/04\/Ukrainewarnjuriespresenation.pptx-page-001-1500x844.jpg 1500w, https:\/\/www.michalapetr.com\/wp-content\/uploads\/2023\/04\/Ukrainewarnjuriespresenation.pptx-page-001-705x397.jpg 705w, https:\/\/www.michalapetr.com\/wp-content\/uploads\/2023\/04\/Ukrainewarnjuriespresenation.pptx-page-001-450x253.jpg 450w\" alt=\"\" width=\"919\" height=\"517\" \/><\/p>\n<p style=\"text-align: center;\"><em>(FOTO: Postupy l\u00e9\u010dby smrt\u00edc\u00edch bakt\u00e9ri\u00ed, na kter\u00e9 nezab\u00edraj\u00ed \u017e\u00e1dn\u00e9 l\u00e9ky,<a href=\"https:\/\/docs.google.com\/presentation\/d\/1V4S3HU0NWjorfjeOm7zVyNJFC3d7PooW\/edit#slide=id.p5\">\u00a0z odborn\u00e9 p\u0159edn\u00e1\u0161ky doktorky Dos Santos o l\u00e9\u010den\u00ed naka\u017een\u00fdch Ukrajinc\u016f v Berl\u00edn\u011b<\/a>.)<\/em><\/p>\n<p>P\u0159\u00ed\u010dinou tohoto nekontrolovateln\u00e9ho \u0161\u00ed\u0159en\u00ed smrt\u00edc\u00edch bakt\u00e9ri\u00ed, na kter\u00e9 nejsou \u017e\u00e1dn\u00e9 l\u00e9ky, je v\u00e1lka na Ukrajin\u011b. Podle anal\u00fdzy n\u011bmeck\u00fdch expert\u016f, na\u0161ly tyto bakt\u00e9rie \u00farodnou p\u016fdu v ukrajinsk\u00fdch poln\u00edch lazaretech a nemocnic\u00edch,\u00a0<a href=\"https:\/\/www.the-microbiologist.com\/news\/warning-graphic-images-war-in-ukraine-fuelling-rise-in-injuries-infected-with-multi-drug-resistant-bacteria\/883.article\">kde zran\u011bn\u00ed \u010dasto cel\u00e9 m\u011bs\u00edce nedost\u00e1vaj\u00ed ani \u00fa\u010dinnou chirurgickou a ani antibiotickou l\u00e9\u010dbu, proto\u017ee chyb\u00ed jak l\u00e9ky, tak person\u00e1l, i steriln\u00ed prostory<\/a>. V t\u011bchto ukrajinsk\u00fdch lazaretech tak bakt\u00e9rie doslova tr\u00e9nuj\u00ed na zran\u011bn\u00fdch nel\u00e9\u010den\u00fdch Ukrajinc\u00edch svou novou smrt\u00edc\u00ed odolnost proti l\u00e9k\u016fm, a po jej\u00edm z\u00edsk\u00e1n\u00ed, se za\u010d\u00ednaj\u00ed nebezpe\u010dn\u011b \u0161\u00ed\u0159it.<\/p>\n<p>Tyto z\u00e1v\u011bry n\u011bmeck\u00fdch expert\u016f potvrzuj\u00ed dal\u0161\u00ed letos zve\u0159ejn\u011bn\u00e9 biologick\u00e9 v\u00fdzkumy prov\u00e1d\u011bn\u00e9 USA v Ir\u00e1ku, a na vlastn\u00edch zran\u011bn\u00fdch voj\u00e1c\u00edch. Podle t\u011bchto v\u00fdzkum\u016f roste vra\u017eedn\u00e1 odolnost bakt\u00e9ri\u00ed zejm\u00e9na na boji\u0161t\u00edch v\u00e1lek. Bylo zji\u0161t\u011bno, \u017ee<a href=\"https:\/\/english.elpais.com\/science-tech\/2023-02-14\/in-iraq-only-bacteria-are-emerging-victorious-from-a-series-of-wars.html\">\u00a0bakt\u00e9rie z\u00edsk\u00e1vaj\u00ed sv\u00e9 smrt\u00edc\u00ed mutace hlavn\u011b d\u00edky vysok\u00e9mu v\u00fdskytu t\u011b\u017ek\u00fdch kov\u016f<\/a>\u00a0v prost\u0159ed\u00ed zasa\u017een\u00e9m v\u00e1lkou. Chrom, m\u011b\u010f, olovo, nikl a zinek se uvol\u0148uj\u00ed z v\u00fdbuch\u016f st\u0159el, a ze zni\u010den\u00fdch d\u011bl a vojensk\u00fdch vozidel. Olovo, rtu\u0165, antimon, baryum a bor, poch\u00e1zej\u00ed z v\u00fdbuch\u016f r\u016fzn\u00fdch n\u00e1lo\u017e\u00ed. Ni\u010den\u00ed budov rovn\u011b\u017e \u0161\u00ed\u0159\u00ed tyto kovy nekontrolovateln\u011b do okoln\u00edho prost\u0159ed\u00ed. Podle americk\u00e9 studie z Vietnamu tyto v\u00e1lkou do prost\u0159ed\u00ed uvoln\u011bn\u00e9 kovy p\u016fsob\u00ed takto des\u00edtky let.<\/p>\n<p>Tis\u00edce americk\u00fdch voj\u00e1k\u016f zran\u011bn\u00fdch ve v\u00e1lk\u00e1ch v Afganist\u00e1nu a Ir\u00e1ku tak p\u0159i\u0161lo o sv\u00e9 kon\u010detiny, ne v d\u016fsledku zran\u011bn\u00ed nep\u0159\u00e1telskou palbou, ale byly jim amputov\u00e1ny, p<a href=\"https:\/\/english.elpais.com\/science-tech\/2023-02-14\/in-iraq-only-bacteria-are-emerging-victorious-from-a-series-of-wars.html\">odle nov\u00e9 zdravotn\u00ed strategie US Arm\u00e1dy, kter\u00e1 byla vyvinuta na z\u00e1klad\u011b zku\u0161enosti<\/a>, \u017ee bakterie a t\u011b\u017ek\u00e9 kovy sm\u00edchan\u00e9 dohromady rychle vytv\u00e1\u0159ej\u00ed smrteln\u00e9 mutace bakt\u00e9ri\u00ed, na kter\u00e9 nefunguj\u00ed \u017e\u00e1dn\u00e9 l\u00e9ky. Tato US metoda je zn\u00e1m\u00e1 jako\u00a0<em>okam\u017eit\u00fd\u00a0<a href=\"https:\/\/www.lecbarany.cz\/odbornik\/typy-lecby\/debridement\">debridement<\/a>\u00a0v poln\u00edch podm\u00ednk\u00e1ch<\/em>! Podle t\u00e9to strategie se zran\u011bn\u00e9mu voj\u00e1kovi okam\u017eit\u011b, a\u017e drasticky,\u00a0 vy\u0159\u00edzne co nejv\u011bt\u0161\u00ed \u010d\u00e1st zasa\u017een\u00e9 tk\u00e1n\u011b, nebo se mu amputuje kon\u010detina, aby byla odd\u011blena zasa\u017een\u00e1 \u010d\u00e1st t\u011bla od zdrav\u00e9, a infekce se v t\u011ble ne\u0161\u00ed\u0159ila. Vlastn\u00ed l\u00e9\u010den\u00ed infekce se pak prov\u00e1d\u00ed a\u017e v nemocnic\u00edch, a po \u00fapln\u00e9m bakteri\u00e1ln\u00edm rozboru. Podle p\u0159izn\u00e1n\u00ed vl\u00e1dy USA se p\u0159es p\u0159ijat\u00e1 drastick\u00e1 opat\u0159en\u00ed debridement\u00a0<a href=\"https:\/\/www.ncbi.nlm.nih.gov\/pmc\/articles\/PMC5867509\/\">a\u017e u jedn\u00e9 t\u0159etiny americk\u00fdch bojov\u00fdch ob\u011bt\u00ed z Ir\u00e1ku a z Afgh\u00e1nist\u00e1nu rozvinuly b\u011bhem po\u010d\u00e1te\u010dn\u00ed hospitalizace tyto nebezpe\u010dn\u00e9 infekce zmutovan\u00fdch smrteln\u00fdch bakt\u00e9ri\u00ed<\/a>.<\/p>\n<p>P\u0159es drastick\u00e1 opat\u0159en\u00ed vl\u00e1dy USA proti sv\u00fdm vlastn\u00edm zran\u011bn\u00fdm voj\u00e1k\u016fm, (debridement),\u00a0 kter\u00fdmi se USA sna\u017eily zabr\u00e1nit zavle\u010den\u00ed t\u011bchto zmutovan\u00fdch odoln\u00fdch smrt\u00edc\u00edch bakt\u00e9ri\u00ed na sv\u00e9 vlastn\u00ed \u00fazem\u00ed, kdy\u017e zran\u011bn\u00e9 voj\u00e1ky transportovaly do americk\u00fdch nemocnic k l\u00e9\u010den\u00ed,\u00a0<a href=\"https:\/\/www.ncbi.nlm.nih.gov\/pmc\/articles\/PMC5867509\/\">se nepoda\u0159ilo zastavit invazi t\u011bchto ob\u00e1van\u00fdch zmutovan\u00fdch bakt\u00e9ri\u00ed<\/a>, zejm\u00e9na\u00a0\u00a0<i>Staphylococcus aureus<\/i>,\u00a0<i>Pseudomonas aeruginosa<\/i>,\u00a0<i>Klebsiella pneumoniae,\u00a0<\/i>a hlavn\u011b nejob\u00e1van\u011bj\u0161\u00ed ze v\u0161ech,\u00a0<a href=\"https:\/\/en.wikipedia.org\/wiki\/Acinetobacter_baumannii\"><i>Acinetobacter baumannii<\/i><\/a>. T\u00e9 se v USA p\u0159ezd\u00edv\u00e1 ir\u00e1ck\u00e1 bakt\u00e9rie a do nemocnic v\u00a0<a href=\"https:\/\/www.ncbi.nlm.nih.gov\/pmc\/articles\/PMC5867509\/\">USA se roz\u0161\u00ed\u0159ila se zran\u011bn\u00fdmi voj\u00e1ky z Ir\u00e1ku<\/a>. Jej\u00ed nebezpe\u010dnost se projevila zejm\u00e9na p\u0159i pandemii COVID-19, kdy byla \u010dasto v\u00a0<a href=\"https:\/\/www.mdpi.com\/2076-0817\/10\/3\/373\">nemocnic\u00edch u pacient\u016f sou\u010dasn\u011b identifikov\u00e1na n\u00e1kaza<\/a>\u00a0COVID i Acinetobacter baumannii. Tyto nov\u00e9 zmutovan\u00e9 bakterie nel\u00e9\u010diteln\u00e9 \u017e\u00e1dn\u00fdmi l\u00e9ky tak zamo\u0159uj\u00ed nemocnice, a napadaj\u00ed zejm\u00e9na pacienty s oslabenou imunitou, tedy typicky po operac\u00edch, po l\u00e9\u010den\u00ed rakovin, nebo po transplantac\u00edch. Hroz\u00ed tak, jak zd\u016fraznila doktorka Dos Santos na z\u00e1klad\u011b sv\u00fdch zku\u0161enost\u00ed s l\u00e9\u010den\u00edm ukrajinsk\u00fdch zran\u011bn\u00fdch, \u017ee budouc\u00ed l\u00e9\u010dba evropsk\u00fdch pacient\u016f t\u011bmito ukrajinsk\u00fdmi zmutovan\u00fdmi bakt\u00e9riemi naka\u017een\u00fdch Evropan\u016f, typicky pacient\u016f a\u017e sekund\u00e1rn\u011b naka\u017een\u00fdch v nemocnic\u00edch, jako se d\u011blo v USA p\u0159i pandemii COVID, bude extr\u00e9mn\u011b finan\u010dn\u011b, profesion\u00e1ln\u011b i technicky n\u00e1ro\u010dn\u00e1, a m\u016f\u017ee tak zcela zdecimovat evropsk\u00e9 zdravotnictv\u00ed, pokud se \u0161\u00ed\u0159en\u00ed t\u011bchto bakt\u00e9ri\u00ed z Ukrajiny vymkne kontrole.<\/p>\n<p><a href=\"https:\/\/www.the-microbiologist.com\/news\/warning-graphic-images-war-in-ukraine-fuelling-rise-in-injuries-infected-with-multi-drug-resistant-bacteria\/883.article\">Pro p\u0159edstavu: Z textu p\u0159edn\u00e1\u0161ky DOS SANTOS<\/a>:\u00a0<em>Empirick\u00e1 l\u00e9\u010dba zahrnovala kombinaci antibiotik kolistinu, meropenemu a vankomycinu. Radik\u00e1ln\u00edch chirurgick\u00fd debridement (odstran\u011bn\u00ed odum\u0159el\u00e9 [nekrotick\u00e9] kosti a m\u011bkk\u00fdch tk\u00e1n\u00ed). Rekonstrukci m\u011bkk\u00fdch tk\u00e1n\u00ed. Rekonstruk\u010dn\u00ed chirurgii ke stabilizaci a spojen\u00ed konc\u016f zlomen\u00e9 kosti a kloubu n\u00e1hradn\u00ed chirurgie. B\u0159i\u0161n\u00ed chirurgii. Or\u00e1ln\u00ed a\u00a0<a href=\"https:\/\/cs.wikipedia.org\/wiki\/Maxilofaci%C3%A1ln%C3%AD_chirurgie\">maxilofaci\u00e1ln\u00ed<\/a>\u00a0chirurgii. To v\u0161e m\u00e1 za n\u00e1sledek dlouh\u00e9 pobyty v nemocnici<\/em>.<\/p>\n<p>Pokud slova doktorky Dos Santos srovn\u00e1te s \u00fadaji z Bio studi\u00ed proveden\u00fdch vl\u00e1dou USA, tak\u00a0 snadno domysl\u00edte, \u017ee si komplikovan\u011b zlom\u00edte kost p\u0159i p\u00e1du na zledovat\u011bl\u00e9m chodn\u00edku, a \u017ee v nemocnici se p\u0159i l\u00e9\u010den\u00ed t\u00e9to zlomeniny nakaz\u00edte n\u011bjakou tou ir\u00e1ckou nebo ukrajinskou bakt\u00e9ri\u00ed. Nastane pak nejen boj o hol\u00fd \u017eivot, a mo\u017en\u00e1 p\u0159ijdete i o nohu.\u00a0<a href=\"https:\/\/www.mdpi.com\/2076-0817\/10\/3\/373\">Ale n\u00e1klady Va\u0161\u00ed l\u00e9\u010dby vzrostou n\u011bkolikan\u00e1sobn\u011b.<\/a>\u00a0 A to u\u017e te\u010f Fialova vl\u00e1da nedok\u00e1\u017ee, ani\u00a0<a href=\"https:\/\/www.parlamentnilisty.cz\/arena\/monitor\/Co-kdyby-Cina-nedodala-Evrope-leky-Sef-Motola-nema-dobre-zpravy-734943\">zajistit l\u00e9ky<\/a>, ani nem\u00e1 na\u00a0<a href=\"https:\/\/www.michalapetr.com\/map-1599-fialova-zdravotni-diktatura-plan-jak-pomoci-financnich-trestu-vyzdimat-stare-chude-nemocne-a-odpirace-vladni-mediciny-je-tady\/\">l\u00e9\u010den\u00ed pacient\u016f a chce pokutovat nemocn\u00e9<\/a>, ani nem\u00e1 na<a href=\"https:\/\/www.echo24.cz\/a\/HsWDC\/zpravy-ekonomika-odbory-zadaji-vyssi-platy-jurecka-nevidi\">\u00a0mzdy pro zdravotn\u00ed a l\u00e9ka\u0159sk\u00fd person\u00e1l nemocnic a ordinac\u00ed<\/a>, ani nem\u00e1 na\u00a0<a href=\"https:\/\/www.ceskenoviny.cz\/zpravy\/2306132\">pot\u0159ebnou modernizaci nemocnic<\/a>! Jednozna\u010dn\u011b se tak ukazuje, \u017ee v\u00e1lka na Ukrajin\u011b u\u017e te\u010f ohro\u017euje na\u0161\u00ed existenci, a jestli my budeme m\u00edt probl\u00e9my s ukrajinsk\u00fdmi bakteriemi, tak z Ruska se budou tyto bakt\u00e9rie \u0161\u00ed\u0159it t\u00edm sp\u00ed\u0161!<\/p>\n<p>Fialov\u00e9 pl\u00e1ny jsou prost\u00e9 \u2013 miliardy ze st\u00e1tn\u00edho rozpo\u010dtu jsou jen na platy politik\u016f, policist\u016f, voj\u00e1k\u016f, u\u010ditel\u016f, um\u011blc\u016f, a na zbran\u011b! Nen\u00ed to asi \u017e\u00e1dn\u00e1 n\u00e1hoda.\u00a0Fiala se toti\u017e chov\u00e1 p\u0159esn\u011b podle pl\u00e1nu,\u00a0<a href=\"https:\/\/t.me\/Andrey_Piontkovsky\/292\">kter\u00fd zve\u0159ejnil v\u010dera Andrej Piontkovskij<\/a>. To je velmi zaj\u00edmav\u00e1 osoba. Je to ve Washingtonu \u017eij\u00edc\u00ed Rus ve slu\u017eb\u00e1ch Kyjeva<a href=\"https:\/\/www.irozhlas.cz\/komentare\/valka-na-ukrajine-ruska-agrese-vladimir-putin_2301050630_ara\">\u00a0vyd\u00e1van\u00fd\u00a0<\/a>\u010cesk\u00fdm rozhlasem za zn\u00e1m\u00e9ho analytika. Podle jeho pl\u00e1nu, m\u00e1 v p\u0159\u00edpad\u011b, \u017ee se nadch\u00e1zej\u00edc\u00ed ukrajinsk\u00e1 ofenz\u00edva nepovede, a nebo neuskute\u010dn\u00ed, jak se o\u010dek\u00e1v\u00e1, a v\u00e1lka na Ukrajin\u011b se stane vleklou, do n\u00ed aktivn\u011b vstoupit 6 zem\u00ed NATO!\u00a0Do v\u00e1lky m\u00e1 t\u011bchto 6 zem\u00ed NATO vstoupit, proto\u017ee je to ot\u00e1zka \u017eivota a smrti t\u011bchto n\u00e1rod\u016f! Piontkovskij vyd\u00e1v\u00e1 anal\u00fdzy v\u0161eho druhu, v lednu tvrdil, \u017ee Ukrajina letos vy\u017eene Rusy ze sv\u00e9ho \u00fazem\u00ed,\u00a0<a href=\"https:\/\/cnn.iprima.cz\/putinuv-rezim-se-zhrouti-rika-rusky-publicista-ukrajincum-pomuze-zbran-viteztvi-201522\">v \u00fanoru tvrdil<\/a>, \u017ee Ukrajina u\u017e v kv\u011btnu vy\u017eene Rusy ze sv\u00e9ho \u00fazem\u00ed,\u00a0<a href=\"https:\/\/www.irozhlas.cz\/komentare\/valka-na-ukrajine-ruska-agrese-vladimir-putin_2301050630_ara\">a te\u010f tvrd\u00ed<\/a>, \u017ee jenom vstup 6 zem\u00ed NATO do v\u00e1lky na Ukrajin\u011b zachr\u00e1n\u00ed Ukrajinu a pobaltsk\u00e9 zem\u011b, Finsko, Polsko a Velkou Brit\u00e1nii p\u0159ed ruskou asimilac\u00ed. Ov\u0161em posun v jeho anal\u00fdz\u00e1ch je z\u0159eteln\u011b od v\u00edt\u011bzstv\u00ed k por\u00e1\u017ece, kterou odvr\u00e1t\u00ed jen intervence zem\u00ed NATO na Ukrajin\u011b! Jeho slovn\u00edk je podez\u0159ele stejn\u00fd jako slovn\u00edk n\u00e1\u010deln\u00edka gener\u00e1ln\u00edho \u0161t\u00e1bu A\u010cR \u0158ehky, ten tak\u00e9 neust\u00e1le varuje,\u00a0<a href=\"https:\/\/ct24.ceskatelevize.cz\/domaci\/3560153-rehka-dvouprocentni-vydaje-na-obranu-jsou-odrazovym-mustkem\">\u017ee Ukrajina bude pora\u017eena, pokud j\u00ed NATO v\u00edce nepom\u016f\u017ee<\/a>.<\/p>\n<p>Zat\u00edmco Evropa se \u0159\u00edt\u00ed jako Titanic do katastrofy nev\u00eddan\u00fdch rozm\u011br\u016f, v Europarlamentu se chlast\u00e1, tan\u010d\u00ed, sexuje, a po\u0159\u00e1daj\u00ed se tam dokonce no\u010dn\u00ed p\u011bstn\u00ed souboje mezi opil\u00fdmi Europoslanci a Eurokraty! Ze zpr\u00e1vy zvl\u00e1\u0161tn\u00edch pozorovatel\u016f no\u010dn\u00edho \u017eivota euro-politik\u016f ve \u0160trasburku je jasn\u00e9, \u017ee papal\u00e1\u0161sk\u00e9 man\u00fdry turistick\u00e9 spole\u010dnosti\u00a0 Pekarov\u00e9 \u2013 Adamov\u00e9, (TOP-09), kter\u00e9 se naplno projevily p\u0159i slavn\u00e9m alkoholick\u00e9m letu na Tchaj-wan a zp\u011bt, se v \u010cesku, od doby vl\u00e1dy kmotr\u016f ODS, neobjevily zase zp\u00e1tky jen tak n\u00e1hodou. Tentokr\u00e1te dokonce\u00a0hrozilo nouzov\u00e9 p\u0159ist\u00e1n\u00ed vl\u00e1dn\u00edho letadla v Kambod\u017ei. A to proto, \u017ee kandid\u00e1t na \u00fastavn\u00edho soudce,\u00a0<a href=\"https:\/\/www.denik.cz\/z_domova\/petr-pavel-zive-jmenovani-ustavnich-soudcu-benda.html\">podporovan\u00fd prezidentem Petrem Pavlem<\/a>, na znamen\u00ed sv\u00e9ho v\u00fdjime\u010dn\u00e9ho postaven\u00ed mezi vybran\u00fdmi papal\u00e1\u0161i, kte\u0159\u00ed p\u0159i letu chlastali jako o \u017eivot,\u00a0<a href=\"https:\/\/www.seznamzpravy.cz\/clanek\/domaci-zivot-v-cesku-do-letadla-nepatri-ani-e-cigarety-rikaji-experti-k-bendove-koureni-za-letu-229673\">dokonce kou\u0159il v letadle zak\u00e1zanou e-cigaretu<\/a>, aby v\u0161em uk\u00e1zal, co od n\u011bj, jako od soudce \u00dastavn\u00edho soudu, lze o\u010dek\u00e1vat za respekt k z\u00e1kon\u016fm! Vrchol v\u0161emu tomu pohrdav\u00e9mu nad\u0159azov\u00e1n\u00ed se \u010desk\u00fdch elit v\u016f\u010di oby\u010dejn\u00fdm lidem bojuj\u00edc\u00edm s b\u00eddou\u00a0<a href=\"https:\/\/www.parlamentnilisty.cz\/arena\/monitor\/Pekarova-misto-uspor-roztocila-miliony-Kdyz-o-tom-napsali-prisla-ze-snemovny-vyhruzka-soudem-734854\">uk\u00e1zala nejl\u00e9pe op\u011bt samotn\u00e1 Mark\u00e9ta-Antoinetta<\/a>. Ta si za\u010dala nech\u00e1vat serv\u00edrovat vybran\u00e9 pochutiny z parlamentn\u00ed restaurace na st\u0159\u00edbrn\u00fdch podnosech p\u0159\u00edmo do sv\u00e9ho budo\u00e1ru, aby ji nikdo z oby\u010dejn\u00fdch smrteln\u00edk\u016f, tedy oby\u010dejn\u00fdch poslanc\u016f \u010cR, p\u0159i jej\u00edch labu\u017enick\u00fdch hodech neru\u0161il. No\u010dn\u00ed alkoholov\u00e9 orgie poslanc\u016f Europarlamentu podle zpr\u00e1vy pozorovatel\u016f\u00a0<a href=\"https:\/\/www.politico.eu\/article\/flaming-cocktails-meps-get-punched-eu-parliament-hits-town\/\">kon\u010d\u00ed ve 04.00 r\u00e1no. A to u\u017e v 09.00 za\u010d\u00ednaj\u00ed zased\u00e1n\u00ed<\/a>, p\u0159i kter\u00fdch se schvaluj\u00ed na\u0159\u00edzen\u00ed Green Deal, z\u00e1kazy spalovac\u00edch motor\u016f, z\u00e1kazy hnojiv, \u010di povinn\u00e9 p\u0159erozd\u011blov\u00e1n\u00ed africk\u00fdch uprchl\u00edk\u016f. Je z\u00e1kladn\u00ed ot\u00e1zkou pro \u010cechy, zda jsou v\u016fbec tato na\u0159\u00edzen\u00ed pr\u00e1voplatn\u00e1, kdy\u017e byla schv\u00e1lena pod vlivem n\u00e1vykov\u00fdch l\u00e1tek. Podle zpr\u00e1vy jsou po cel\u00e9m \u0160trasburku tajn\u00e1 opileck\u00e1 doupata s tajn\u00fdmi dve\u0159mi ur\u010den\u00e1 v\u00fdhradn\u011b pro Euro-politiky a Euro-\u00fa\u0159edn\u00edky. B\u011b\u017en\u00e9 jsou pr\u00fd i no\u010dn\u00ed sexu\u00e1ln\u00ed \u00fatoky poslanc\u016f na \u00fa\u0159edn\u00edky a rva\u010dky. Praha m\u00e1 sice v tomto sm\u011bru oproti \u0160trasburku a Bruselu je\u0161t\u011b co doh\u00e1n\u011bt. Ale pod fialovou kuratelou ODS se jist\u011b\u00a0<a href=\"https:\/\/zpravy.aktualne.cz\/domaci\/kmotri-ods-tise-ovlivnuji-nova-ministerstva-vcetne-vv\/r~i:article:678145\/\">brzy b\u00fdval\u00e9 papal\u00e1\u0161sk\u00e9 man\u00fdry kmotr\u016f ODS<\/a>\u00a0do \u010desk\u00e9 metropole vr\u00e1t\u00ed!<\/p>\n<p>Co zb\u00fdv\u00e1:\u00a0<a href=\"https:\/\/vltava.news\/cl.php?cl=1_kvetna_demonstrace_za_mir_na_vitkove_pojdme_se_nebat\">T\u0159eba 1. kv\u011btna pochodovat z n\u00e1m\u011bst\u00ed Republiky na V\u00edtkov, a domluvit se spole\u010dn\u011b, jak na Fialu!<\/a><\/p>\n<p><a href=\"https:\/\/www.michalapetr.com\/map-1658-bio-vyzkum-usa-smrtici-ukrajinska-a-iracka-bakterie-zahajily-svoji-neplanovanou-invazi-z-ukrajiny-do-evropy-obe-bakterie-vrazedne-spolupracuji-s-virem-covid-19-a-neexistuji-proti-n\/\">Michael Svato\u0161<\/a><\/p>\n<p>&nbsp;<\/p>\n<p>&nbsp;<\/p>\n<p><img decoding=\"async\" loading=\"lazy\" class=\"wp-image-19187 aligncenter\" src=\"http:\/\/www.infokuryr.cz\/n\/wp-content\/uploads\/2022\/12\/1-PRO-300x36.jpg\" alt=\"\" width=\"1258\" height=\"151\" srcset=\"https:\/\/www.infokuryr.cz\/n\/wp-content\/uploads\/2022\/12\/1-PRO-300x36.jpg 300w, https:\/\/www.infokuryr.cz\/n\/wp-content\/uploads\/2022\/12\/1-PRO.jpg 699w\" sizes=\"(max-width: 1258px) 100vw, 1258px\" \/><\/p>\n<p>&nbsp;<\/p>\n<p>&nbsp;<\/p>\n<p>&nbsp;<\/p>\n","protected":false},"excerpt":{"rendered":"<p>Bio-v\u00fdzkum USA! Smrt\u00edc\u00ed \u201cukrajinsk\u00e1\u201d a \u201cir\u00e1ck\u00e1\u201d bakterie zah\u00e1jily svoji nepl\u00e1novanou invazi z Ukrajiny do Evropy&#8230;.<\/p>\n","protected":false},"author":2,"featured_media":11050,"comment_status":"closed","ping_status":"closed","sticky":false,"template":"","format":"standard","meta":[],"categories":[6],"tags":[898,1042,4417,26,1820],"_links":{"self":[{"href":"https:\/\/www.infokuryr.cz\/n\/wp-json\/wp\/v2\/posts\/26796"}],"collection":[{"href":"https:\/\/www.infokuryr.cz\/n\/wp-json\/wp\/v2\/posts"}],"about":[{"href":"https:\/\/www.infokuryr.cz\/n\/wp-json\/wp\/v2\/types\/post"}],"author":[{"embeddable":true,"href":"https:\/\/www.infokuryr.cz\/n\/wp-json\/wp\/v2\/users\/2"}],"replies":[{"embeddable":true,"href":"https:\/\/www.infokuryr.cz\/n\/wp-json\/wp\/v2\/comments?post=26796"}],"version-history":[{"count":0,"href":"https:\/\/www.infokuryr.cz\/n\/wp-json\/wp\/v2\/posts\/26796\/revisions"}],"wp:featuredmedia":[{"embeddable":true,"href":"https:\/\/www.infokuryr.cz\/n\/wp-json\/wp\/v2\/media\/11050"}],"wp:attachment":[{"href":"https:\/\/www.infokuryr.cz\/n\/wp-json\/wp\/v2\/media?parent=26796"}],"wp:term":[{"taxonomy":"category","embeddable":true,"href":"https:\/\/www.infokuryr.cz\/n\/wp-json\/wp\/v2\/categories?post=26796"},{"taxonomy":"post_tag","embeddable":true,"href":"https:\/\/www.infokuryr.cz\/n\/wp-json\/wp\/v2\/tags?post=26796"}],"curies":[{"name":"wp","href":"https:\/\/api.w.org\/{rel}","templated":true}]}}