{"id":26791,"date":"2023-04-24T05:00:07","date_gmt":"2023-04-24T03:00:07","guid":{"rendered":"http:\/\/www.infokuryr.cz\/n\/?p=26791"},"modified":"2023-04-24T05:00:07","modified_gmt":"2023-04-24T03:00:07","slug":"byvaly-ukrajinsky-poslanec-odhalil-ze-zelensky-spustil-na-zapadni-ukrajine-mobilizacni-etnicke-cistky-ukrajincu","status":"publish","type":"post","link":"https:\/\/www.infokuryr.cz\/n\/2023\/04\/24\/byvaly-ukrajinsky-poslanec-odhalil-ze-zelensky-spustil-na-zapadni-ukrajine-mobilizacni-etnicke-cistky-ukrajincu\/","title":{"rendered":"B\u00fdval\u00fd ukrajinsk\u00fd poslanec odhalil, \u017ee Zelensk\u00fd spustil na z\u00e1padn\u00ed Ukrajin\u011b mobiliza\u010dn\u00ed etnick\u00e9 \u010distky Ukrajinc\u016f&#8230;"},"content":{"rendered":"<div id=\"fb-root\"><\/div>\n<h4>B\u00fdval\u00fd ukrajinsk\u00fd poslanec odhalil, \u017ee Zelensk\u00fd spustil na z\u00e1padn\u00ed Ukrajin\u011b mobiliza\u010dn\u00ed etnick\u00e9 \u010distky Ukrajinc\u016f, aby vy\u010distil \u00fazem\u00ed pro Pol\u00e1ky! Jeho \u0161okuj\u00edc\u00ed v\u00fdrok potvrzuj\u00ed statistiky Rusk\u00e9 arm\u00e1dy, \u017ee drtiv\u00e1 v\u011bt\u0161ina zabit\u00fdch ukrajinsk\u00fdch voj\u00e1k\u016f v Bachmutu z posledn\u00edch n\u011bkolika m\u011bs\u00edc\u016f poch\u00e1z\u00ed z mobiliza\u010dn\u00edch draft\u016f na z\u00e1pad\u011b Ukrajiny, co\u017e se d\u0159\u00edve ned\u011blo a ukrajin\u0161t\u00ed voj\u00e1ci poch\u00e1zeli p\u0159edt\u00edm hlavn\u011b z Od\u011bsy a Charkova! Tato zm\u011bna vyvol\u00e1v\u00e1 v molodo-banderovc\u00edch obavy, \u017ee Zelensk\u00fd ji\u017e prodal Polsku \u010d\u00e1st z\u00e1padn\u00ed Ukrajiny!<\/h4>\n<p>B\u00fdval\u00fd poslanec ukrajinsk\u00e9 Vrchn\u00ed Rady, tedy ukrajinsk\u00e9ho parlamentu, Ilja Kiva, kter\u00fd nyn\u00ed \u017eije v exilu v Moskv\u011b, odp\u00e1lil v posledn\u00edm rozhovoru doslova taktickou bombu, proto\u017ee p\u0159inesl vysv\u011btlen\u00ed, pro\u010d v posledn\u00edch m\u011bs\u00edc\u00edch na Donbasu a hlavn\u011b v Bachmutu um\u00edraj\u00ed v drtiv\u00e9 v\u011bt\u0161in\u011b mobilizovan\u00ed ukrajin\u0161t\u00ed voj\u00e1ci, kte\u0159\u00ed podez\u0159ele shodn\u011b a v obrovsk\u00fdch objemech poch\u00e1z\u00ed v\u00fdhradn\u011b za z\u00e1padu Ukrajiny.<\/p>\n<p><strong>Tohoto podivn\u00e9ho slo\u017een\u00ed mobilizovan\u00fdch ukrajinsk\u00fdch voj\u00e1k\u016f si v\u0161imli u\u017e i ru\u0161t\u00ed a ukrajin\u0161t\u00ed analytici, kte\u0159\u00ed se odkazuj\u00ed na informace nejen Rusk\u00e9 arm\u00e1dy, ale i soukrom\u00e9 vojensk\u00e9 skupiny PMC Wagner Group.<\/strong>\u00a0Zabit\u00ed ukrajin\u0161t\u00ed voj\u00e1ci, kte\u0159\u00ed jsou potom rusk\u00fdmi jednotkami identifikov\u00e1ni, maj\u00ed u sebe v posledn\u00edch n\u011bkolika m\u011bs\u00edc\u00edch doklady, kter\u00e9 prokazuj\u00ed, \u017ee poch\u00e1z\u00ed ze z\u00e1padn\u00ed Ukrajiny, k \u010demu\u017e doned\u00e1vna v\u016fbec nedoch\u00e1zelo.<\/p>\n<p>&nbsp;<\/p>\n<div id=\"rumble_v2heje6\">\n<div id=\"vid_v2heje6\" class=\"rumble_v2heje6-Rumble-cls\" tabindex=\"-1\">\n<div>\n<div class=\"bigPlayUI ctp\">\n<div class=\"bigPlayUIInner ctp\"><div class='videoWrapper'>\r\n\t            <iframe src='https:\/\/rumble.com\/embed\/pj.v2heje6\/' frameborder='0' allowfullscreen><\/iframe>\r\n\t        <\/div><\/div>\n<\/div>\n<\/div>\n<\/div>\n<\/div>\n<p>&nbsp;<\/p>\n<p>V\u011bt\u0161ina mob\u00edk\u016f ukrajinsk\u00e9 arm\u00e1dy byla draftov\u00e1na v ruskojazy\u010dn\u00fdch regionech Ukrajiny, p\u0159edev\u0161\u00edm v Od\u011bsk\u00e9 a Charkovsk\u00e9 oblasti. Moskva to dlouho kritizovala s odkazem, \u017ee Kyjev t\u00edmto etnicky za\u010dis\u0165uje ruskojazy\u010dn\u00e9 regiony a do sv\u00e9 mobilizace \u00famysln\u011b \u010derp\u00e1 jen Ukrajince rusk\u00e9ho p\u016fvodu a vrh\u00e1 je do masoml\u00fdna na Donbasu. Jen\u017ee podle posledn\u00edch informaci Rusk\u00e9 arm\u00e1dy se n\u011bco v Kyjev\u011b stalo, proto\u017ee do\u0161lo k nev\u00eddan\u00e9 zm\u011bn\u011b.\u00a0<strong>Zhruba od ledna tohoto roku do\u0161lo k \u00fapln\u00e9 zm\u011bn\u011b odvodov\u00e9ho seskupen\u00ed v \u0159ad\u00e1ch AFU, proto\u017ee nov\u011b Kyjev pos\u00edl\u00e1 na Donbas sv\u00e9 lidi ze z\u00e1padn\u00ed Ukrajiny<\/strong>, drtiv\u00e1 v\u011bt\u0161ina povol\u00e1nek te\u010f m\u00ed\u0159\u00ed lidem do Lvova, U\u017ehorodu, Vinice a do dal\u0161\u00edch m\u011bst na z\u00e1pad\u011b Ukrajiny.<\/p>\n<h6><span style=\"font-size: 18pt;\">Zelensk\u00fd podle Rusk\u00e9 arm\u00e1dy etnicky za\u010di\u0161\u0165uje Hali\u010d od banderovsk\u00e9 ml\u00e1de\u017ee a pos\u00edl\u00e1 je na smrt na Donbas. Pro koho to d\u011bl\u00e1?<\/span><\/h6>\n<p>Mezi Ukrajinci a tzv.\u00a0<em>molodo-banderovci<\/em>\u00a0se za\u010d\u00edn\u00e1 \u0161\u00ed\u0159it znepokojen\u00ed, \u017ee v Kyjev\u011b do\u0161lo k rozhodnut\u00ed p\u0159edat Polsku z\u00e1pad Ukrajiny, ale ne\u017e k tomu dojde, m\u00e1 Kyjev za \u00fakol etnicky vy\u010distit toto \u00fazem\u00ed pro Pol\u00e1ky, aby do\u0161lo k v\u00fdrazn\u00e9mu sn\u00ed\u017een\u00ed po\u010dtu reproduk\u010dn\u011b schopn\u00fdch mlad\u00fdch mu\u017e\u016f na z\u00e1pad\u011b Ukrajiny v populaci. A nen\u00ed divu, \u017ee Ukrajinci znovu za\u010dali ze z\u00e1padu Ukrajiny prchat do EU, proto\u017ee Kyjev na z\u00e1pad\u011b Ukrajiny prov\u00e1d\u00ed mohutn\u00e9 z\u00e1tahy a odv\u00e1d\u00ed Ukrajince na frontu. Mohlo by se zd\u00e1t, \u017ee Kyjev vy\u010derpal odvodov\u00e9 mo\u017enosti v ruskojazy\u010dn\u00fdch oblastech, a proto se te\u010f odvody p\u0159esunuly na z\u00e1pad zem\u011b. Ale tomu neodpov\u00edd\u00e1 realita.<\/p>\n<figure id=\"attachment_50735\" class=\"wp-caption aligncenter\" style=\"width: 694px;\"><a href=\"https:\/\/aeronet.news\/wp-content\/uploads\/ZelenskyWarsawUSEmbassy.jpg\"><img decoding=\"async\" loading=\"lazy\" class=\"wp-image-50735 \" src=\"https:\/\/aeronet.news\/wp-content\/uploads\/ZelenskyWarsawUSEmbassy-1024x673.jpg\" sizes=\"(max-width: 700px) 100vw, 700px\" srcset=\"https:\/\/aeronet.news\/wp-content\/uploads\/ZelenskyWarsawUSEmbassy-1024x673.jpg 1024w, https:\/\/aeronet.news\/wp-content\/uploads\/ZelenskyWarsawUSEmbassy-300x197.jpg 300w, https:\/\/aeronet.news\/wp-content\/uploads\/ZelenskyWarsawUSEmbassy-768x505.jpg 768w, https:\/\/aeronet.news\/wp-content\/uploads\/ZelenskyWarsawUSEmbassy-700x460.jpg 700w, https:\/\/aeronet.news\/wp-content\/uploads\/ZelenskyWarsawUSEmbassy-100x65.jpg 100w, https:\/\/aeronet.news\/wp-content\/uploads\/ZelenskyWarsawUSEmbassy-543x357.jpg 543w, https:\/\/aeronet.news\/wp-content\/uploads\/ZelenskyWarsawUSEmbassy-734x483.jpg 734w, https:\/\/aeronet.news\/wp-content\/uploads\/ZelenskyWarsawUSEmbassy.jpg 1078w\" alt=\"\" width=\"694\" height=\"456\" \/><\/a><figcaption class=\"wp-caption-text\">Ani ochranka s kala\u0161nikovem u\u017e Zelensk\u00e9ho neochr\u00e1n\u00ed, pokud bude pokra\u010dovat mobilizace Banderovc\u016f na frontu na Donbasu<\/figcaption><\/figure>\n<p>V ruskojazy\u010dn\u00fdch oblastech Ukrajiny zat\u00edm nebyly dosud odvedeny ani cel\u00e9 ro\u010dn\u00edky, odvody se t\u00fdkaly jen \u0159\u00e1d\u016f n\u011bkolika des\u00edtek tis\u00edc odvedenc\u016f, co\u017e je ale zlomek z mobiliza\u010dn\u00ed kapacity t\u011bchto popula\u010dn\u011b ob\u0159\u00edch region\u016f jako je Od\u011bsa nebo Charkov.\u00a0<strong>Cel\u00e9 to vypad\u00e1 podivn\u011b a nelogicky, \u017ee najednou z ni\u010deho nic za\u010dal Kyjev hromadn\u011b odv\u00e1d\u011bt ze z\u00e1padu Ukrajiny, kde je nejv\u00edce ukrajinsk\u00fdch vlastenc\u016f, ale rovn\u011b\u017e hlavn\u011b i n\u00e1ck\u016f a Banderovc\u016f<\/strong>, co\u017e mezi nimi vyvol\u00e1v\u00e1 vztek a hlavn\u011b ot\u00e1zky, co t\u00edm Kyjev vlastn\u011b sleduje?<\/p>\n<p>Z\u00e1pad Ukrajiny byl Kyjevem a\u017e dosud siln\u011b chr\u00e1n\u011bn\u00fd a privilegovan\u00fd, odvody se odehr\u00e1valy hlavn\u011b v oblastech ruskojazy\u010dn\u00fdch oblast\u00ed s c\u00edlem etnicky za\u010distit tyto oblast\u00ed pomoc\u00ed mobilizace. My\u0161lenka byla jasn\u00e1, \u017ee Kyjev povol\u00e1 na frontu hlavn\u011b Ukrajince s rusk\u00fdm etnick\u00fdm p\u016fvodem a ti tam na t\u00e9 front\u011b na Donbasu padnou a t\u00edm bude etnick\u00e1 \u010distka prostoru, odkud byli povol\u00e1ni, za\u010di\u0161t\u011bna. Jen\u017ee, p\u0159esn\u011b toto se te\u010f d\u011bje na z\u00e1padn\u00ed Ukrajin\u011b.<\/p>\n<h6><span style=\"font-size: 18pt;\">Banderovci jsou podle v\u0161eho jedin\u00fdm d\u016fvodem, pro\u010d Zelensk\u00fd je\u0161t\u011b nepo\u017e\u00e1dal o bratrskou vojenskou pomoc v Polsku<\/span><\/h6>\n<p>Z\u00e1padn\u00ed Ukrajina je problematick\u00e9 \u00fazem\u00ed, kter\u00e9 bylo dlouho historicky sv\u00e1z\u00e1no s Polskem a v\u00edme, \u017ee pr\u00e1v\u011b Banderovci ve 40. letech minul\u00e9ho stolet\u00ed m\u011bli k Pol\u00e1k\u016fm takov\u00fd vztah, \u017ee proti nim na Volyni zah\u00e1jili etnick\u00e9 \u010distky formou vyvra\u017e\u010fov\u00e1n\u00ed cel\u00fdch osad. Pokud tedy Polsko pl\u00e1nuje v r\u00e1mci m\u00edrov\u00e9 mise obsazen\u00ed z\u00e1padn\u00ed Ukrajiny, bude cht\u00edt p\u0159edem vy\u010distit toto \u00fazem\u00ed od Banderovc\u016f. A nejlep\u0161\u00edm zp\u016fsobem a z\u00e1minkou pro takovou \u010distku je mobilizace Banderovc\u016f do v\u00e1lky proti Rusku na Donbasu.<\/p>\n<p><strong>Probl\u00e9m je v tom, \u017ee Banderovci nejsou tup\u00ed a za\u010d\u00edn\u00e1 jim pomalu doch\u00e1zet, \u017ee p\u0159ek\u00e1\u017eej\u00ed Zelensk\u00e9mu v pl\u00e1nu na odevzd\u00e1n\u00ed z\u00e1padn\u00ed Ukrajiny Polsku.<\/strong>\u00a0Pr\u00e1v\u011b proto Ilja Kiva ve zm\u00edn\u011bn\u00e9m po\u0159adu polo\u017eil onu \u0159e\u010dnickou ot\u00e1zku, co ud\u011blaj\u00ed tito banderov\u0161t\u00ed\u00a0<em>chochlov\u00e9<\/em>\u00a0na Ukrajin\u011b, a\u017e se na Zelensk\u00e9ho proval\u00ed tento pl\u00e1n? Ano, oto\u010d\u00ed se, postav\u00ed se po bok rusk\u00fdm voj\u00e1k\u016fm a p\u016fjdou si to vy\u0159\u00eddit s Pol\u00e1ky a hlavn\u011b se Zelensk\u00fdm. To je mo\u017en\u00e1 trochu nadsazen\u00e9, ale ne moc. Pokud by Pol\u00e1ci vstoupili s arm\u00e1dou do Lvova, v tom okam\u017eiku by u\u017e pro Banderovce nebylo Rusko hlavn\u00edm nep\u0159\u00edtelem.<\/p>\n<figure id=\"attachment_55295\" class=\"wp-caption aligncenter\" style=\"width: 692px;\"><a href=\"https:\/\/aeronet.news\/wp-content\/uploads\/ZelenskyDudaWarsawFt.jpg\"><img decoding=\"async\" loading=\"lazy\" class=\"wp-image-55295 \" src=\"https:\/\/aeronet.news\/wp-content\/uploads\/ZelenskyDudaWarsawFt-1024x682.jpg\" sizes=\"(max-width: 700px) 100vw, 700px\" srcset=\"https:\/\/aeronet.news\/wp-content\/uploads\/ZelenskyDudaWarsawFt-1024x682.jpg 1024w, https:\/\/aeronet.news\/wp-content\/uploads\/ZelenskyDudaWarsawFt-300x200.jpg 300w, https:\/\/aeronet.news\/wp-content\/uploads\/ZelenskyDudaWarsawFt-768x511.jpg 768w, https:\/\/aeronet.news\/wp-content\/uploads\/ZelenskyDudaWarsawFt-700x466.jpg 700w, https:\/\/aeronet.news\/wp-content\/uploads\/ZelenskyDudaWarsawFt-536x357.jpg 536w, https:\/\/aeronet.news\/wp-content\/uploads\/ZelenskyDudaWarsawFt-726x483.jpg 726w, https:\/\/aeronet.news\/wp-content\/uploads\/ZelenskyDudaWarsawFt.jpg 1280w\" alt=\"\" width=\"692\" height=\"461\" \/><\/a><figcaption class=\"wp-caption-text\">Volodymyr Zelensk\u00fd ve Var\u0161av\u011b s polsk\u00fdm prezidentem Andrzejem Dudou<\/figcaption><\/figure>\n<p>Ukazuje se toti\u017e, \u017ee paradoxn\u011b to jsou pr\u00e1v\u011b Banderovci, kte\u0159\u00ed br\u00e1n\u00ed tomu, aby Zelensk\u00fd zvedl telefon a zavolal do Var\u0161avy o bratrskou vojenskou pomoc. Pol\u00e1ci maj\u00ed podle v\u0161eho obavy, jak by tato pomoc byla vn\u00edm\u00e1na mlad\u00fdmi Bandeorvci na Ukrajin\u011b, jak by to bylo vn\u00edm\u00e1no banderovskou ml\u00e1de\u017e\u00ed na Hali\u010di, z toho prost\u011b maj\u00ed Pol\u00e1ci obavy. Tak\u017ee Zelensk\u00fd zah\u00e1jil mobilizace mlad\u00fdch banderovc\u016f pr\u00e1v\u011b na Z\u00e1pad\u011b Ukrajiny a podle Rusk\u00e9 arm\u00e1dy te\u010f padaj\u00ed do toho masov\u00e9ho velkoml\u00fdna pr\u00e1v\u011b mob\u00edci ze z\u00e1padu Ukrajiny.<\/p>\n<p><strong>Jedn\u00e1 se p\u0159edev\u0161\u00edm o mlad\u00e9 Ukrajince, ve v\u011bku od 17 do 28 let, tedy tvrd\u00e9 j\u00e1dro banderovsk\u00e9ho hnut\u00ed na z\u00e1padn\u00ed Ukrajin\u011b, Zelensk\u00fd tak podle Kivy etnicky za\u010di\u0161\u0165uje tento prostor<\/strong>, aby po p\u0159\u00edchodu bratrsk\u00e9 polsk\u00e9 pomoci nevypukly ze strany mlad\u00fdch banderov\u010dik\u016f nepokoje ve Lvov\u011b a v dal\u0161\u00edch m\u011bstech na Hali\u010di. Naprosto logicky to zapad\u00e1 do sebe, pro\u010d najednou Wagnerovci a Rusk\u00e1 arm\u00e1da nev\u011b\u0159\u00edcn\u011b nach\u00e1z\u00ed na opu\u0161t\u011bn\u00fdch ukrajinsk\u00fdch pozic\u00edch padl\u00e9 Ukrajince ze z\u00e1padn\u00ed Ukrajiny, co\u017e nikdo v minulosti od po\u010d\u00e1tku vypuknut\u00ed SVO na Ukrajin\u011b nepamatuje.<\/p>\n<h6><span style=\"font-size: 18pt;\">Pol\u00e1ci maj\u00ed obavy z masivn\u00edch protest\u016f molodo-banderovc\u016f po vstupu polsk\u00e9 arm\u00e1dy na Hali\u010d<\/span><\/h6>\n<p>V\u0161ichni Banderovci na z\u00e1pad\u011b Ukrajiny se daj\u00ed rozd\u011blit do dvou skupin. Militantn\u00ed Banderovci byli prvn\u00ed, kte\u0159\u00ed se dobrovoln\u011b zapojili minul\u00fd rok v b\u0159eznu do mobilizace. Ti v\u0161ichni jsou u\u017e ale po smrti. Druh\u00e1 skupina je tvo\u0159ena latentn\u00edmi Banderovci, tedy ideologickou ml\u00e1de\u017e\u00ed a ideov\u011b zpracovanou mladou generac\u00ed, kter\u00e1 ale nen\u00ed p\u0159ipravena padnout za ideu na front\u011b. Je to podobn\u00e9 jako u v\u0161ech ostatn\u00edch ideov\u00fdch hnut\u00ed, kdy ochota polo\u017eit \u017eivot za ideu je pouze u mal\u00e9 \u010d\u00e1sti \u010dlen\u016f ideov\u00e9 fronty.<\/p>\n<p>Jen\u017ee, co t\u011bmto lidem chyb\u00ed na odhodl\u00e1n\u00ed nasadit sv\u016fj \u017eivot na front\u011b, to si vynahrazuj\u00ed ve sv\u00e9m ideov\u00e9m odhodl\u00e1n\u00ed vyrazit do demonstrac\u00ed, po\u0159\u00e1dat oh\u0148ov\u00e9 pochody apod. A p\u0159edev\u0161\u00edm z t\u011bchto lid\u00ed maj\u00ed Pol\u00e1ci obavy. Vstup polsk\u00e9 arm\u00e1dy na Hali\u010d by vyvolal ve Lvov\u011b masov\u00e9 protesty t\u011bchto\u00a0<em>molodo-banderovc\u016f<\/em>, tak\u017ee je t\u0159eba, aby toto hnut\u00ed bylo oslabeno t\u00edm, \u017ee tis\u00edce vybran\u00fdch banderovc\u016f jsou mobilizov\u00e1ni a odesl\u00e1ni do masoml\u00fdna na Donbasu.<\/p>\n<p>&nbsp;<\/p>\n<div id=\"rumble_v2dlk9k\">\n<div id=\"vid_v2dlk9k\" class=\"rumble_v2dlk9k-Rumble-cls\" tabindex=\"-1\">\n<div>\n<div class=\"bigPlayUI ctp\">\n<div class=\"bigPlayUIInner ctp\"><div class='videoWrapper'>\r\n\t            <iframe src='https:\/\/rumble.com\/embed\/pj.v2dlk9k\/' frameborder='0' allowfullscreen><\/iframe>\r\n\t        <\/div><\/div>\n<\/div>\n<\/div>\n<\/div>\n<\/div>\n<p>&nbsp;<\/p>\n<p>Rusov\u00e9 by mohli b\u00fdt vlastn\u011b spokojeni, Zelensk\u00fd t\u00edm prov\u00e1d\u00ed denacifikaci Ukrajiny vlastn\u00edm n\u00e1kladem, ale radost ve skute\u010dnosti v Moskv\u011b nehledejte.\u00a0<strong>Tam naopak tento proces utvrzuje Sergeje Nary\u0161kina, \u0161\u00e9fa rusk\u00e9 rozv\u011bdky SVR (viz. video v\u00fd\u0161e), \u017ee prezident Zelensk\u00fd opravdu pl\u00e1nuje pozvat na z\u00e1padn\u00ed Ukrajinu polskou arm\u00e1du<\/strong>\u00a0a pot\u0159ebuje k tomu klid v z\u00e1padn\u00edch m\u011bstech na Ukrajin\u011b, nepot\u0159ebuje tam nepokoje a proti-polsk\u00e9 demonstrace\u00a0<em>molodo-banderovc\u016f<\/em>, co\u017e by vrhlo stra\u0161n\u00fd obraz na vztahy mezi Kyjevem a Var\u0161avou. Vstup polsk\u00e9 arm\u00e1dy na Hali\u010d by znamenal pro Moskvu katastrofu a s nejv\u011bt\u0161\u00ed pravd\u011bpodobnost\u00ed konec pl\u00e1n\u016f na p\u016fvodn\u00ed c\u00edle SVO, tedy na denacifikaci a demilitarizaci Ukrajiny.<\/p>\n<h6><span style=\"font-size: 18pt;\">Moskva m\u00e1 v\u00e1\u017en\u00e9 obavy ze vstupu polsk\u00e9 arm\u00e1dy na Hali\u010d, de facto by to zni\u010dilo p\u016fvodn\u00ed pl\u00e1n speci\u00e1ln\u00ed vojensk\u00e9 operace a vytvo\u0159ilo hrozbu st\u0159etu s NATO<\/span><\/h6>\n<p>Obsazen\u00ed z\u00e1padu Ukrajiny polskou arm\u00e1dou by p\u0159ivedlo celou operaci na hranu konfliktu mezi Ruskem a NATO, o tom v podstat\u011b nikdo v Moskv\u011b nepochybuje, proto\u017ee tomu by ne\u0161lo u\u017e potom zabr\u00e1nit. Rusov\u00e9 by d\u0159\u00edve \u010di pozd\u011bji zas\u00e1hli pozice polsk\u00e9 arm\u00e1dy, ne\u0161lo by se tomu vyhnout, a v tom okam\u017eiku by z toho byla III. sv. v\u00e1lka. \u017didovsk\u00fd prezident Ukrajiny se tedy podle Ilji Kivy rozhodl za\u010distit Hali\u010d a te\u010f prov\u00e1d\u00ed de facto etnick\u00e9 za\u010di\u0161\u0165ov\u00e1n\u00ed z\u00e1padu Ukrajiny od\u00a0<em>chochl\u016f<\/em>, tedy od banderovc\u016f. Postupn\u011b jim to za\u010dne doch\u00e1zet. Pochop\u00ed, \u017ee nep\u0159\u00edtel nele\u017e\u00ed na v\u00fdchod\u011b, ale na z\u00e1pad\u011b, v Polsku.<\/p>\n<figure id=\"attachment_55437\" class=\"wp-caption aligncenter\" style=\"width: 718px;\"><a href=\"https:\/\/aeronet.news\/wp-content\/uploads\/ZelenskyZbrane.jpg\"><img decoding=\"async\" loading=\"lazy\" class=\"wp-image-55437 \" src=\"https:\/\/aeronet.news\/wp-content\/uploads\/ZelenskyZbrane.jpg\" sizes=\"(max-width: 720px) 100vw, 720px\" srcset=\"https:\/\/aeronet.news\/wp-content\/uploads\/ZelenskyZbrane.jpg 720w, https:\/\/aeronet.news\/wp-content\/uploads\/ZelenskyZbrane-150x150.jpg 150w, https:\/\/aeronet.news\/wp-content\/uploads\/ZelenskyZbrane-300x300.jpg 300w, https:\/\/aeronet.news\/wp-content\/uploads\/ZelenskyZbrane-700x699.jpg 700w, https:\/\/aeronet.news\/wp-content\/uploads\/ZelenskyZbrane-357x357.jpg 357w, https:\/\/aeronet.news\/wp-content\/uploads\/ZelenskyZbrane-484x483.jpg 484w, https:\/\/aeronet.news\/wp-content\/uploads\/ZelenskyZbrane-210x210.jpg 210w\" alt=\"\" width=\"718\" height=\"717\" \/><\/a><figcaption class=\"wp-caption-text\">Volodymyr Zelensk\u00fd se ocitl na americk\u00e9m seznamu\u2026<\/figcaption><\/figure>\n<p>A rovn\u011b\u017e v Kyjev\u011b, v podob\u011b zelen\u00e9ho komedianta. Pouze se ukazuje, \u017ee Pappenheim\u0161t\u00ed maj\u00ed pl\u00e1n, kter\u00fdm se po\u017eerou mezi sebou.\u00a0<strong>Banderovci jako maso pro rusk\u00e9 d\u011blost\u0159electvo a Pol\u00e1ci s viz\u00ed obnoven\u00e9 Hali\u010de vytvo\u0159\u00ed v\u00fdbu\u0161nou sm\u011bs pro obr\u00e1cen\u00ed priorit Ukrajinc\u016f.<\/strong>\u00a0Najednou to u\u017e nebude v\u00e1lka proti Rusku, bude to v\u00e1lka proti vlastn\u00edm Pappenhemsk\u00fdm na Ukrajin\u011b. Dlouho to trvat nebude, ne\u017e Banderovci se obr\u00e1t\u00ed na front\u011b a p\u016fjdou Zelensk\u00e9mu po krku a za\u010dnou znovu pogromy proti Pol\u00e1k\u016fm.\u00a0<em>Duch Kyjeva<\/em>\u00a0bude nic ve srovn\u00e1n\u00ed s t\u00edm, a\u017e tyto procesy na Ukrajin\u011b probud\u00ed\u00a0<em>Ducha Bandery<\/em>\u00a0v jeho ryz\u00ed podob\u011b, t.j. v pln\u00e9 s\u00edle a nen\u00e1visti proti v\u0161emu polsk\u00e9mu! Zelensk\u00fd tancuje pomalu u\u017e na vlastn\u00edm hrob\u011b, brzy do n\u011bj m\u016f\u017ee spadnout.<\/p>\n<p><a href=\"https:\/\/aeronet.news\/video-byvaly-ukrajinsky-poslanec-odhalil-ze-zelensky-spustil-na-zapadni-ukrajine-mobilizacni-etnicke-cistky-ukrajincu-aby-vycistil-uzemi-pro-polaky-jeho-sokujici-vyrok-potvrzuji-statistiky\/\">-VK- \u0160\u00e9fredaktor AE News<\/a><\/p>\n<p>&nbsp;<\/p>\n<p>&nbsp;<\/p>\n<p><img decoding=\"async\" loading=\"lazy\" class=\"wp-image-19187 aligncenter\" src=\"http:\/\/www.infokuryr.cz\/n\/wp-content\/uploads\/2022\/12\/1-PRO-300x36.jpg\" alt=\"\" width=\"1283\" height=\"154\" srcset=\"https:\/\/www.infokuryr.cz\/n\/wp-content\/uploads\/2022\/12\/1-PRO-300x36.jpg 300w, https:\/\/www.infokuryr.cz\/n\/wp-content\/uploads\/2022\/12\/1-PRO.jpg 699w\" sizes=\"(max-width: 1283px) 100vw, 1283px\" \/><\/p>\n<p>&nbsp;<\/p>\n<p>&nbsp;<\/p>\n","protected":false},"excerpt":{"rendered":"<p>B\u00fdval\u00fd ukrajinsk\u00fd poslanec odhalil, \u017ee Zelensk\u00fd spustil na z\u00e1padn\u00ed Ukrajin\u011b mobiliza\u010dn\u00ed etnick\u00e9 \u010distky Ukrajinc\u016f, aby&#8230;<\/p>\n","protected":false},"author":2,"featured_media":26792,"comment_status":"closed","ping_status":"closed","sticky":false,"template":"","format":"standard","meta":[],"categories":[6],"tags":[1042,2221,1339,26,1000],"_links":{"self":[{"href":"https:\/\/www.infokuryr.cz\/n\/wp-json\/wp\/v2\/posts\/26791"}],"collection":[{"href":"https:\/\/www.infokuryr.cz\/n\/wp-json\/wp\/v2\/posts"}],"about":[{"href":"https:\/\/www.infokuryr.cz\/n\/wp-json\/wp\/v2\/types\/post"}],"author":[{"embeddable":true,"href":"https:\/\/www.infokuryr.cz\/n\/wp-json\/wp\/v2\/users\/2"}],"replies":[{"embeddable":true,"href":"https:\/\/www.infokuryr.cz\/n\/wp-json\/wp\/v2\/comments?post=26791"}],"version-history":[{"count":0,"href":"https:\/\/www.infokuryr.cz\/n\/wp-json\/wp\/v2\/posts\/26791\/revisions"}],"wp:featuredmedia":[{"embeddable":true,"href":"https:\/\/www.infokuryr.cz\/n\/wp-json\/wp\/v2\/media\/26792"}],"wp:attachment":[{"href":"https:\/\/www.infokuryr.cz\/n\/wp-json\/wp\/v2\/media?parent=26791"}],"wp:term":[{"taxonomy":"category","embeddable":true,"href":"https:\/\/www.infokuryr.cz\/n\/wp-json\/wp\/v2\/categories?post=26791"},{"taxonomy":"post_tag","embeddable":true,"href":"https:\/\/www.infokuryr.cz\/n\/wp-json\/wp\/v2\/tags?post=26791"}],"curies":[{"name":"wp","href":"https:\/\/api.w.org\/{rel}","templated":true}]}}