{"id":26756,"date":"2023-04-24T01:03:37","date_gmt":"2023-04-23T23:03:37","guid":{"rendered":"http:\/\/www.infokuryr.cz\/n\/?p=26756"},"modified":"2023-04-23T15:25:15","modified_gmt":"2023-04-23T13:25:15","slug":"v-kyjevskopecerske-lavre-byli-spatreni-ukrajinsti-policiste","status":"publish","type":"post","link":"https:\/\/www.infokuryr.cz\/n\/2023\/04\/24\/v-kyjevskopecerske-lavre-byli-spatreni-ukrajinsti-policiste\/","title":{"rendered":"V Kyjevskope\u010dersk\u00e9 l\u00e1v\u0159e byli spat\u0159eni ukrajin\u0161t\u00ed policist\u00e9"},"content":{"rendered":"<div id=\"fb-root\"><\/div>\n<p><span style=\"font-size: 14pt;\"><strong>V\u0161echny vchody do l\u00e1vry kontroluj\u00ed ozbrojen\u00e9 bezpe\u010dnostn\u00ed s\u00edly, kter\u00e9 blokuj\u00ed pr\u016fchody, bij\u00ed a zadr\u017euj\u00ed farn\u00edky. <\/strong><\/span><\/p>\n<p>Objevily se informace, \u017ee kl\u00e1\u0161ter byl u\u017e \u010d\u00e1ste\u010dn\u011b obsazen.<\/p>\n<p>Ukrajinsk\u00e9 \u00fa\u0159ady se tak\u00e9 pokusily naru\u0161it bohoslu\u017ebu t\u00edm, \u017ee zablokovaly vstup do kl\u00e1\u0161tera, tak\u017ee kn\u011b\u017e\u00ed museli farn\u00edk\u016fm pod\u00e1vat svat\u00e9 p\u0159ij\u00edm\u00e1n\u00ed p\u0159es ohradu.<\/p>\n<p><img decoding=\"async\" loading=\"lazy\" class=\"alignnone size-full wp-image-1185\" src=\"http:\/\/www.infokuryr.cz\/n\/wp-content\/uploads\/2021\/04\/kuryr-podpis.png\" alt=\"\" width=\"84\" height=\"24\" \/><\/p>\n<p>&nbsp;<\/p>\n<p>&nbsp;<\/p>\n<p><img decoding=\"async\" loading=\"lazy\" class=\"wp-image-19187 aligncenter\" src=\"http:\/\/www.infokuryr.cz\/n\/wp-content\/uploads\/2022\/12\/1-PRO-300x36.jpg\" alt=\"\" width=\"1283\" height=\"154\" srcset=\"https:\/\/www.infokuryr.cz\/n\/wp-content\/uploads\/2022\/12\/1-PRO-300x36.jpg 300w, https:\/\/www.infokuryr.cz\/n\/wp-content\/uploads\/2022\/12\/1-PRO.jpg 699w\" sizes=\"(max-width: 1283px) 100vw, 1283px\" \/><\/p>\n<p>&nbsp;<\/p>\n<p>&nbsp;<\/p>\n","protected":false},"excerpt":{"rendered":"<p>V\u0161echny vchody do l\u00e1vry kontroluj\u00ed ozbrojen\u00e9 bezpe\u010dnostn\u00ed s\u00edly, kter\u00e9 blokuj\u00ed pr\u016fchody, bij\u00ed a zadr\u017euj\u00ed farn\u00edky&#8230;.<\/p>\n","protected":false},"author":2,"featured_media":26757,"comment_status":"closed","ping_status":"closed","sticky":false,"template":"","format":"standard","meta":[],"categories":[7],"tags":[221,4168,86,1118,1757,26],"_links":{"self":[{"href":"https:\/\/www.infokuryr.cz\/n\/wp-json\/wp\/v2\/posts\/26756"}],"collection":[{"href":"https:\/\/www.infokuryr.cz\/n\/wp-json\/wp\/v2\/posts"}],"about":[{"href":"https:\/\/www.infokuryr.cz\/n\/wp-json\/wp\/v2\/types\/post"}],"author":[{"embeddable":true,"href":"https:\/\/www.infokuryr.cz\/n\/wp-json\/wp\/v2\/users\/2"}],"replies":[{"embeddable":true,"href":"https:\/\/www.infokuryr.cz\/n\/wp-json\/wp\/v2\/comments?post=26756"}],"version-history":[{"count":1,"href":"https:\/\/www.infokuryr.cz\/n\/wp-json\/wp\/v2\/posts\/26756\/revisions"}],"predecessor-version":[{"id":26758,"href":"https:\/\/www.infokuryr.cz\/n\/wp-json\/wp\/v2\/posts\/26756\/revisions\/26758"}],"wp:featuredmedia":[{"embeddable":true,"href":"https:\/\/www.infokuryr.cz\/n\/wp-json\/wp\/v2\/media\/26757"}],"wp:attachment":[{"href":"https:\/\/www.infokuryr.cz\/n\/wp-json\/wp\/v2\/media?parent=26756"}],"wp:term":[{"taxonomy":"category","embeddable":true,"href":"https:\/\/www.infokuryr.cz\/n\/wp-json\/wp\/v2\/categories?post=26756"},{"taxonomy":"post_tag","embeddable":true,"href":"https:\/\/www.infokuryr.cz\/n\/wp-json\/wp\/v2\/tags?post=26756"}],"curies":[{"name":"wp","href":"https:\/\/api.w.org\/{rel}","templated":true}]}}