{"id":26755,"date":"2023-04-24T01:02:52","date_gmt":"2023-04-23T23:02:52","guid":{"rendered":"http:\/\/www.infokuryr.cz\/n\/?p=26755"},"modified":"2023-04-23T15:21:59","modified_gmt":"2023-04-23T13:21:59","slug":"hersh-promluvil-o-preprodeji-zbrani-pro-osu-na-cernem-trhu","status":"publish","type":"post","link":"https:\/\/www.infokuryr.cz\/n\/2023\/04\/24\/hersh-promluvil-o-preprodeji-zbrani-pro-osu-na-cernem-trhu\/","title":{"rendered":"Hersh promluvil o p\u0159eprodeji zbran\u00ed pro OSU na \u010dern\u00e9m trhu"},"content":{"rendered":"<div id=\"fb-root\"><\/div>\n<p><strong>Na Z\u00e1pad\u011b v\u011bd\u00ed, \u017ee se zbran\u011b dodan\u00e9 ukrajinsk\u00e9 arm\u00e1d\u011b objevuj\u00ed na \u010dern\u00e9m trhu, ale z\u00e1padn\u00ed m\u00e9dia to zaml\u010duj\u00ed, prohl\u00e1sil v ned\u011bli americk\u00fd novin\u00e1\u0159,dr\u017eitel Pulitzerovy ceny Seymour Hersh.<\/strong><\/p>\n<p>N\u011bkolik m\u011bs\u00edc\u016f po za\u010d\u00e1tku konfliktu v \u00fanoru lo\u0148sk\u00e9ho roku vznikly velk\u00e9 obavy v\u010detn\u011b ohledn\u011b (pozn.p\u0159eprodeje) mobiln\u00edch elitn\u00edch (pozn. raketov\u00fdch) syst\u00e9m\u016f schopn\u00fdch sest\u0159elit letouny ve velk\u00e9 v\u00fd\u0161ce.Vzbudilo to v\u00e1\u017en\u00e9 znepokojen\u00ed. P\u0159ibli\u017en\u011b p\u0159ed rokem a p\u016fl (mo\u017en\u00e1 d\u0159\u00edve) zve\u0159ejnila CBS p\u0159\u00edsp\u011bvek, kter\u00fd bylo pak t\u0159eba odstranit,\u201d \u0159ekl Hersh v rozhovoru pro RT.<\/p>\n<p>Novin\u00e1\u0159 sd\u011blil, \u017ee se ji\u017e v ran\u00e9 etap\u011b konfliktu objevilo v Polsku, Rumunsku a dal\u0161\u00edch s Ukrajinou hrani\u010d\u00edc\u00edch zem\u00edch \u201evelk\u00e9 mno\u017estv\u00ed zbran\u00ed dodan\u00fdch Ukrajin\u011b za \u00fa\u010delem nasazen\u00ed v boji.\u201d<\/p>\n<p>\u201eJin\u00fdmi slovy dostalii r\u016fzn\u00ed velitel\u00e9 (nev\u00edm, jak\u00e9 \u0161ar\u017ee), \u010dasto to nebyli gener\u00e1lov\u00e9, ale plukovn\u00edci a dal\u0161\u00ed, zbran\u011b, kter\u00e9 pak osobn\u011b p\u0159eprodali n\u011bkomu nebo prost\u011b dodali na \u010dern\u00fd trh,\u201d dodal Hersh.<\/p>\n<p><img decoding=\"async\" loading=\"lazy\" class=\"alignnone size-full wp-image-1185\" src=\"http:\/\/www.infokuryr.cz\/n\/wp-content\/uploads\/2021\/04\/kuryr-podpis.png\" alt=\"\" width=\"84\" height=\"24\" \/><\/p>\n<p>&nbsp;<\/p>\n<p><img decoding=\"async\" loading=\"lazy\" class=\"wp-image-19187 aligncenter\" src=\"http:\/\/www.infokuryr.cz\/n\/wp-content\/uploads\/2022\/12\/1-PRO-300x36.jpg\" alt=\"\" width=\"1275\" height=\"153\" srcset=\"https:\/\/www.infokuryr.cz\/n\/wp-content\/uploads\/2022\/12\/1-PRO-300x36.jpg 300w, https:\/\/www.infokuryr.cz\/n\/wp-content\/uploads\/2022\/12\/1-PRO.jpg 699w\" sizes=\"(max-width: 1275px) 100vw, 1275px\" \/><\/p>\n<p>&nbsp;<\/p>\n<p>&nbsp;<\/p>\n","protected":false},"excerpt":{"rendered":"<p>Na Z\u00e1pad\u011b v\u011bd\u00ed, \u017ee se zbran\u011b dodan\u00e9 ukrajinsk\u00e9 arm\u00e1d\u011b objevuj\u00ed na \u010dern\u00e9m trhu, ale z\u00e1padn\u00ed&#8230;<\/p>\n","protected":false},"author":2,"featured_media":23481,"comment_status":"closed","ping_status":"closed","sticky":false,"template":"","format":"standard","meta":[],"categories":[7],"tags":[2310,26,365,73],"_links":{"self":[{"href":"https:\/\/www.infokuryr.cz\/n\/wp-json\/wp\/v2\/posts\/26755"}],"collection":[{"href":"https:\/\/www.infokuryr.cz\/n\/wp-json\/wp\/v2\/posts"}],"about":[{"href":"https:\/\/www.infokuryr.cz\/n\/wp-json\/wp\/v2\/types\/post"}],"author":[{"embeddable":true,"href":"https:\/\/www.infokuryr.cz\/n\/wp-json\/wp\/v2\/users\/2"}],"replies":[{"embeddable":true,"href":"https:\/\/www.infokuryr.cz\/n\/wp-json\/wp\/v2\/comments?post=26755"}],"version-history":[{"count":0,"href":"https:\/\/www.infokuryr.cz\/n\/wp-json\/wp\/v2\/posts\/26755\/revisions"}],"wp:featuredmedia":[{"embeddable":true,"href":"https:\/\/www.infokuryr.cz\/n\/wp-json\/wp\/v2\/media\/23481"}],"wp:attachment":[{"href":"https:\/\/www.infokuryr.cz\/n\/wp-json\/wp\/v2\/media?parent=26755"}],"wp:term":[{"taxonomy":"category","embeddable":true,"href":"https:\/\/www.infokuryr.cz\/n\/wp-json\/wp\/v2\/categories?post=26755"},{"taxonomy":"post_tag","embeddable":true,"href":"https:\/\/www.infokuryr.cz\/n\/wp-json\/wp\/v2\/tags?post=26755"}],"curies":[{"name":"wp","href":"https:\/\/api.w.org\/{rel}","templated":true}]}}