{"id":26753,"date":"2023-04-24T01:01:10","date_gmt":"2023-04-23T23:01:10","guid":{"rendered":"http:\/\/www.infokuryr.cz\/n\/?p=26753"},"modified":"2023-04-23T15:19:32","modified_gmt":"2023-04-23T13:19:32","slug":"ministri-zemedelstvi-g7-vyzvali-k-diverzifikaci-retezcu-dodavek","status":"publish","type":"post","link":"https:\/\/www.infokuryr.cz\/n\/2023\/04\/24\/ministri-zemedelstvi-g7-vyzvali-k-diverzifikaci-retezcu-dodavek\/","title":{"rendered":"Minist\u0159i zem\u011bd\u011blstv\u00ed G7 vyzvali k diverzifikaci \u0159et\u011bzc\u016f dod\u00e1vek"},"content":{"rendered":"<div id=\"fb-root\"><\/div>\n<p><strong>Minist\u0159i zem\u011bd\u011blstv\u00ed G7 zd\u016fraznili podle v\u00fdsledk\u016f dvoudenn\u00ed sch\u016fzky v japonsk\u00e9m m\u011bst\u011b Mijazaki z\u00e1va\u017enost diverzifikace mezin\u00e1rodn\u00edch a region\u00e1ln\u00edch \u0159et\u011bzc\u016f dod\u00e1vek a rovn\u011b\u017e vyzvali k \u010destn\u00e9mu, otev\u0159en\u00e9mu obchodu zalo\u017een\u00e9mu na pravidlech.<\/strong><\/p>\n<p>\u201e<em>Zd\u016fraz\u0148ujeme z\u00e1va\u017enost diverzifikace mezin\u00e1rodn\u00edch, region\u00e1ln\u00edch a m\u00edstn\u00edch \u0159et\u011bzc\u016f dod\u00e1vek zem\u011bd\u011blsk\u00e9 produkce a z\u00e1kladn\u00edch zdroj\u016f za \u00fa\u010delem pos\u00edlen\u00ed jejich dlouhodob\u00e9 stability. P\u0159izn\u00e1v\u00e1me, \u017ee se v\u011bt\u0161ina zem\u00ed dnes spol\u00e9h\u00e1 jak na m\u00edstn\u00ed v\u00fdrobu, tak mezin\u00e1rodn\u00ed obchod s c\u00edlem zabezpe\u010den\u00ed potravinami. Zem\u011b proto maj\u00ed prozkoumat zp\u016fsoby roz\u0161\u00ed\u0159en\u00ed m\u00edstn\u00edch, region\u00e1ln\u00edch a mezin\u00e1rodn\u00edch agr\u00e1rn\u00edch syst\u00e9m\u016f a umo\u017enit stabiln\u00ed pou\u017eit\u00ed st\u00e1vaj\u00edc\u00edch m\u00edstn\u00edch zem\u011bd\u011blsk\u00fdch zdroj\u016f, a tak\u00e9 p\u0159isp\u011bt k obchodu potravinami<\/em>,\u201d prav\u00ed se v spole\u010dn\u00e9m prohl\u00e1\u0161en\u00ed k z\u00e1v\u011br\u016fm sch\u016fzky.<\/p>\n<p>V dokumentu se rovn\u011b\u017e zd\u016fraz\u0148uje z\u00e1va\u017enost sn\u00ed\u017een\u00ed ztr\u00e1t potravin a potravinov\u00e9ho odpadu, zabezpe\u010den\u00ed v\u00fd\u017eivou kojenc\u016f a v\u016fbec d\u011bt\u00ed, zejm\u00e9na d\u00edky potravinov\u00fdm program\u016fm ve vzd\u011bl\u00e1vac\u00edch za\u0159\u00edzen\u00edch.<\/p>\n<p>\u201eVyz\u00fdv\u00e1me k \u010destn\u00e9mu, otev\u0159en\u00e9m, pr\u016fhledn\u00e9mu, p\u0159edv\u00eddateln\u00e9mu, nediskrimina\u010dn\u00edmu obchodu podle existuj\u00edc\u00edch pravidel. Zd\u016fraz\u0148ujeme z\u00e1va\u017enost vytvo\u0159en\u00ed stabiln\u00edch potravinov\u00fdch syst\u00e9m\u016f, zaji\u0161t\u011bn\u00ed potravinov\u00e9 bezpe\u010dnosti\u2026 Hodl\u00e1me se i nad\u00e1le vyh\u00fdbat ve\u0161ker\u00fdm neod\u016fvodn\u011bn\u00fdm restrikc\u00edm ve v\u00fdvozu, je\u017e mohou zv\u00fd\u0161it volatilitu cen potravin. Vyz\u00fdv\u00e1me ostatn\u00ed st\u00e1ty, aby se zachovaly stejn\u011b,\u201d prav\u00ed se v prohl\u00e1\u0161en\u00ed.<\/p>\n<p>V dokumentu se p\u0159ipom\u00edn\u00e1 nutnost zv\u00fd\u0161en\u00ed \u00fa\u010dinnosti pou\u017eit\u00ed vodn\u00edch zdroj\u016f, hnojiv, a tak\u00e9 lep\u0161\u00edho p\u0159\u00edstupu k informac\u00edm o dostupn\u00fdch potravin\u00e1ch v\u010detn\u011b dat jejich vyp\u011bstov\u00e1n\u00ed, zpracov\u00e1n\u00ed a zp\u016fsob\u016f dopravy.<\/p>\n<p>Zvl\u00e1\u0161\u0165 se zd\u016fraz\u0148uje v\u00fdznam soukrom\u00fdch hospod\u00e1\u0159stv\u00ed pro dosa\u017een\u00ed stabiln\u00edho agr\u00e1rn\u00edho rozvoje. Zem\u011b G7 vyzvaly k zv\u00fd\u0161en\u00ed investic do inova\u010dn\u00edch projekt\u016f navr\u017een\u00fdch soukrom\u00fdmi spole\u010dnostmi a tak\u00e9 k zaji\u0161t\u011bn\u00ed p\u0159\u00edstupu soukrom\u00fdch zem\u011bd\u011blc\u016f na m\u00edstn\u00ed trhy.<\/p>\n<p><img decoding=\"async\" loading=\"lazy\" class=\"alignnone size-full wp-image-1185\" src=\"http:\/\/www.infokuryr.cz\/n\/wp-content\/uploads\/2021\/04\/kuryr-podpis.png\" alt=\"\" width=\"84\" height=\"24\" \/><\/p>\n<p>&nbsp;<\/p>\n<p><img decoding=\"async\" loading=\"lazy\" class=\"wp-image-19187 aligncenter\" src=\"http:\/\/www.infokuryr.cz\/n\/wp-content\/uploads\/2022\/12\/1-PRO-300x36.jpg\" alt=\"\" width=\"1258\" height=\"151\" srcset=\"https:\/\/www.infokuryr.cz\/n\/wp-content\/uploads\/2022\/12\/1-PRO-300x36.jpg 300w, https:\/\/www.infokuryr.cz\/n\/wp-content\/uploads\/2022\/12\/1-PRO.jpg 699w\" sizes=\"(max-width: 1258px) 100vw, 1258px\" \/><\/p>\n<p>&nbsp;<\/p>\n<p>&nbsp;<\/p>\n","protected":false},"excerpt":{"rendered":"<p>Minist\u0159i zem\u011bd\u011blstv\u00ed G7 zd\u016fraznili podle v\u00fdsledk\u016f dvoudenn\u00ed sch\u016fzky v japonsk\u00e9m m\u011bst\u011b Mijazaki z\u00e1va\u017enost diverzifikace mezin\u00e1rodn\u00edch&#8230;<\/p>\n","protected":false},"author":2,"featured_media":26754,"comment_status":"closed","ping_status":"closed","sticky":false,"template":"","format":"standard","meta":[],"categories":[7],"tags":[323,1426,104],"_links":{"self":[{"href":"https:\/\/www.infokuryr.cz\/n\/wp-json\/wp\/v2\/posts\/26753"}],"collection":[{"href":"https:\/\/www.infokuryr.cz\/n\/wp-json\/wp\/v2\/posts"}],"about":[{"href":"https:\/\/www.infokuryr.cz\/n\/wp-json\/wp\/v2\/types\/post"}],"author":[{"embeddable":true,"href":"https:\/\/www.infokuryr.cz\/n\/wp-json\/wp\/v2\/users\/2"}],"replies":[{"embeddable":true,"href":"https:\/\/www.infokuryr.cz\/n\/wp-json\/wp\/v2\/comments?post=26753"}],"version-history":[{"count":0,"href":"https:\/\/www.infokuryr.cz\/n\/wp-json\/wp\/v2\/posts\/26753\/revisions"}],"wp:featuredmedia":[{"embeddable":true,"href":"https:\/\/www.infokuryr.cz\/n\/wp-json\/wp\/v2\/media\/26754"}],"wp:attachment":[{"href":"https:\/\/www.infokuryr.cz\/n\/wp-json\/wp\/v2\/media?parent=26753"}],"wp:term":[{"taxonomy":"category","embeddable":true,"href":"https:\/\/www.infokuryr.cz\/n\/wp-json\/wp\/v2\/categories?post=26753"},{"taxonomy":"post_tag","embeddable":true,"href":"https:\/\/www.infokuryr.cz\/n\/wp-json\/wp\/v2\/tags?post=26753"}],"curies":[{"name":"wp","href":"https:\/\/api.w.org\/{rel}","templated":true}]}}