{"id":26704,"date":"2023-04-23T01:03:44","date_gmt":"2023-04-22T23:03:44","guid":{"rendered":"http:\/\/www.infokuryr.cz\/n\/?p=26704"},"modified":"2023-04-22T15:59:23","modified_gmt":"2023-04-22T13:59:23","slug":"poslanci-varuji-pred-nebezpecim-digitalniho-eura-zastavte-tento-projekt","status":"publish","type":"post","link":"https:\/\/www.infokuryr.cz\/n\/2023\/04\/23\/poslanci-varuji-pred-nebezpecim-digitalniho-eura-zastavte-tento-projekt\/","title":{"rendered":"Poslanci varuj\u00ed p\u0159ed nebezpe\u010d\u00edm digit\u00e1ln\u00edho eura: \u201eZastavte tento projekt!"},"content":{"rendered":"<div id=\"fb-root\"><\/div>\n<p><span style=\"font-size: 18pt;\"><strong>Evropsk\u00fd parlament ve st\u0159edu projedn\u00e1val digit\u00e1ln\u00ed euro.\u00a0N\u011bkolik poslanc\u016f varovalo p\u0159ed nebezpe\u010d\u00edm digit\u00e1ln\u00edch pen\u011bz.<\/strong><\/span><\/p>\n<p><span>Europoslanec Marcel de Graaff (FVD) upozornil, \u017ee ob\u010dan\u00e9 budou m\u00edt brzy \u00fa\u010det u Evropsk\u00e9 centr\u00e1ln\u00ed banky (ECB).<\/span><\/p>\n<p><span>ECB nem\u016f\u017ee zkrachovat a to d\u00e1v\u00e1 jistotu v p\u0159\u00edpad\u011b finan\u010dn\u00edch ot\u0159es\u016f, ale d\u00e1v\u00e1 to vl\u00e1d\u011b tak\u00e9 velkou moc kontrolovat a nutit ob\u010dany, \u0159ekl De Graaff.<\/span><\/p>\n<p>&nbsp;<\/p>\n<figure class=\"wp-block-embed is-type-video is-provider-youtube wp-block-embed-youtube wp-embed-aspect-16-9 wp-has-aspect-ratio\">\n<div class=\"wp-block-embed__wrapper\"><iframe loading=\"lazy\" title=\"Nebezpe\u010d\u00ed digit\u00e1ln\u00edho eura\" src=\"https:\/\/www.youtube.com\/embed\/R1w5f3t3-0M?feature=oembed\" width=\"800\" height=\"450\" frameborder=\"0\" allowfullscreen=\"allowfullscreen\" data-mce-fragment=\"1\"><\/iframe><\/div>\n<\/figure>\n<p>&nbsp;<\/p>\n<p><span>Nejv\u011bt\u0161\u00ed obavou ob\u010dan\u016f je, \u017ee v budoucnu by vl\u00e1da mohla omezit, za co ob\u010dan\u00e9 utr\u00e1cej\u00ed pen\u00edze.\u00a0Nap\u0159\u00edklad pro masn\u00e9 v\u00fdrobky a paliva.\u00a0Nebo \u017ee z\u00edsk\u00e1me n\u011bjak\u00fd druh soci\u00e1ln\u00edho kreditn\u00edho syst\u00e9mu jako Kanada, kde pokud budete kritizovat vl\u00e1du, v\u00e1\u0161 \u00fa\u010det bude zablokov\u00e1n, \u0159ekl poslanec.<\/span><\/p>\n<p><span>\u0158ekl, \u017ee digit\u00e1ln\u00ed euro by m\u011blo spl\u0148ovat n\u00e1sleduj\u00edc\u00ed po\u017eadavky: n\u00e1kupy by nem\u011bly b\u00fdt vysledovateln\u00e9 k produktu, z\u016fstatek by m\u011bl b\u00fdt tak\u00e9 vyb\u00edr\u00e1n p\u0159\u00edmo jako hotovost a z\u016fstatek by nem\u011bl b\u00fdt programovateln\u00fd.\u00a0&#8222;To by m\u011blo b\u00fdt zakotveno v z\u00e1kon\u011b,&#8220; \u0159ekl.<\/span><\/p>\n<p><strong><em>Velk\u00e1 kritika projektu digit\u00e1ln\u00edho eura.\u00a0Srozumiteln\u00fd.\u00a0Vyu\u017eije toho ECB brzy k nastaven\u00ed z\u00e1porn\u00fdch \u00farokov\u00fdch sazeb a naprogramov\u00e1n\u00ed na\u0161ich pen\u011bz: povolit pouze utr\u00e1cen\u00ed schv\u00e1len\u00e9 vl\u00e1dou?\u00a0EU mus\u00ed br\u00e1t n\u00e1mitky v\u00e1\u017en\u011b: Zastavte tento projekt!<\/em><\/strong><\/p>\n<p>&nbsp;<\/p>\n<div class=\"twitter-tweet twitter-tweet-rendered\"><iframe id=\"twitter-widget-0\" class=\"\" title=\"Twitter Tweet\" src=\"https:\/\/platform.twitter.com\/embed\/Tweet.html?creatorScreenName=uncutnewsCH&amp;dnt=false&amp;embedId=twitter-widget-0&amp;features=eyJ0ZndfdGltZWxpbmVfbGlzdCI6eyJidWNrZXQiOltdLCJ2ZXJzaW9uIjpudWxsfSwidGZ3X2ZvbGxvd2VyX2NvdW50X3N1bnNldCI6eyJidWNrZXQiOnRydWUsInZlcnNpb24iOm51bGx9LCJ0ZndfdHdlZXRfZWRpdF9iYWNrZW5kIjp7ImJ1Y2tldCI6Im9uIiwidmVyc2lvbiI6bnVsbH0sInRmd19yZWZzcmNfc2Vzc2lvbiI6eyJidWNrZXQiOiJvbiIsInZlcnNpb24iOm51bGx9LCJ0ZndfbWl4ZWRfbWVkaWFfMTU4OTciOnsiYnVja2V0IjoidHJlYXRtZW50IiwidmVyc2lvbiI6bnVsbH0sInRmd19leHBlcmltZW50c19jb29raWVfZXhwaXJhdGlvbiI6eyJidWNrZXQiOjEyMDk2MDAsInZlcnNpb24iOm51bGx9LCJ0ZndfZHVwbGljYXRlX3NjcmliZXNfdG9fc2V0dGluZ3MiOnsiYnVja2V0Ijoib24iLCJ2ZXJzaW9uIjpudWxsfSwidGZ3X3ZpZGVvX2hsc19keW5hbWljX21hbmlmZXN0c18xNTA4MiI6eyJidWNrZXQiOiJ0cnVlX2JpdHJhdGUiLCJ2ZXJzaW9uIjpudWxsfSwidGZ3X2xlZ2FjeV90aW1lbGluZV9zdW5zZXQiOnsiYnVja2V0Ijp0cnVlLCJ2ZXJzaW9uIjpudWxsfSwidGZ3X3R3ZWV0X2VkaXRfZnJvbnRlbmQiOnsiYnVja2V0Ijoib24iLCJ2ZXJzaW9uIjpudWxsfX0%3D&amp;frame=false&amp;hideCard=false&amp;hideThread=false&amp;id=1648726428366536715&amp;lang=de&amp;origin=https%3A%2F%2Funcutnews.ch%2Feu-parlamentarier-warnen-vor-den-gefahren-des-digitalen-euro-stoppen-sie-dieses-projekt%2F&amp;sessionId=9c7ab1a108d1241dee40b509795c7bc4f6965814&amp;siteScreenName=Donuncutschweiz&amp;theme=light&amp;widgetsVersion=aaf4084522e3a%3A1674595607486&amp;width=550px\" frameborder=\"0\" scrolling=\"no\" allowfullscreen=\"allowfullscreen\" data-tweet-id=\"1648726428366536715\" data-mce-fragment=\"1\"><\/iframe><\/div>\n<p>&nbsp;<\/p>\n<p><span>Poslanec SGP Bert-Jan Ruissen \u0161el je\u0161t\u011b o krok d\u00e1le.\u00a0Mysl\u00ed si, \u017ee bychom m\u011bli tento projekt zastavit.<\/span><\/p>\n<p><span><strong>\u201eKritika digit\u00e1ln\u00edho eura roste ze v\u0161ech stran.\u00a0A to je tak\u00e9 pochopiteln\u00e9,\u201c<\/strong> \u0159ekl Ruissen, kter\u00fd dodal, \u017ee ECB bude m\u00edt s t\u00edmto digit\u00e1ln\u00edm eurem obrovskou moc.<\/span><\/p>\n<p><span>Ned\u00e1vn\u00e1 anal\u00fdza v\u00fdboru ECON Evropsk\u00e9ho parlamentu ukazuje, \u017ee pro digit\u00e1ln\u00ed euro neexistuje v\u016fbec \u017e\u00e1dn\u00fd trh.<strong>\u00a0\u201e\u0158ekl bych: Vezm\u011bme tyto obavy v\u00e1\u017en\u011b a zastavme tento projekt.\u00a0Rizika a nejistoty jsou p\u0159\u00edli\u0161 velk\u00e9.&#8220;<\/strong><\/span><\/p>\n<p><img decoding=\"async\" loading=\"lazy\" class=\"alignnone size-full wp-image-1185\" src=\"http:\/\/www.infokuryr.cz\/n\/wp-content\/uploads\/2021\/04\/kuryr-podpis.png\" alt=\"\" width=\"84\" height=\"24\" \/><\/p>\n<p>&nbsp;<\/p>\n<p>&nbsp;<\/p>\n<p><img decoding=\"async\" loading=\"lazy\" class=\"wp-image-19187 aligncenter\" src=\"http:\/\/www.infokuryr.cz\/n\/wp-content\/uploads\/2022\/12\/1-PRO-300x36.jpg\" alt=\"\" width=\"1275\" height=\"153\" srcset=\"https:\/\/www.infokuryr.cz\/n\/wp-content\/uploads\/2022\/12\/1-PRO-300x36.jpg 300w, https:\/\/www.infokuryr.cz\/n\/wp-content\/uploads\/2022\/12\/1-PRO.jpg 699w\" sizes=\"(max-width: 1275px) 100vw, 1275px\" \/><\/p>\n<p>&nbsp;<\/p>\n<p>&nbsp;<\/p>\n","protected":false},"excerpt":{"rendered":"<p>Evropsk\u00fd parlament ve st\u0159edu projedn\u00e1val digit\u00e1ln\u00ed euro.\u00a0N\u011bkolik poslanc\u016f varovalo p\u0159ed nebezpe\u010d\u00edm digit\u00e1ln\u00edch pen\u011bz. Europoslanec Marcel&#8230;<\/p>\n","protected":false},"author":2,"featured_media":18789,"comment_status":"closed","ping_status":"closed","sticky":false,"template":"","format":"standard","meta":[],"categories":[7],"tags":[528,4828,41,1884],"_links":{"self":[{"href":"https:\/\/www.infokuryr.cz\/n\/wp-json\/wp\/v2\/posts\/26704"}],"collection":[{"href":"https:\/\/www.infokuryr.cz\/n\/wp-json\/wp\/v2\/posts"}],"about":[{"href":"https:\/\/www.infokuryr.cz\/n\/wp-json\/wp\/v2\/types\/post"}],"author":[{"embeddable":true,"href":"https:\/\/www.infokuryr.cz\/n\/wp-json\/wp\/v2\/users\/2"}],"replies":[{"embeddable":true,"href":"https:\/\/www.infokuryr.cz\/n\/wp-json\/wp\/v2\/comments?post=26704"}],"version-history":[{"count":0,"href":"https:\/\/www.infokuryr.cz\/n\/wp-json\/wp\/v2\/posts\/26704\/revisions"}],"wp:featuredmedia":[{"embeddable":true,"href":"https:\/\/www.infokuryr.cz\/n\/wp-json\/wp\/v2\/media\/18789"}],"wp:attachment":[{"href":"https:\/\/www.infokuryr.cz\/n\/wp-json\/wp\/v2\/media?parent=26704"}],"wp:term":[{"taxonomy":"category","embeddable":true,"href":"https:\/\/www.infokuryr.cz\/n\/wp-json\/wp\/v2\/categories?post=26704"},{"taxonomy":"post_tag","embeddable":true,"href":"https:\/\/www.infokuryr.cz\/n\/wp-json\/wp\/v2\/tags?post=26704"}],"curies":[{"name":"wp","href":"https:\/\/api.w.org\/{rel}","templated":true}]}}