{"id":26701,"date":"2023-04-23T01:02:31","date_gmt":"2023-04-22T23:02:31","guid":{"rendered":"http:\/\/www.infokuryr.cz\/n\/?p=26701"},"modified":"2023-04-22T15:55:08","modified_gmt":"2023-04-22T13:55:08","slug":"nyni-reditelka-cdc-poprve-pripousti-ze-ockovani-lide-mohou-sirit-covid","status":"publish","type":"post","link":"https:\/\/www.infokuryr.cz\/n\/2023\/04\/23\/nyni-reditelka-cdc-poprve-pripousti-ze-ockovani-lide-mohou-sirit-covid\/","title":{"rendered":"Nyn\u00ed \u0159editelka CDC poprv\u00e9 p\u0159ipou\u0161t\u00ed, \u017ee o\u010dkovan\u00ed lid\u00e9 mohou \u0161\u00ed\u0159it COVID"},"content":{"rendered":"<div id=\"fb-root\"><\/div>\n<div class=\"elementor-element elementor-element-1fb4c2c elementor-widget elementor-widget-theme-post-content\" data-id=\"1fb4c2c\" data-element_type=\"widget\" data-widget_type=\"theme-post-content.default\">\n<div class=\"elementor-widget-container\">\n<p><span style=\"font-size: 18pt;\"><strong>&#8222;V\u011bda se vyvinula&#8220;<\/strong><\/span><\/p>\n<p>\u0158editelka CDC Rochelle Walensky p\u0159ed st\u0159ede\u010dn\u00edm kongresem poprv\u00e9 p\u0159ipustila, \u017ee lid\u00e9, kte\u0159\u00ed byli o\u010dkov\u00e1ni proti COVID, mohou virus st\u00e1le p\u0159en\u00e1\u0161et na ostatn\u00ed.<\/p>\n<p>Walensky, kter\u00e1 ned\u00e1vno onemocn\u011bla COVID, p\u0159esto\u017ee byla p\u011btkr\u00e1t o\u010dkov\u00e1na, tvrdila, \u017ee jej\u00ed vlastn\u00ed p\u0159edchoz\u00ed prohl\u00e1\u0161en\u00ed, \u017ee virus nemohou p\u0159en\u00e1\u0161et o\u010dkovan\u00ed lid\u00e9 a \u017ee COVID je nyn\u00ed \u201epandemie neo\u010dkovan\u00fdch\u201c kv\u016fli \u201erozvoji v\u011bdy\u201c. \u201c ji\u017e neplat\u00ed.<\/p>\n<p><strong>&#8222;Toto prohl\u00e1\u0161en\u00ed ji\u017e nen\u00ed p\u0159esn\u00e9 s omikronov\u00fdmi variantami, kter\u00e9 nyn\u00ed m\u00e1me,&#8220; \u0159ekla z\u00e1konod\u00e1rc\u016fm:<\/strong><\/p>\n<p><em>\u0158editelka CDC Rochelle Walensky sd\u011blila Kongresu, \u017ee o\u010dkovan\u00ed lid\u00e9 mohou skute\u010dn\u011b \u0161\u00ed\u0159it COVID, na rozd\u00edl od toho, co d\u0159\u00edve \u0159ekla, p\u0159i\u010dem\u017e tuto zm\u011bnu p\u0159ipisuje \u201eevoluci ve v\u011bd\u011b\u201c.<\/em><\/p>\n<p>&nbsp;<\/p>\n<div class=\"twitter-tweet twitter-tweet-rendered\"><iframe id=\"twitter-widget-0\" class=\"\" title=\"Twitter Tweet\" src=\"https:\/\/platform.twitter.com\/embed\/Tweet.html?creatorScreenName=uncutnewsCH&amp;dnt=false&amp;embedId=twitter-widget-0&amp;features=eyJ0ZndfdGltZWxpbmVfbGlzdCI6eyJidWNrZXQiOltdLCJ2ZXJzaW9uIjpudWxsfSwidGZ3X2ZvbGxvd2VyX2NvdW50X3N1bnNldCI6eyJidWNrZXQiOnRydWUsInZlcnNpb24iOm51bGx9LCJ0ZndfdHdlZXRfZWRpdF9iYWNrZW5kIjp7ImJ1Y2tldCI6Im9uIiwidmVyc2lvbiI6bnVsbH0sInRmd19yZWZzcmNfc2Vzc2lvbiI6eyJidWNrZXQiOiJvbiIsInZlcnNpb24iOm51bGx9LCJ0ZndfbWl4ZWRfbWVkaWFfMTU4OTciOnsiYnVja2V0IjoidHJlYXRtZW50IiwidmVyc2lvbiI6bnVsbH0sInRmd19leHBlcmltZW50c19jb29raWVfZXhwaXJhdGlvbiI6eyJidWNrZXQiOjEyMDk2MDAsInZlcnNpb24iOm51bGx9LCJ0ZndfZHVwbGljYXRlX3NjcmliZXNfdG9fc2V0dGluZ3MiOnsiYnVja2V0Ijoib24iLCJ2ZXJzaW9uIjpudWxsfSwidGZ3X3ZpZGVvX2hsc19keW5hbWljX21hbmlmZXN0c18xNTA4MiI6eyJidWNrZXQiOiJ0cnVlX2JpdHJhdGUiLCJ2ZXJzaW9uIjpudWxsfSwidGZ3X2xlZ2FjeV90aW1lbGluZV9zdW5zZXQiOnsiYnVja2V0Ijp0cnVlLCJ2ZXJzaW9uIjpudWxsfSwidGZ3X3R3ZWV0X2VkaXRfZnJvbnRlbmQiOnsiYnVja2V0Ijoib24iLCJ2ZXJzaW9uIjpudWxsfX0%3D&amp;frame=false&amp;hideCard=false&amp;hideThread=false&amp;id=1648748890789920769&amp;lang=cs&amp;origin=https%3A%2F%2Funcutnews.ch%2Fnun-gibt-auch-der-direktor-cdc-zum-ersten-mal-zu-dass-geimpfte-menschen-covid-verbreiten-koennen-video%2F&amp;sessionId=d5b459ba97266243d98260b557ff3f41ee4e7a63&amp;siteScreenName=Donuncutschweiz&amp;theme=light&amp;widgetsVersion=aaf4084522e3a%3A1674595607486&amp;width=550px\" frameborder=\"0\" scrolling=\"no\" allowfullscreen=\"allowfullscreen\" data-tweet-id=\"1648748890789920769\" data-mce-fragment=\"1\"><\/iframe><\/div>\n<p><span style=\"font-size: 18pt;\"><strong><br \/>\nTo je trapn\u00e9:<\/strong><\/span><\/p>\n<p><em>\u0158editelka CDC Dr. Rochelle Walensky: &#8222;Na\u0161e data CDC dnes nazna\u010duj\u00ed, \u017ee o\u010dkovan\u00ed jedinci nejsou nositeli viru.&#8220;<\/em><\/p>\n<p>&nbsp;<\/p>\n<div class=\"twitter-tweet twitter-tweet-rendered\"><iframe id=\"twitter-widget-1\" class=\"\" title=\"Twitter Tweet\" src=\"https:\/\/platform.twitter.com\/embed\/Tweet.html?creatorScreenName=uncutnewsCH&amp;dnt=false&amp;embedId=twitter-widget-1&amp;features=eyJ0ZndfdGltZWxpbmVfbGlzdCI6eyJidWNrZXQiOltdLCJ2ZXJzaW9uIjpudWxsfSwidGZ3X2ZvbGxvd2VyX2NvdW50X3N1bnNldCI6eyJidWNrZXQiOnRydWUsInZlcnNpb24iOm51bGx9LCJ0ZndfdHdlZXRfZWRpdF9iYWNrZW5kIjp7ImJ1Y2tldCI6Im9uIiwidmVyc2lvbiI6bnVsbH0sInRmd19yZWZzcmNfc2Vzc2lvbiI6eyJidWNrZXQiOiJvbiIsInZlcnNpb24iOm51bGx9LCJ0ZndfbWl4ZWRfbWVkaWFfMTU4OTciOnsiYnVja2V0IjoidHJlYXRtZW50IiwidmVyc2lvbiI6bnVsbH0sInRmd19leHBlcmltZW50c19jb29raWVfZXhwaXJhdGlvbiI6eyJidWNrZXQiOjEyMDk2MDAsInZlcnNpb24iOm51bGx9LCJ0ZndfZHVwbGljYXRlX3NjcmliZXNfdG9fc2V0dGluZ3MiOnsiYnVja2V0Ijoib24iLCJ2ZXJzaW9uIjpudWxsfSwidGZ3X3ZpZGVvX2hsc19keW5hbWljX21hbmlmZXN0c18xNTA4MiI6eyJidWNrZXQiOiJ0cnVlX2JpdHJhdGUiLCJ2ZXJzaW9uIjpudWxsfSwidGZ3X2xlZ2FjeV90aW1lbGluZV9zdW5zZXQiOnsiYnVja2V0Ijp0cnVlLCJ2ZXJzaW9uIjpudWxsfSwidGZ3X3R3ZWV0X2VkaXRfZnJvbnRlbmQiOnsiYnVja2V0Ijoib24iLCJ2ZXJzaW9uIjpudWxsfX0%3D&amp;frame=false&amp;hideCard=false&amp;hideThread=false&amp;id=1376950399232573442&amp;lang=cs&amp;origin=https%3A%2F%2Funcutnews.ch%2Fnun-gibt-auch-der-direktor-cdc-zum-ersten-mal-zu-dass-geimpfte-menschen-covid-verbreiten-koennen-video%2F&amp;sessionId=d5b459ba97266243d98260b557ff3f41ee4e7a63&amp;siteScreenName=Donuncutschweiz&amp;theme=light&amp;widgetsVersion=aaf4084522e3a%3A1674595607486&amp;width=550px\" frameborder=\"0\" scrolling=\"no\" allowfullscreen=\"allowfullscreen\" data-tweet-id=\"1376950399232573442\" data-mce-fragment=\"1\"><\/iframe><\/div>\n<p><span style=\"font-size: 18pt;\"><strong>Walensky tak\u00e9 vysv\u011btlila, \u017ee nikdy nep\u0159edpov\u00eddala, \u017ee se imunita v\u016f\u010di o\u010dkov\u00e1n\u00ed proti Covidu sn\u00ed\u017e\u00ed.<\/strong><\/span><\/p>\n<figure class=\"wp-block-embed is-type-video is-provider-youtube wp-block-embed-youtube wp-embed-aspect-16-9 wp-has-aspect-ratio\">\n<div class=\"wp-block-embed__wrapper\"><iframe loading=\"lazy\" title=\"\u0158editelka CDC Rochelle Walensky: P\u0159\u00edli\u0161 m\u00e1lo opatrnosti a p\u0159\u00edli\u0161 mnoho optimismu...\" src=\"https:\/\/www.youtube.com\/embed\/8DPS4nBFXBo?feature=oembed\" width=\"800\" height=\"450\" frameborder=\"0\" allowfullscreen=\"allowfullscreen\" data-mce-fragment=\"1\"><\/iframe><\/div>\n<\/figure>\n<p><strong><br \/>\nV\u011bda pokro\u010dila, ale zjevn\u011b ne podle pokyn\u016f CDC!<\/strong><\/p>\n<\/div>\n<\/div>\n<div class=\"elementor-element elementor-element-8c57238 quelle dc-has-condition dc-condition-empty elementor-widget elementor-widget-heading\" data-id=\"8c57238\" data-element_type=\"widget\" data-widget_type=\"heading.default\">\n<div class=\"elementor-widget-container\">\n<h3 class=\"elementor-heading-title elementor-size-default\"><span style=\"font-size: 8pt;\"><a href=\"https:\/\/summit.news\/2023\/04\/21\/video-cdc-director-admits-for-the-first-time-that-vaccinated-people-can-spread-covid\/\" target=\"_blank\" rel=\"nofollow noopener\">ZDROJ<\/a><\/span><\/h3>\n<\/div>\n<\/div>\n<p>&nbsp;<\/p>\n<p>&nbsp;<\/p>\n<p><img decoding=\"async\" loading=\"lazy\" class=\"wp-image-19187 aligncenter\" src=\"http:\/\/www.infokuryr.cz\/n\/wp-content\/uploads\/2022\/12\/1-PRO-300x36.jpg\" alt=\"\" width=\"1250\" height=\"150\" srcset=\"https:\/\/www.infokuryr.cz\/n\/wp-content\/uploads\/2022\/12\/1-PRO-300x36.jpg 300w, https:\/\/www.infokuryr.cz\/n\/wp-content\/uploads\/2022\/12\/1-PRO.jpg 699w\" sizes=\"(max-width: 1250px) 100vw, 1250px\" \/><\/p>\n<p>&nbsp;<\/p>\n<p>&nbsp;<\/p>\n","protected":false},"excerpt":{"rendered":"<p>&#8222;V\u011bda se vyvinula&#8220; \u0158editelka CDC Rochelle Walensky p\u0159ed st\u0159ede\u010dn\u00edm kongresem poprv\u00e9 p\u0159ipustila, \u017ee lid\u00e9, kte\u0159\u00ed&#8230;<\/p>\n","protected":false},"author":2,"featured_media":26702,"comment_status":"closed","ping_status":"closed","sticky":false,"template":"","format":"standard","meta":[],"categories":[7],"tags":[1037,23,1082,37],"_links":{"self":[{"href":"https:\/\/www.infokuryr.cz\/n\/wp-json\/wp\/v2\/posts\/26701"}],"collection":[{"href":"https:\/\/www.infokuryr.cz\/n\/wp-json\/wp\/v2\/posts"}],"about":[{"href":"https:\/\/www.infokuryr.cz\/n\/wp-json\/wp\/v2\/types\/post"}],"author":[{"embeddable":true,"href":"https:\/\/www.infokuryr.cz\/n\/wp-json\/wp\/v2\/users\/2"}],"replies":[{"embeddable":true,"href":"https:\/\/www.infokuryr.cz\/n\/wp-json\/wp\/v2\/comments?post=26701"}],"version-history":[{"count":1,"href":"https:\/\/www.infokuryr.cz\/n\/wp-json\/wp\/v2\/posts\/26701\/revisions"}],"predecessor-version":[{"id":26703,"href":"https:\/\/www.infokuryr.cz\/n\/wp-json\/wp\/v2\/posts\/26701\/revisions\/26703"}],"wp:featuredmedia":[{"embeddable":true,"href":"https:\/\/www.infokuryr.cz\/n\/wp-json\/wp\/v2\/media\/26702"}],"wp:attachment":[{"href":"https:\/\/www.infokuryr.cz\/n\/wp-json\/wp\/v2\/media?parent=26701"}],"wp:term":[{"taxonomy":"category","embeddable":true,"href":"https:\/\/www.infokuryr.cz\/n\/wp-json\/wp\/v2\/categories?post=26701"},{"taxonomy":"post_tag","embeddable":true,"href":"https:\/\/www.infokuryr.cz\/n\/wp-json\/wp\/v2\/tags?post=26701"}],"curies":[{"name":"wp","href":"https:\/\/api.w.org\/{rel}","templated":true}]}}