{"id":2670,"date":"2021-06-20T05:45:45","date_gmt":"2021-06-20T03:45:45","guid":{"rendered":"http:\/\/www.infokuryr.cz\/n\/?p=2670"},"modified":"2021-06-20T05:45:45","modified_gmt":"2021-06-20T03:45:45","slug":"v-polsku-zakladaji-novou-konzervativni-univerzitu-ty-soucasne-jsou-ovladane-neomarxisty-a-levicaky","status":"publish","type":"post","link":"https:\/\/www.infokuryr.cz\/n\/2021\/06\/20\/v-polsku-zakladaji-novou-konzervativni-univerzitu-ty-soucasne-jsou-ovladane-neomarxisty-a-levicaky\/","title":{"rendered":"V Polsku zakl\u00e1daj\u00ed novou konzervativn\u00ed univerzitu. Ty sou\u010dasn\u00e9 jsou ovl\u00e1dan\u00e9 neomarxisty a levi\u010d\u00e1ky"},"content":{"rendered":"<div id=\"fb-root\"><\/div>\n<p>Ve Var\u0161av\u011b vznik\u00e1 nov\u00e1 univerzita\u00a0<a href=\"https:\/\/rmx.news\/article\/article\/in-essence-we-re-working-as-the-antithesis-of-the-soros-project-conservative-university-in-warsaw-to-open-its-doors-in-october\">Collegium Intermarium<\/a>.\u00a0<strong>Podle jej\u00edho rektora Tymoteusze Zycha je c\u00edlem nab\u00eddnout svobodnou akademickou p\u016fdu pro stejn\u011b sm\u00fd\u0161lej\u00edc\u00ed profesory a garantovat svobodu slova a svobodnou akademickou debatu, kter\u00e1 je pro skute\u010dn\u00fd rozvoj v\u011bdeck\u00e9ho b\u00e1d\u00e1n\u00ed nezbytn\u00e1 Podle rektora jsou sou\u010dasn\u00e9 univerzity zcela ovl\u00e1d\u00e1ny neomarxisty a levi\u010d\u00e1ky a sm\u00ed na nich zazn\u00edvat pouze jim bl\u00edzk\u00e9 n\u00e1zory a my\u0161lenky.<\/strong><\/p>\n<p>Univerzita rovn\u011b\u017e pl\u00e1nuje podpo\u0159it projekt \u201cmezimo\u0159\u00ed\u201d,<strong>\u00a0kter\u00fd je rekonstrukc\u00ed Rakouska-Uherska 2.0 a m\u00e1 vytvo\u0159it n\u00e1razn\u00edkov\u00e9 p\u00e1smo mezi islamizovanou z\u00e1padn\u00ed Evropou a rusk\u00fdm sv\u011btem.<\/strong><\/p>\n<p>Jedn\u00e1 se o jak\u00fdsi\u00a0<strong>projekt antiteze Sorosovo St\u0159edoevropsk\u00e9 univerzity (CEU), kter\u00e1 je hn\u00edzdem neomarxistick\u00fdch rozvratn\u00edk\u016f n\u00e1rodn\u00edch st\u00e1t\u016f a tradi\u010dn\u00ed rodin<\/strong>y. Nov\u00e1 univerzita m\u00e1 naopak poslou\u017eit jako ideov\u00e1 z\u00e1kladna obr\u00e1nc\u016fm n\u00e1rodn\u00edch st\u00e1t\u016f a norm\u00e1ln\u00ed rodiny a \u017eivota.<\/p>\n<p>Bohu\u017eel u\u00a0<strong>n\u00e1s doma jsou t\u00e9m\u011b\u0159 v\u0161echny univerzity tak\u00e9 ovl\u00e1d\u00e1ny neomarxisty a levi\u010d\u00e1ky (v\u010detn\u011b CEVRO) a o n\u011bjak\u00e9 svobodn\u00e9 diskuzi si na nich m\u016f\u017eete jen nechat zd\u00e1t.<\/strong><\/p>\n<p><em><span>Tituln\u00ed obr\u00e1zek: Rektor nov\u00e9 konzervativn\u00ed vysok\u00e9 \u0161koly ve Var\u0161av\u011b, Collegium Intermarium, Tymoteusz Zych<\/span><\/em><\/p>\n<p><a href=\"https:\/\/ceskavec.com\/2021\/06\/v-polsku-zakladaji-novou-konzervativni-univerzitu-ty-soucasne-jsou-ovladane-neomarxisty-a-levicaky\">KPI<\/a><\/p>\n<p>&nbsp;<\/p>\n","protected":false},"excerpt":{"rendered":"<p>Ve Var\u0161av\u011b vznik\u00e1 nov\u00e1 univerzita\u00a0Collegium Intermarium.\u00a0Podle jej\u00edho rektora Tymoteusze Zycha je c\u00edlem nab\u00eddnout svobodnou akademickou&#8230;<\/p>\n","protected":false},"author":2,"featured_media":2671,"comment_status":"closed","ping_status":"closed","sticky":false,"template":"","format":"standard","meta":[],"categories":[7],"tags":[31,442,678],"_links":{"self":[{"href":"https:\/\/www.infokuryr.cz\/n\/wp-json\/wp\/v2\/posts\/2670"}],"collection":[{"href":"https:\/\/www.infokuryr.cz\/n\/wp-json\/wp\/v2\/posts"}],"about":[{"href":"https:\/\/www.infokuryr.cz\/n\/wp-json\/wp\/v2\/types\/post"}],"author":[{"embeddable":true,"href":"https:\/\/www.infokuryr.cz\/n\/wp-json\/wp\/v2\/users\/2"}],"replies":[{"embeddable":true,"href":"https:\/\/www.infokuryr.cz\/n\/wp-json\/wp\/v2\/comments?post=2670"}],"version-history":[{"count":0,"href":"https:\/\/www.infokuryr.cz\/n\/wp-json\/wp\/v2\/posts\/2670\/revisions"}],"wp:featuredmedia":[{"embeddable":true,"href":"https:\/\/www.infokuryr.cz\/n\/wp-json\/wp\/v2\/media\/2671"}],"wp:attachment":[{"href":"https:\/\/www.infokuryr.cz\/n\/wp-json\/wp\/v2\/media?parent=2670"}],"wp:term":[{"taxonomy":"category","embeddable":true,"href":"https:\/\/www.infokuryr.cz\/n\/wp-json\/wp\/v2\/categories?post=2670"},{"taxonomy":"post_tag","embeddable":true,"href":"https:\/\/www.infokuryr.cz\/n\/wp-json\/wp\/v2\/tags?post=2670"}],"curies":[{"name":"wp","href":"https:\/\/api.w.org\/{rel}","templated":true}]}}