{"id":26699,"date":"2023-04-23T01:01:28","date_gmt":"2023-04-22T23:01:28","guid":{"rendered":"http:\/\/www.infokuryr.cz\/n\/?p=26699"},"modified":"2023-04-22T15:50:31","modified_gmt":"2023-04-22T13:50:31","slug":"eugenika-propaganda-a-cenzura-jak-dnes-pusobi-lekce-holocaustu","status":"publish","type":"post","link":"https:\/\/www.infokuryr.cz\/n\/2023\/04\/23\/eugenika-propaganda-a-cenzura-jak-dnes-pusobi-lekce-holocaustu\/","title":{"rendered":"Eugenika, propaganda a cenzura: Jak dnes p\u016fsob\u00ed lekce holocaustu"},"content":{"rendered":"<div id=\"fb-root\"><\/div>\n<div class=\"elementor-element elementor-element-1fb4c2c elementor-widget elementor-widget-theme-post-content\" data-id=\"1fb4c2c\" data-element_type=\"widget\" data-widget_type=\"theme-post-content.default\">\n<div class=\"elementor-widget-container\">\n<p><strong>V rozporu s p\u0159\u00edkazy prezidenta Trumana bylo v r\u00e1mci operace Paperclip do Spojen\u00fdch st\u00e1t\u016f p\u0159ivezeno v\u00edce ne\u017e 1600 prominentn\u00edch nacistick\u00fdch v\u011bdc\u016f a in\u017een\u00fdr\u016f, ale s nimi byla jejich ideologie importov\u00e1na tak\u00e9 do americk\u00fdch l\u00e9ka\u0159sk\u00fdch a v\u011bdeck\u00fdch instituc\u00ed.<\/strong><\/p>\n<p><span>V dokumentu \u201eNever Again is Now Global\u201c p\u0159e\u017eiv\u0161\u00ed holocaustu referuj\u00ed o sv\u00fdch vzpom\u00ednk\u00e1ch na ud\u00e1losti 30. a 40. let.\u00a0Vytv\u00e1\u0159ej\u00ed p\u0159\u00edm\u00e9 paralely s dne\u0161kem, v\u010detn\u011b vylou\u010den\u00ed ur\u010dit\u00fdch skupin, propagandy, cenzury, st\u00e1tem kontrolovan\u00e9 v\u011bdy a zapojen\u00ed l\u00e9ka\u0159\u016f do legitimizace t\u011bchto politik.\u00a0Vera Sharav, inici\u00e1torka dokumentu, diskutuje o jeho poselstv\u00ed a t\u00e9matech v exkluzivn\u00edm rozhovoru pro The Other Newspaper.<\/span><\/p>\n<p><span>\u0160arav p\u0159e\u017eila nacistick\u00e9 t\u00e1bory jako mlad\u00e1 d\u00edvka.\u00a0Pozd\u011bji zalo\u017eila Alianci pro ochranu lidsk\u00e9ho v\u00fdzkumu, kter\u00e1 obhajuje \u201einformovan\u00fd souhlas\u201c v l\u00e9ka\u0159sk\u00fdch experimentech a etick\u00e9 praxi medic\u00edny.\u00a0Mluvila nahlas a jasn\u011b proti tomu, co pova\u017euje za l\u017ei za politikou Corony.<\/span><\/p>\n<p><span>Vyvodit historick\u00e9 pou\u010den\u00ed z holocaustu je tabu;\u00a0kter\u00e9 v\u00e1s v dokumentu zlom\u00ed.\u00a0Jak jako \u010dlov\u011bk, kter\u00fd t\u00e1bory s\u00e1m za\u017eil, pro\u017e\u00edv\u00e1te toto tabu?<\/span><\/p>\n<p><span>Holocaust je nyn\u00ed zpolitizov\u00e1n.\u00a0Institucion\u00e1ln\u00ed str\u00e1\u017eci podkopali \u00fa\u010del v\u00fduky d\u011bjin holocaustu.\u00a0Nech m\u011b to vysv\u011btlit.\u00a0Ne\u017e byl ve Washingtonu pam\u00e1tn\u00edk holocaustu, existovala zde prezidentsk\u00e1 komise v \u010dele s p\u0159e\u017eiv\u0161\u00edm Osv\u011btimi a nositelem Nobelovy ceny Eliem Wieselem.\u00a0Velmi otev\u0159en\u011b mluvil o smyslu holocaustu a varov\u00e1n\u00ed, \u017ee ud\u00e1lost v sob\u011b nese o tom, co se m\u016f\u017ee st\u00e1t, o tom, co se stalo.\u00a0V roce 1979 vydala komise zpr\u00e1vu varuj\u00edc\u00ed, \u017ee genocida takov\u00e9ho rozsahu by se mohla opakovat.\u00a0V roce 2019 stejn\u00e1 instituce vydala varov\u00e1n\u00ed: s holocaustem by nem\u011bly b\u00fdt spojov\u00e1ny \u017e\u00e1dn\u00e9 paralely, a\u0165 u\u017e historicky, ani v sou\u010dasnosti.\u00a0Toto je \u00fapln\u00fd o-face.\u00a0\u0160est set v\u011bdc\u016f napsalo protestn\u00ed dopis: Pokud je to tak, nem\u016f\u017eeme u\u017e studovat historii.\u00a0Byli jste ignorov\u00e1ni.<\/span><\/p>\n<p><span>Souhlas\u00edm s Eliem a ostatn\u00edmi p\u0159e\u017eiv\u0161\u00edmi, kte\u0159\u00ed pochopili, \u017ee p\u0159ipomenut\u00ed t\u00e9to ud\u00e1losti by m\u011blo slou\u017eit nejen z \u00facty k mrtv\u00fdm, ale tak\u00e9 jako varov\u00e1n\u00ed p\u0159ed jak\u00fdmkoliv znamen\u00edm, \u017ee by se v\u011bci mohly op\u011bt ub\u00edrat t\u00edmto sm\u011brem \u2013 toto jsou prvn\u00ed mal\u00e9 kr\u016f\u010dky.\u00a0V\u011bt\u0161ina nebere v \u00favahu, \u017ee Hitler se dostal k moci v roce 1933.\u00a0Holocaust za\u010dal a\u017e v roce 1942. Vedlo to velmi dlouho.\u00a0Tento postup byl pomal\u00fd;\u00a0syst\u00e9m byl postupn\u011b st\u00e1le represivn\u011bj\u0161\u00ed.<\/span><\/p>\n<p><span>Je d\u016fle\u017eit\u00e9 pochopit, co se tehdy stalo, proto\u017ee je to pl\u00e1n toho, co se nyn\u00ed d\u011bje v celosv\u011btov\u00e9m m\u011b\u0159\u00edtku.\u00a0A skute\u010dnost, \u017ee se tak usilovn\u011b sna\u017e\u00ed, aby to nevid\u011bli, je v\u00fdmluvn\u00fdm znamen\u00edm.\u00a0Boj\u00ed se \u2013 kdyby lid\u00e9 najednou vid\u011bli, \u017ee to, co se tehdy d\u011blo, se znovu pl\u00e1nuje, ale v mnohem v\u011bt\u0161\u00edm m\u011b\u0159\u00edtku, u\u017e by neposlouchali, co jim \u00fa\u0159ady \u0159\u00edkaj\u00ed.<\/span><\/p>\n<p><span>V t\u00e9 dob\u011b byli d\u00e9monizov\u00e1ni \u017did\u00e9, ale i handicapovan\u00ed, zejm\u00e9na ment\u00e1ln\u011b posti\u017een\u00ed.\u00a0Prvn\u00edmi ob\u011b\u0165mi nacistick\u00fdch l\u00e9ka\u0159sk\u00fdch vra\u017ed byly handicapovan\u00e9 d\u011bti (program T4 \u2013 red.).\u00a0P\u0159edpokl\u00e1dali, \u017ee pokud takto \u201evy\u010dist\u00ed\u201c genofond, nebudou se v budoucnu rodit dal\u0161\u00ed posti\u017een\u00e9 d\u011bti.\u00a0To je pseudov\u011bda.\u00a0Stejn\u00fd druh pseudov\u011bdy \u0159\u00edk\u00e1, \u017ee pokud nejste o\u010dkov\u00e1ni, \u0161\u00ed\u0159\u00edte nemoc.\u00a0\u017did\u00e9 byli naz\u00fdv\u00e1ni p\u0159ena\u0161e\u010di nemoc\u00ed, co\u017e v t\u00e9 dob\u011b p\u0159edstavovalo hrozbu pro ve\u0159ejn\u00e9 zdrav\u00ed.\u00a0D\u00e9monizace velk\u00e9 \u010d\u00e1sti populace jim nakonec dala opr\u00e1vn\u011bn\u00ed p\u00e1chat genocidu.<\/span><\/p>\n<p><span>Dal\u0161\u00ed paralelou je spolupr\u00e1ce l\u00e9ka\u0159sk\u00e9 profese.\u00a0Ze v\u0161ech profesn\u00edch skupin byli v NSDAP nejsiln\u011bji zastoupeni l\u00e9ka\u0159i.\u00a0T\u00edm legitimizovali l\u00e9ka\u0159skou vra\u017edu.\u00a0To je d\u016fle\u017eit\u00e9 v\u011bd\u011bt, proto\u017ee bez jejich spolupr\u00e1ce by mnoho zlo\u010din\u016f nebylo mo\u017en\u00e9.\u00a0Tot\u00e9\u017e se d\u011bje nyn\u00ed: l\u00e9ka\u0159sk\u00e1 profese \u00fazkostliv\u011b dodr\u017euje v\u0161echny protokoly, kter\u00e9 jim vl\u00e1da p\u0159edepsala.<\/span><\/p>\n<p><span>Nap\u0159\u00edklad v mnoha zem\u00edch v\u010detn\u011b Spojen\u00fdch st\u00e1t\u016f (b\u011bhem krize Covid) existovaly pokyny, aby se star\u0161\u00ed lid\u00e9 nel\u00e9\u010dili.\u00a0[\u0160v\u00e9dsk\u00fd l\u00e9ka\u0159 Jon Tallinger odhalil na\u0159\u00edzen\u00ed \u0161v\u00e9dsk\u00e9 vl\u00e1dy pod\u00e1vat star\u0161\u00edm pacient\u016fm s Covidem l\u00e9ky, kter\u00e9 ukon\u010duj\u00ed \u017eivot.\u00a0Rozhovory\u00a0<\/span><a href=\"https:\/\/rairfoundation.com\/swedish-health-professionals-expose-coronavirus-directives-for-the-elderly-basically-kill-the-patients-watch\/\" target=\"_blank\" rel=\"noreferrer noopener\" data-type=\"URL\" data-id=\"https:\/\/rairfoundation.com\/swedish-health-professionals-expose-coronavirus-directives-for-the-elderly-basically-kill-the-patients-watch\/\"><span>zde<\/span><\/a><span>\u00a0a\u00a0<\/span><a href=\"https:\/\/rairfoundation.com\/exclusive-swedish-doctor-pleads-for-help-govt-denies-elderly-coronavirus-patients-life-saving-oxygen-watch\/\" target=\"_blank\" rel=\"noreferrer noopener\" data-type=\"URL\" data-id=\"https:\/\/rairfoundation.com\/exclusive-swedish-doctor-pleads-for-help-govt-denies-elderly-coronavirus-patients-life-saving-oxygen-watch\/\"><span>zde<\/span><\/a><span>\u00a0.\u00a0Pokud by p\u0159ece jen skon\u010dili v nemocnici, pou\u017eit\u00e9 protokoly jako kup\u0159. ventil\u00e1tory a vysok\u00e9 d\u00e1vky midazolamu v kombinaci s jin\u00fdmi l\u00e9ky na tlumen\u00ed dechu se rovn\u00e1 l\u00e9ka\u0159sk\u00e9 vra\u017ed\u011b.<\/span><\/p>\n<p><span>V dokumentu n\u011bkolik lid\u00ed komentuje, \u017ee velmi laskav\u00ed, norm\u00e1ln\u00ed, laskav\u00ed lid\u00e9 byli zapleteni do vylo\u017een\u011b p\u0159\u00ed\u0161ern\u00fdch v\u011bc\u00ed.\u00a0T\u011b\u017eko si nap\u0159\u00edklad dok\u00e1\u017eu p\u0159edstavit, \u017ee by to l\u00e9ka\u0159i d\u011blali schv\u00e1ln\u011b;\u00a0za\u010d\u00ednaj\u00ed s v\u00fdcvikem, proto\u017ee cht\u011bj\u00ed pom\u00e1hat lidem.<\/span><\/p>\n<p><span>Milgramovy experimenty uk\u00e1zaly, \u017ee asi 60 procent norm\u00e1ln\u00edch lid\u00ed je ochotno ud\u011blit smrteln\u00fd \u0161ok, pokud jim to \u00fa\u0159ad \u0159ekne.\u00a0L\u00e9ka\u0159i se \u0159\u00edd\u00ed protokoly.\u00a0Takhle se to d\u011bl\u00e1.\u00a0Vl\u00e1da je p\u0159edepisuje;\u00a0sv\u00e9 raz\u00edtko d\u00e1vaj\u00ed profesn\u00ed asociace.\u00a0Nez\u00e1visl\u00ed l\u00e9ka\u0159i, kte\u0159\u00ed dodr\u017eovali sv\u00e9 p\u0159\u00edsahy a vyvinuli protokoly, kter\u00e9 zachra\u0148ovaly \u017eivoty, byli pran\u00fd\u0159ov\u00e1ni a d\u00e9monizov\u00e1ni.<\/span><\/p>\n<p><span>Nav\u00edc tehdy existovala nacistick\u00e1 v\u011bda, kter\u00e1 tuto politiku podporovala.\u00a0Nyn\u00ed za\u017e\u00edv\u00e1me tot\u00e9\u017e: mezi odborn\u00edky existuje v\u011bdeck\u00fd konsensus\u201c.\u00a0V\u00edte, co v\u00e1m \u0159\u00edkaj\u00ed skute\u010dn\u00ed v\u011bdci?\u00a0Kdy\u017e existuje konsenzus, u\u017e to nen\u00ed v\u011bda.\u00a0Proto\u017ee skute\u010dn\u00e1 v\u011bda v\u017edy klade ot\u00e1zky.\u00a0Ti, kte\u0159\u00ed kladou ot\u00e1zky, jsou d\u00e9monizov\u00e1ni v mainstreamov\u00fdch a soci\u00e1ln\u00edch m\u00e9di\u00edch.\u00a0Vl\u00e1dy \u00fazce spolupracuj\u00ed se v\u0161emi platformami.\u00a0Op\u011bt jde o absolutn\u00ed paralelu s t\u00edm, co d\u011blali nacist\u00e9.\u00a0Internetov\u00e1 konektivita tehdy je\u0161t\u011b nebyla, ale vzor propagandy, cenzury a z\u00e1kazu disident\u016f je stejn\u00fd jako tehdy.<\/span><\/p>\n<p><span>Krom\u011b paralel je v dokumentaci z\u0159ejm\u00e1 i linie kontinuity.\u00a0Eugenika, zapojen\u00ed finan\u010dn\u00edho sektoru a spolupr\u00e1ce velk\u00fdch mezin\u00e1rodn\u00edch spole\u010dnost\u00ed se st\u00e1tem.<\/span><\/p>\n<p><span>Po v\u00e1lce bylo do Spojen\u00fdch st\u00e1t\u016f proti rozkaz\u016fm prezidenta Trumana v r\u00e1mci operace Paperclip p\u0159ivezeno v\u00edce ne\u017e 1600 prominentn\u00edch nacistick\u00fdch v\u011bdc\u016f a in\u017een\u00fdr\u016f.\u00a0S t\u00edm byla jejich kultura importov\u00e1na i do l\u00e9ka\u0159sk\u00fdch a v\u011bdeck\u00fdch instituc\u00ed.\u00a0M\u011bli b\u00fdt souzeni v Norimberku.\u00a0Eugenika poch\u00e1zela z Velk\u00e9 Brit\u00e1nie a byla p\u0159ijata USA.\u00a0Spojen\u00e9 st\u00e1ty americk\u00e9 byly prvn\u00ed zem\u00ed, kter\u00e1 tyto eugenick\u00e9 z\u00e1kony zavedla, co\u017e mimo jin\u00e9 vy\u00fastilo v nucenou sterilizaci v\u00edce ne\u017e 30 000 \u017een.\u00a0Hitler \u0161el je\u0161t\u011b d\u00e1l.\u00a0Mus\u00edte pochopit, \u017ee akademick\u00e1 elita byla nejv\u011bt\u0161\u00edmi zast\u00e1nci eugeniky.\u00a0V\u011b\u0159ili, \u017ee lid\u00e9 si nejsou rovni.\u00a0Lid\u00e9, kter\u00e9 pova\u017eovali za m\u00e9n\u011bcenn\u00e9, se mohli bu\u010f zbavit, nebo pou\u017e\u00edt jako otroky.\u00a0Americk\u00e9 spole\u010dnosti jako Ford a General Motors toho vyu\u017eily.\u00a0Zapojil se i finan\u010dn\u00ed sektor.\u00a0Mezin\u00e1rodn\u00ed tiskov\u00e1 agentura Associated Press \u00fazce spolupracovala s nacisty.\u00a0IBM provedla s\u010d\u00edt\u00e1n\u00ed lidu, kter\u00e9 identifikovalo ka\u017ed\u00e9ho \u017dida v N\u011bmecku a Austr\u00e1lii a pozd\u011bji v okupovan\u00fdch zem\u00edch.\u00a0V t\u00e9 dob\u011b to byl je\u0161t\u011b syst\u00e9m d\u011brn\u00fdch \u0161t\u00edtk\u016f.<\/span><\/p>\n<p><span>Na t\u011bch d\u011brn\u00fdch \u0161t\u00edtc\u00edch byla rodina, rodokmen, adresy, pracovn\u00ed adresa, bankovn\u00ed \u00fa\u010det, majetek, v\u0161echno.\u00a0O n\u011bkolik let pozd\u011bji, kdy\u017e byli \u017did\u00e9 p\u0159ipraveni na deportaci, bylo velmi snadn\u00e9 je vyvlastnit;\u00a0v\u0161e bylo zaregistrov\u00e1no.\u00a0Zadr\u017een\u00ed byli ozna\u010deni \u010d\u00edsly jako dobytek &#8211; to byla identifika\u010dn\u00ed \u010d\u00edsla IBM.\u00a0V dne\u0161n\u00ed dob\u011b by to ji\u017e nebylo nutn\u00e9, pokud je v\u0161e digitalizov\u00e1no.\u00a0A jste nejen identifikov\u00e1ni, ale tak\u00e9 sledov\u00e1ni 24 hodin denn\u011b.\u00a0To je podstata chytr\u00fdch m\u011bst.\u00a0Jsou to digit\u00e1ln\u00ed koncentra\u010dn\u00ed t\u00e1bory, kde se nesm\u00edte zatoulat d\u00e1l ne\u017e deset kilometr\u016f od domova.\u00a0Pokud budou lid\u00e9 i nad\u00e1le poslu\u0161n\u00ed, je to p\u0159esn\u011b ta past, do kter\u00e9 spadnou.\u00a0Poslu\u0161nost je to, co d\u00e1v\u00e1 pachatel\u016fm moc.\u00a0T\u011bch je nakonec velmi m\u00e1lo.\u00a0Poslu\u0161nost umo\u017enila holocaust.\u00a0Nyn\u00ed tu historii m\u00e1me a m\u016f\u017eeme se z n\u00ed pou\u010dit.<\/span><\/p>\n<\/div>\n<\/div>\n<div class=\"elementor-element elementor-element-8c57238 quelle dc-has-condition dc-condition-empty elementor-widget elementor-widget-heading\" data-id=\"8c57238\" data-element_type=\"widget\" data-widget_type=\"heading.default\">\n<div class=\"elementor-widget-container\">\n<h3 class=\"elementor-heading-title elementor-size-default\"><span style=\"font-size: 8pt;\"><a href=\"https:\/\/rairfoundation.com\/eugenics-propaganda-and-censorship-how-the-lessons-of-the-holocaust-apply-today\/\" target=\"_blank\" rel=\"nofollow noopener\">ZDROJ<\/a><\/span><\/h3>\n<\/div>\n<\/div>\n<p>&nbsp;<\/p>\n<p>&nbsp;<\/p>\n<p><img decoding=\"async\" loading=\"lazy\" class=\"wp-image-19187 aligncenter\" src=\"http:\/\/www.infokuryr.cz\/n\/wp-content\/uploads\/2022\/12\/1-PRO-300x36.jpg\" alt=\"\" width=\"1292\" height=\"155\" srcset=\"https:\/\/www.infokuryr.cz\/n\/wp-content\/uploads\/2022\/12\/1-PRO-300x36.jpg 300w, https:\/\/www.infokuryr.cz\/n\/wp-content\/uploads\/2022\/12\/1-PRO.jpg 699w\" sizes=\"(max-width: 1292px) 100vw, 1292px\" \/><\/p>\n<p>&nbsp;<\/p>\n<p>&nbsp;<\/p>\n","protected":false},"excerpt":{"rendered":"<p>V rozporu s p\u0159\u00edkazy prezidenta Trumana bylo v r\u00e1mci operace Paperclip do Spojen\u00fdch st\u00e1t\u016f p\u0159ivezeno&#8230;<\/p>\n","protected":false},"author":2,"featured_media":18046,"comment_status":"closed","ping_status":"closed","sticky":false,"template":"","format":"standard","meta":[],"categories":[7],"tags":[696,4827,48,37,1561],"_links":{"self":[{"href":"https:\/\/www.infokuryr.cz\/n\/wp-json\/wp\/v2\/posts\/26699"}],"collection":[{"href":"https:\/\/www.infokuryr.cz\/n\/wp-json\/wp\/v2\/posts"}],"about":[{"href":"https:\/\/www.infokuryr.cz\/n\/wp-json\/wp\/v2\/types\/post"}],"author":[{"embeddable":true,"href":"https:\/\/www.infokuryr.cz\/n\/wp-json\/wp\/v2\/users\/2"}],"replies":[{"embeddable":true,"href":"https:\/\/www.infokuryr.cz\/n\/wp-json\/wp\/v2\/comments?post=26699"}],"version-history":[{"count":1,"href":"https:\/\/www.infokuryr.cz\/n\/wp-json\/wp\/v2\/posts\/26699\/revisions"}],"predecessor-version":[{"id":26700,"href":"https:\/\/www.infokuryr.cz\/n\/wp-json\/wp\/v2\/posts\/26699\/revisions\/26700"}],"wp:featuredmedia":[{"embeddable":true,"href":"https:\/\/www.infokuryr.cz\/n\/wp-json\/wp\/v2\/media\/18046"}],"wp:attachment":[{"href":"https:\/\/www.infokuryr.cz\/n\/wp-json\/wp\/v2\/media?parent=26699"}],"wp:term":[{"taxonomy":"category","embeddable":true,"href":"https:\/\/www.infokuryr.cz\/n\/wp-json\/wp\/v2\/categories?post=26699"},{"taxonomy":"post_tag","embeddable":true,"href":"https:\/\/www.infokuryr.cz\/n\/wp-json\/wp\/v2\/tags?post=26699"}],"curies":[{"name":"wp","href":"https:\/\/api.w.org\/{rel}","templated":true}]}}