{"id":26691,"date":"2023-04-22T05:44:10","date_gmt":"2023-04-22T03:44:10","guid":{"rendered":"http:\/\/www.infokuryr.cz\/n\/?p=26691"},"modified":"2023-04-22T05:44:10","modified_gmt":"2023-04-22T03:44:10","slug":"profesor-odsouzen-za-smrtici-bombovy-utok-na-synagogu","status":"publish","type":"post","link":"https:\/\/www.infokuryr.cz\/n\/2023\/04\/22\/profesor-odsouzen-za-smrtici-bombovy-utok-na-synagogu\/","title":{"rendered":"Profesor odsouzen za smrt\u00edc\u00ed bombov\u00fd \u00fatok na synagogu"},"content":{"rendered":"<div id=\"fb-root\"><\/div>\n<p><span style=\"font-size: 18pt;\"><strong>Hassan Diab byl v nep\u0159\u00edtomnosti shled\u00e1n vinn\u00fdm z \u00fatoku v Pa\u0159\u00ed\u017ei v roce 1980<\/strong><\/span><\/p>\n<p><span>Francouzsk\u00fd soud odsoudil libanonsko-kanadsk\u00e9ho sociologa k do\u017eivotn\u00edmu v\u011bzen\u00ed za bombov\u00fd \u00fatok na synagogu v Pa\u0159\u00ed\u017ei v roce 1980. Proces, veden\u00fd bez p\u0159\u00edtomnosti podez\u0159el\u00e9ho, ozna\u010dila Amnesty International za \u201enepodlo\u017een\u00fd a chybn\u00fd\u201c\u00a0<\/span><em><span>.<\/span><\/em><\/p>\n<p><span>Soud v p\u00e1tek ud\u011blil do\u017eivotn\u00ed trest Hassanu Diabovi, ob\u010danu Libanonu i Kanady, kter\u00fd \u017eije a vyu\u010duje v Ottaw\u011b.\u00a0Diab se odm\u00edtl z\u00fa\u010dastnit soudu a verdikt byl vynesen v nep\u0159\u00edtomnosti.\u00a0Soud vydal zatyka\u010d na Diaba, jeho\u017e pr\u00e1vn\u00edci argumentovali, \u017ee byl prost\u011b ve \u0161patnou dobu na \u0161patn\u00e9m m\u00edst\u011b.<\/span><\/p>\n<p><span>Francouz\u0161t\u00ed prokur\u00e1to\u0159i obvinili Diaba z nastra\u017een\u00ed motocyklov\u00e9 bomby p\u0159ed synagogou na Rue Copernic v Pa\u0159\u00ed\u017ei 3. \u0159\u00edjna 1980. Bomba vybuchla, kdy\u017e se uvnit\u0159 budovy shrom\u00e1\u017edilo v\u00edce ne\u017e 300 v\u011b\u0159\u00edc\u00edch, \u010dty\u0159i zabila a 46 zranila.<\/span><\/p>\n<p><span>Vy\u0161et\u0159ovatel\u00e9 p\u016fvodn\u011b z \u00fatoku podez\u00edrali neonacistick\u00e9 teroristy, pot\u00e9 obvinili palestinsk\u00e9 ozbrojence.\u00a0Kanadsk\u00e9 \u00fa\u0159ady zatkli Diaba v roce 2008 jm\u00e9nem francouzsk\u00fdch \u00fa\u0159ad\u016f, kter\u00e9 tvrdily, \u017ee profesor p\u0159ipom\u00ednal vyobrazen\u00ed atent\u00e1tn\u00edka na fotografii.\u00a0<\/span><\/p>\n<p><span>Diab byl vyd\u00e1n do Francie v roce 2014, obvin\u011bn z vra\u017edy a uv\u011bzn\u011bn.\u00a0P\u0159\u00edpad proti n\u011bmu byl v roce 2018 sta\u017een kv\u016fli nedostate\u010dn\u00fdm d\u016fkaz\u016fm a Diab se vr\u00e1til do Kanady.\u00a0Francouzsk\u00fd odvolac\u00ed soud v\u0161ak na\u0159\u00eddil, aby byl p\u0159\u00edpad znovu otev\u0159en v roce 2021.\u00a0<\/span><\/p>\n<p><span>Diabovi pr\u00e1vn\u00edci argumentovali t\u00edm, \u017ee v dob\u011b \u00fatoku studoval v Bejr\u00fatu.\u00a0Nikdo z p\u016fvodn\u00edch vy\u0161et\u0159ovatel\u016f nebyl na\u017eivu, aby mohl vypov\u00eddat, a sv\u011bdci, kte\u0159\u00ed \u00fato\u010dn\u00edka vid\u011bli, p\u0159iznali, \u017ee jejich vzpom\u00ednky v uplynul\u00fdch \u010dty\u0159ech desetilet\u00edch vybledly.\u00a0Prokur\u00e1to\u0159i uvedli, \u017ee Diab\u016fv pas byl nalezen na italsk\u00e9m leti\u0161ti v roce 1981 v dr\u017een\u00ed v\u016fdce palestinsk\u00fdch militant\u016f, ale Diab tvrdil, \u017ee tento dokument ztratil m\u011bs\u00edc p\u0159ed bombov\u00fdm \u00fatokem.<\/span><\/p>\n<p><em><span>&#8222;Od za\u010d\u00e1tku extradi\u010dn\u00edho \u0159\u00edzen\u00ed v Kanad\u011b p\u0159ed \u010dtrn\u00e1cti lety a pokra\u010duj\u00edc\u00ed v pr\u016fb\u011bhu soudn\u00edho \u0159\u00edzen\u00ed ve Francii za posledn\u00edch sedm let kanad\u0161t\u00ed a francouz\u0161t\u00ed soudci&#8230; soustavn\u011b shled\u00e1vali d\u016fkazy proti n\u011bmu slab\u00e9, nespolehliv\u00e9 a nepr\u016fkazn\u00e9,&#8220; napsala Amnesty International<\/span><\/em><span>\u00a0. m\u011bs\u00edce a vyzval francouzsk\u00e9 \u00fa\u0159ady, aby upustily od sv\u00e9ho\u00a0<\/span><em><span>\u201enepodlo\u017een\u00e9ho a chybn\u00e9ho\u201c<\/span><\/em><span>\u00a0p\u0159\u00edpadu.<\/span><\/p>\n<p><span>Nen\u00ed jasn\u00e9, zda kanadsk\u00e9 \u00fa\u0159ady vydaj\u00ed Diaba do Francie k v\u00fdkonu trestu.\u00a0<\/span><\/p>\n<p><img decoding=\"async\" loading=\"lazy\" class=\"alignnone size-full wp-image-1185\" src=\"http:\/\/www.infokuryr.cz\/n\/wp-content\/uploads\/2021\/04\/kuryr-podpis.png\" alt=\"\" width=\"84\" height=\"24\" \/><\/p>\n<p>&nbsp;<\/p>\n<p>&nbsp;<\/p>\n<p><img decoding=\"async\" loading=\"lazy\" class=\"wp-image-19187 aligncenter\" src=\"http:\/\/www.infokuryr.cz\/n\/wp-content\/uploads\/2022\/12\/1-PRO-300x36.jpg\" alt=\"\" width=\"1283\" height=\"154\" srcset=\"https:\/\/www.infokuryr.cz\/n\/wp-content\/uploads\/2022\/12\/1-PRO-300x36.jpg 300w, https:\/\/www.infokuryr.cz\/n\/wp-content\/uploads\/2022\/12\/1-PRO.jpg 699w\" sizes=\"(max-width: 1283px) 100vw, 1283px\" \/><\/p>\n<p>&nbsp;<\/p>\n<p>&nbsp;<\/p>\n","protected":false},"excerpt":{"rendered":"<p>Hassan Diab byl v nep\u0159\u00edtomnosti shled\u00e1n vinn\u00fdm z \u00fatoku v Pa\u0159\u00ed\u017ei v roce 1980 Francouzsk\u00fd&#8230;<\/p>\n","protected":false},"author":2,"featured_media":26692,"comment_status":"closed","ping_status":"closed","sticky":false,"template":"","format":"standard","meta":[],"categories":[7],"tags":[4823,130,4472,324,1188],"_links":{"self":[{"href":"https:\/\/www.infokuryr.cz\/n\/wp-json\/wp\/v2\/posts\/26691"}],"collection":[{"href":"https:\/\/www.infokuryr.cz\/n\/wp-json\/wp\/v2\/posts"}],"about":[{"href":"https:\/\/www.infokuryr.cz\/n\/wp-json\/wp\/v2\/types\/post"}],"author":[{"embeddable":true,"href":"https:\/\/www.infokuryr.cz\/n\/wp-json\/wp\/v2\/users\/2"}],"replies":[{"embeddable":true,"href":"https:\/\/www.infokuryr.cz\/n\/wp-json\/wp\/v2\/comments?post=26691"}],"version-history":[{"count":0,"href":"https:\/\/www.infokuryr.cz\/n\/wp-json\/wp\/v2\/posts\/26691\/revisions"}],"wp:featuredmedia":[{"embeddable":true,"href":"https:\/\/www.infokuryr.cz\/n\/wp-json\/wp\/v2\/media\/26692"}],"wp:attachment":[{"href":"https:\/\/www.infokuryr.cz\/n\/wp-json\/wp\/v2\/media?parent=26691"}],"wp:term":[{"taxonomy":"category","embeddable":true,"href":"https:\/\/www.infokuryr.cz\/n\/wp-json\/wp\/v2\/categories?post=26691"},{"taxonomy":"post_tag","embeddable":true,"href":"https:\/\/www.infokuryr.cz\/n\/wp-json\/wp\/v2\/tags?post=26691"}],"curies":[{"name":"wp","href":"https:\/\/api.w.org\/{rel}","templated":true}]}}