{"id":26687,"date":"2023-04-22T05:29:36","date_gmt":"2023-04-22T03:29:36","guid":{"rendered":"http:\/\/www.infokuryr.cz\/n\/?p=26687"},"modified":"2023-04-22T05:29:49","modified_gmt":"2023-04-22T03:29:49","slug":"byvala-zdravotni-sestra-popisuje-nemocnicni-covidove-protokoly-jako-lekarske-vrazdy","status":"publish","type":"post","link":"https:\/\/www.infokuryr.cz\/n\/2023\/04\/22\/byvala-zdravotni-sestra-popisuje-nemocnicni-covidove-protokoly-jako-lekarske-vrazdy\/","title":{"rendered":"B\u00fdval\u00e1 zdravotn\u00ed sestra popisuje nemocni\u010dn\u00ed covidov\u00e9 protokoly jako \u201el\u00e9ka\u0159sk\u00e9 vra\u017edy\u201c"},"content":{"rendered":"<div id=\"fb-root\"><\/div>\n<p><strong>B\u00fdval\u00e1 kalifornsk\u00e1 zdravotn\u00ed sestra, kter\u00e1 byla propu\u0161t\u011bna za to, \u017ee se odm\u00edtla d\u00e1t \u201eo\u010dkovat\u201c proti Covid-19, hovo\u0159\u00ed o hr\u016fz\u00e1ch, kter\u00fdch byla sv\u011bdkem a kter\u00e9 p\u0159e\u017eila, kdy\u017e pracovala v nemocnici b\u011bhem \u201epandemie\u201c.<\/strong><\/p>\n<p>Gail Macraeov\u00e1 tvrd\u00ed, \u017ee p\u0159ed pandemi\u00ed podporovala organizace jako jsou Centrum pro kontrolu a prevenci nemoc\u00ed (CDC) nebo Americk\u00e1 l\u00e9ka\u0159sk\u00e1 asociace (AMA).\u00a0Av\u0161ak to, co vid\u011bla p\u0159es pandemii a co j\u00ed bylo na\u0159izov\u00e1no d\u011blat pacient\u016fm jako sou\u010d\u00e1st ofici\u00e1ln\u00edch nemocni\u010dn\u00edch protokol\u016f, v\u0161ak zcela zm\u011bnilo jej\u00ed n\u00e1zory.<\/p>\n<p>P\u0159edt\u00edm, ne\u017e byla propu\u0161t\u011bna, pracovala Macraeov\u00e1 jako zdravotn\u00ed sestra v r\u016fzn\u00fdch nemocni\u010dn\u00edch odd\u011blen\u00edch, v\u010detn\u011b jednotky intenzivn\u00ed p\u00e9\u010de (JIS) a porodnice.<\/p>\n<p>Byla zam\u011bstn\u00e1na v nemocnici Kaiser Permanente Santa Rosa Medical Center od roku 2015 do roku 2021, kdy Trumpova administrativa spustila operaci \u201eWarp Speed\u201c, co\u017e byl n\u00e1zev masov\u00e9 o\u010dkovac\u00ed kampan\u011b v USA.<\/p>\n<p>Kolem jara 2020, tedy v dob\u011b vypuknut\u00ed pandemie, si Macraeova za\u010dala v\u0161\u00edmat anom\u00e1lie mezi t\u00edm, co hl\u00e1sila m\u00e9dia, a t\u00edm, co se ve skute\u010dnosti d\u011blo v jej\u00edm zam\u011bstn\u00e1n\u00ed.<\/p>\n<p><em>\u201eNemocnice nikdy nebyly pln\u00e9 pacient\u016f,\u201c<\/em>\u00a0\u0159ekla Macraeov\u00e1 o tom, \u017ee jej\u00ed nemocnice byla leccos jin\u00e9ho, \u200b\u200bjen ne \u201ep\u0159epln\u011bn\u00e1\u201c, jak o tom v dan\u00e9m \u010dase informovala fale\u0161n\u00e1 m\u00e9dia hlavn\u00edho proudu.<\/p>\n<p><em>\u201eVe skute\u010dnosti od za\u010d\u00e1tku covidu, b\u011bhem cel\u00e9ho prvn\u00edho roku t\u00e9to pandemie nejen\u017ee na\u0161e nemocnice nebyla kapacitn\u011b vyt\u00ed\u017eena, ale dokonce se ru\u0161ila m\u00edsta.\u201c<\/em><\/p>\n<p>(Souvisej\u00edc\u00ed: Pamatujete si, kdy\u017e byla nemocnice Sarasota Memorial Hospital na Florid\u011b p\u0159ichycena p\u0159i\u00a0<a href=\"https:\/\/naturalnews.com\/2021-08-17-florida-hospital-murder-covid-patient-boost-deaths.html\" target=\"_blank\" rel=\"noopener\">pokusu zavra\u017edit pacienty<\/a>\u00a0, aby um\u011ble nav\u00fd\u0161ila statistiky pacient\u016f a aby se \u201epandemie\u201c zd\u00e1la stra\u0161ideln\u011bj\u0161\u00ed?)<\/p>\n<p>Covidov\u00e9 statistiky se um\u011ble navy\u0161ovaly i na Slovensku, podrobn\u011b jsme o tom psali nap\u0159\u00edklad v\u00a0<a href=\"https:\/\/www.badatel.net\/klamu-o-vsetkom-poctoch-dennych-pripadov-hospitalizaciach-i-umrtiach-preco-to-robia\/\">tomto \u010dl\u00e1nku<\/a>\u00a0.<\/p>\n<h2>Kolik dal\u0161\u00edch zdravotn\u00edch sester bylo nuceno poru\u0161it svou mor\u00e1lku vra\u017ed\u011bn\u00edm pacient\u016f remdesivirem a plicn\u00edmi ventil\u00e1tory?<\/h2>\n<p>Macraeov\u00e9 pozice v nemocnici byla denn\u00ed, co\u017e znamen\u00e1, \u017ee si nemohla vytvo\u0159it sv\u016fj vlastn\u00ed rozvrh a vybrat si, kdy bude pracovat.\u00a0Nemocnice \u010dasto zru\u0161ila jej\u00ed zm\u011bny, proto\u017ee prost\u011b nem\u011bli dostatek pacient\u016f, kte\u0159\u00ed by pot\u0159ebovali p\u00e9\u010di.<\/p>\n<p>Ukazuje se, \u017ee toto byl \u201estandard\u201c i b\u011bhem zimy 2020\/21, kdy se \u00fadajn\u011b po\u010dty p\u0159\u00edpad\u016f covidu vymkly zpod kontroly.\u00a0Jen p\u0159i dvou p\u0159\u00edle\u017eitostech se nemocnice zaplnila pacienty, ale Macraeov\u00e1 \u0159\u00edk\u00e1, \u017ee to nebylo neobvykl\u00e9 v dan\u00e9m ro\u010dn\u00edm obdob\u00ed, a\u0165 u\u017e b\u011bhem covidu nebo mimo n\u011bj.<\/p>\n<p>Jedin\u00e1 v\u011bc, kter\u00e1 se b\u011bhem t\u00e9to doby zm\u011bnila, byla, \u017ee Macraeov\u00e1 a jej\u00ed kolegov\u00e9 byli nuceni mluvit rodin\u00e1m pacient\u016f, \u017ee nemohou nav\u0161t\u00edvit sv\u00e9 bl\u00edzk\u00e9, co\u017e podle n\u00ed poru\u0161ovalo jej\u00ed etiku a mor\u00e1lku.<\/p>\n<p>Macraeov\u00e1 byla tak\u00e9 nucena pod\u00e1vat smrteln\u00e9 l\u00e9ky jako remdesivir, z nich\u017e hlavn\u00ed americk\u00fd hygienik Tony Fauci p\u0159\u00edmo t\u011b\u017eil.\u00a0(Pozn\u00e1mka redakce: U n\u00e1s tento l\u00e9k ve velk\u00e9m propagovala zn\u00e1m\u00e1 covidov\u00e1 celebrita Pavel Jar\u010du\u0161ka.)<\/p>\n<p>Remdesivir v\u0161ak nefunguje p\u0159i l\u00e9\u010db\u011b covidu.\u00a0P\u016fvodn\u011b byl vyvinut proti mal\u00e1rii, ale ani proti t\u00e9 nefungoval.\u00a0Mezit\u00edm bylo nemocni\u010dn\u00edmu person\u00e1lu zak\u00e1z\u00e1no pod\u00e1vat pacient\u016fm levn\u00e9 \u00fa\u010dinn\u00e9 l\u00e9ky jako hydroxychlorochin (HCQ) a ivermektin.<\/p>\n<p><em>\u201eA nevid\u011bli jsme \u017e\u00e1dn\u00e9 zlep\u0161en\u00ed zdravotn\u00edho stavu pacient\u016f,\u201c<\/em>\u00a0\u0159\u00edk\u00e1 Macraeov\u00e1 o ofici\u00e1ln\u00edch covidov\u00fdch protokolech, kter\u00e9 byla nucena aplikovat.<\/p>\n<p><em>\u201eVe skute\u010dnosti jsme byli sv\u011bdky toho, jak u pacient\u016f doch\u00e1zelo k selh\u00e1n\u00ed v\u00edce t\u011blesn\u00fdch org\u00e1n\u016f.\u201c<\/em><\/p>\n<p>Ani regula\u010dn\u00ed \u00fa\u0159ady jako CDC nebo AMA (Americk\u00e1 medic\u00ednsk\u00e1 asociace) nikdy nezm\u011bnily sv\u00e9 protokoly, ani navzdory v\u0161em t\u011bm \u00famrt\u00edm pacient\u016f.\u00a0To jen dokazuje, \u017ee t\u011bmto organizac\u00edm nelze d\u016fv\u011b\u0159ovat.<\/p>\n<p>Podle Macraeov\u00e9 se to, co \u0159\u00edkali zdravotnick\u00fdm pracovn\u00edk\u016fm, aby d\u011blali b\u011bhem covidu, rovnalo \u201el\u00e9ka\u0159sk\u00e9 vra\u017ed\u011b\u201c.<\/p>\n<p><em>\u201eMysl\u00edm si, \u017ee to zp\u016fsobovala kombinace remdesiviru a izolace pacient\u016f.\u00a0Byly to cel\u00e9 t\u00fddny bez \u0159\u00e1dn\u00e9ho p\u0159\u00edstupu k j\u00eddlu a vod\u011b,\u201c<\/em>\u00a0\u0159ekla zdravotn\u00ed sestra o tom, jak tyto protokoly zbyte\u010dn\u011b ukon\u010dily \u017eivoty mnoha pacient\u016f.<\/p>\n<p>(Pozn\u00e1mka redakce: Stejn\u00e9 nemocni\u010dn\u00ed protokoly nekriticky p\u0159eb\u00edraly i slovensk\u00e9 a \u010desk\u00e9 nemocnice, proto jsou z \u201el\u00e9ka\u0159sk\u00fdch vra\u017ed\u201c stejn\u011b vinn\u00e9. Sv\u00e9ho \u010dasu jsme publikovali \u010dl\u00e1nek o velmi z\u00e1va\u017en\u00e9m p\u0159\u00edpad\u011b MUDr. Lischkov\u00e9, kter\u00e1 v podstat\u011b obvinila ko\u0161ickou nemocnici z vra\u017edy sv\u00e9ho\u00a0<a href=\"https:\/\/www.badatel.net\/sokujuce-svedectvo-lekarky-o-umrti-jej-otca-na-covidovom-aro-v-kosiciach\/\">otce<\/a>\u00a0. Lischku sv\u00fdmi kolegy-l\u00e9ka\u0159i.)<\/p>\n<h2>Z\u00e1v\u011br<\/h2>\n<p><em>\\&#8220;V\u0161echny tyto nemocni\u010dn\u00ed protokoly, \u0161\u00ed\u0159en\u00ed strachu, izolace, toxick\u00e9 l\u00e9ky &#8211; ode\u0161la jsem s pocitem, \u017ee jsem se z\u00fa\u010dastnila l\u00e9ka\u0159sk\u00e9 vra\u017edy,\\&#8220;<\/em>\u00a0zakon\u010dila svou zpov\u011b\u010f b\u00fdval\u00e1 zdravotn\u00ed sestra.<\/p>\n<p>Po uvoln\u011bn\u00ed \u201evakc\u00edn\u201c na trh za\u010dala Macraeov\u00e1 pozorovat p\u0159\u00edliv pacient\u016f trp\u00edc\u00edch srde\u010dn\u00edm infarktem nebo mozkovou p\u0159\u00edhodou \u2013 respektive t\u00edm, co se v l\u00e9ka\u0159sk\u00e9m \u017eargonu naz\u00fdv\u00e1 \u201emodr\u00fd k\u00f3d\u201c.<\/p>\n<p><em>\u201eDva moji kolegov\u00e9 se hned po pod\u00e1n\u00ed injekc\u00ed dokonce dostali do anafylaktick\u00e9ho \u0161oku.\u201c<\/em><\/p>\n<p>Nejnov\u011bj\u0161\u00ed zpr\u00e1vy o masov\u00e9 covidov\u00e9 genocid\u011b naleznete na str\u00e1nce\u00a0<a href=\"https:\/\/genocide.news\/\" target=\"_blank\" rel=\"noopener\">Genocide.news<\/a> .<\/p>\n<p>Autor: Ethan Huff, Zdroj:\u00a0<a href=\"https:\/\/www.naturalnews.com\/2023-04-20-former-nurse-covid-protocols-medical-murder.html\" target=\"_blank\" rel=\"noopener\">naturalnews.com<\/a><\/p>\n<p>&nbsp;<\/p>\n<p>&nbsp;<\/p>\n<p><img decoding=\"async\" loading=\"lazy\" class=\"wp-image-19187 aligncenter\" src=\"http:\/\/www.infokuryr.cz\/n\/wp-content\/uploads\/2022\/12\/1-PRO-300x36.jpg\" alt=\"\" width=\"1283\" height=\"154\" srcset=\"https:\/\/www.infokuryr.cz\/n\/wp-content\/uploads\/2022\/12\/1-PRO-300x36.jpg 300w, https:\/\/www.infokuryr.cz\/n\/wp-content\/uploads\/2022\/12\/1-PRO.jpg 699w\" sizes=\"(max-width: 1283px) 100vw, 1283px\" \/><\/p>\n<p>&nbsp;<\/p>\n<p>&nbsp;<\/p>\n<p>&nbsp;<\/p>\n","protected":false},"excerpt":{"rendered":"<p>B\u00fdval\u00e1 kalifornsk\u00e1 zdravotn\u00ed sestra, kter\u00e1 byla propu\u0161t\u011bna za to, \u017ee se odm\u00edtla d\u00e1t \u201eo\u010dkovat\u201c proti&#8230;<\/p>\n","protected":false},"author":2,"featured_media":26688,"comment_status":"closed","ping_status":"closed","sticky":false,"template":"","format":"standard","meta":[],"categories":[7],"tags":[23,677,1083,1508],"_links":{"self":[{"href":"https:\/\/www.infokuryr.cz\/n\/wp-json\/wp\/v2\/posts\/26687"}],"collection":[{"href":"https:\/\/www.infokuryr.cz\/n\/wp-json\/wp\/v2\/posts"}],"about":[{"href":"https:\/\/www.infokuryr.cz\/n\/wp-json\/wp\/v2\/types\/post"}],"author":[{"embeddable":true,"href":"https:\/\/www.infokuryr.cz\/n\/wp-json\/wp\/v2\/users\/2"}],"replies":[{"embeddable":true,"href":"https:\/\/www.infokuryr.cz\/n\/wp-json\/wp\/v2\/comments?post=26687"}],"version-history":[{"count":0,"href":"https:\/\/www.infokuryr.cz\/n\/wp-json\/wp\/v2\/posts\/26687\/revisions"}],"wp:featuredmedia":[{"embeddable":true,"href":"https:\/\/www.infokuryr.cz\/n\/wp-json\/wp\/v2\/media\/26688"}],"wp:attachment":[{"href":"https:\/\/www.infokuryr.cz\/n\/wp-json\/wp\/v2\/media?parent=26687"}],"wp:term":[{"taxonomy":"category","embeddable":true,"href":"https:\/\/www.infokuryr.cz\/n\/wp-json\/wp\/v2\/categories?post=26687"},{"taxonomy":"post_tag","embeddable":true,"href":"https:\/\/www.infokuryr.cz\/n\/wp-json\/wp\/v2\/tags?post=26687"}],"curies":[{"name":"wp","href":"https:\/\/api.w.org\/{rel}","templated":true}]}}