{"id":26681,"date":"2023-04-22T05:11:21","date_gmt":"2023-04-22T03:11:21","guid":{"rendered":"http:\/\/www.infokuryr.cz\/n\/?p=26681"},"modified":"2023-04-22T05:11:21","modified_gmt":"2023-04-22T03:11:21","slug":"ivan-stubna-zidovsti-valecni-stvaci-nulandova-a-blinken-jsou-nebezpecni-blazni","status":"publish","type":"post","link":"https:\/\/www.infokuryr.cz\/n\/2023\/04\/22\/ivan-stubna-zidovsti-valecni-stvaci-nulandova-a-blinken-jsou-nebezpecni-blazni\/","title":{"rendered":"Ivan \u0160tub\u0148a: \u017didov\u0161t\u00ed v\u00e1le\u010dn\u00ed \u0161tv\u00e1\u010di Nulandov\u00e1 a Blinken jsou nebezpe\u010dn\u00ed bl\u00e1zni"},"content":{"rendered":"<div id=\"fb-root\"><\/div>\n<section class=\"perex\"><span>\u201e\u00a0<\/span><a href=\"https:\/\/www.veteranstoday.com\/2023\/02\/26\/congressman-jewish-warmongers-nuland-blinken-are-dangerous-fools-who-can-get-us-all-killed\/\" target=\"_blank\" rel=\"external noopener\"><span>\u017didov\u0161t\u00ed v\u00e1le\u010dn\u00ed \u0161tv\u00e1\u010di Nulandov\u00e1 a Blinken jsou nebezpe\u010dn\u00ed bl\u00e1zni, kte\u0159\u00ed n\u00e1s v\u0161echny mohou zab\u00edt<\/span><\/a><span>\u00a0\u201c\u2026<\/span><\/p>\n<p><span>Pod t\u00edmto n\u00e1zvem byl zve\u0159ejn\u011bn\u00a0<\/span><a href=\"http:\/\/www.veteranstoday.com\/\" target=\"_blank\" rel=\"external noopener\"><span>\u010dl\u00e1nek<\/span><\/a><span>americk\u00e9ho republik\u00e1nsk\u00e9ho kongresmana Paula Gosara na str\u00e1nce www.veteranstoday.com.\u00a0V n\u011bm otev\u0159en\u011b hovo\u0159\u00ed o problematice Ukrajiny.\u00a0Gosar podpo\u0159il stanovisko Elona Muska, kter\u00fd ozna\u010dil Victorii Nulandovou za \u0161pi\u010dkovou v\u00e1le\u010dnou \u0161tv\u00e1\u010dku na Ukrajin\u011b.\u00a0Nulandov\u00e1 je \u00fazce sp\u0159a\u017eena s ministrem zahrani\u010dn\u00edch v\u011bc\u00ed A. Blinkenem a Gosar je proto ozna\u010dil za bl\u00e1zny, kte\u0159\u00ed mohou v\u0161echny Ameri\u010dany zab\u00edt.\u00a0Gosar tvrd\u00ed, \u017ee Nulandov\u00e1 a Blinken maj\u00ed hluboce zako\u0159en\u011bnou iracion\u00e1ln\u00ed nen\u00e1vist k Rusku a sna\u017e\u00ed se USA vt\u00e1hnout do dal\u0161\u00ed sv\u011btov\u00e9 v\u00e1lky.\u00a0N\u00e1m\u011bstnice Blinkena Nulandov\u00e1 se p\u0159\u00edmo organiza\u010dn\u011b pod\u00edlela na p\u0159evratu na Ukrajin\u011b v roce 2014. U\u017e tehdy kula pikle s tehdej\u0161\u00edm velvyslancem na Ukrajin\u011b Geoffreyem Pyattem, kdy\u017e spolu v unikl\u00e9m telefon\u00e1tu diskutovali o tom, kdo by m\u011bl na Ukrajin\u011b p\u0159evz\u00edt moc.<\/span><\/p>\n<\/section>\n<section class=\"clanek-obsah\"><span>Gosar \u0159\u00edk\u00e1, \u017ee USA by m\u011bly p\u0159ijmout ned\u00e1vnou rezoluci, p\u0159edstavenou z\u00e1konod\u00e1rci Sn\u011bmovny reprezentant\u016f USA, kter\u00e1 vyz\u00fdv\u00e1 k okam\u017eit\u00e9mu ukon\u010den\u00ed americk\u00e9 pomoci Kyjevu ak m\u00edrov\u00e9mu urovn\u00e1n\u00ed na Ukrajin\u011b.\u00a0Tuto rezoluci p\u0159edstavil republik\u00e1nsk\u00fd poslanec za Floridu Matt Gaetz spolu s dal\u0161\u00edmi deseti republik\u00e1ny ze Sn\u011bmovny reprezentant\u016f.\u00a0Gaetz \u0159ekl, \u017ee \u201eAmerika je ve stavu \u0159\u00edzen\u00e9ho \u00fapadku a zhor\u0161\u00ed se to, pokud budeme pokra\u010dovat v dolarov\u00e9m krv\u00e1cen\u00ed da\u0148ov\u00fdch poplatn\u00edk\u016f kv\u016fli v\u00e1lce.\u201c Poslanec Rosendale poznamenal, \u017ee si p\u0159eje, aby Biden projevil stejnou v\u00e1\u0161e\u0148 pro ochranu Ameriky jako pro ochranu Ukrajiny.\u00a0Poslankyn\u011b Greenov\u00e1 se vyj\u00e1d\u0159ila, \u017ee Amerika vy\u010derp\u00e1v\u00e1 sv\u016fj vlastn\u00ed vojensk\u00fd arzen\u00e1l, pos\u00edl\u00e1 zbran\u011b a nyn\u00ed i tanky na Ukrajinu, zat\u00edmco \u010c\u00edna buduje svoji arm\u00e1du nejrychlej\u0161\u00edm tempem ve sv\u011btov\u00e9 historii.<\/span><\/p>\n<p><span>Z t\u011bchto vyj\u00e1d\u0159en\u00ed americk\u00fdch poslanc\u016f vypl\u00fdv\u00e1, \u017ee i pohledy politik\u016f se up\u00edraj\u00ed sm\u011brem k ukon\u010den\u00ed vojensk\u00e9ho konfliktu ak m\u00edru.\u00a0A m\u011bn\u00ed se i n\u00e1lady obyvatel USA, kte\u0159\u00ed za\u010d\u00ednaj\u00ed ve\u0159ejn\u011b protestovat a odsuzovat americk\u00e9 aktivity na Ukrajin\u011b jako protilidsk\u00e9 a nebezpe\u010dn\u00e9 pro ob\u010dany USA.<\/span><\/p>\n<p><strong>Paul Gosar otev\u0159en\u011b \u0159\u00edk\u00e1:<\/strong><\/p>\n<p><em>\u201eKdy\u017e Ameri\u010dan\u00e9 trp\u00ed a na\u0161e ekonomika se pot\u00e1c\u00ed v d\u016fsledku neefektivn\u00edch sankc\u00ed proti Rusku, a kdy\u017e plat\u00edme n\u00e1klady na ubytov\u00e1n\u00ed, krmen\u00ed a zaji\u0161t\u011bn\u00ed \u0161esti milion\u016f ileg\u00e1ln\u00edch cizinc\u016f, nem\u016f\u017eeme up\u0159ednost\u0148ovat ciz\u00ed re\u017eim, kter\u00fd se skl\u00e1d\u00e1 z nacist\u016f.\u00a0Biden\u016fv re\u017eim flirtuje s jadernou v\u00e1lkou v regionu, ve kter\u00e9m nem\u00e1me co d\u011blat.\u00a0D\u016frazn\u011b nal\u00e9h\u00e1m na m\u00edr mezi Ruskem a Ukrajinou a vyz\u00fdv\u00e1m Bidenovu administrativu, aby se zapojila do m\u00edrov\u00e9ho \u00fasil\u00ed, nikoli do zab\u00edjen\u00ed a pl\u00fdtv\u00e1n\u00ed na n\u00e1klady da\u0148ov\u00fdch poplatn\u00edk\u016f.\u201c<\/em><span>Na sv\u00e9 str\u00e1nce (viz odkaz) Gosar pokra\u010duje.\u00a0Nejv\u011bt\u0161\u00ed le\u017e je le\u017e, \u017ee invaze Ruska byla nevyprovokov\u00e1na.<\/span><\/p>\n<p><span>Gosar upozor\u0148uje, \u017ee v obdob\u00ed od 18. do 19. \u00fanora 2022 zaznamenala OBSE 2158 poru\u0161en\u00ed p\u0159\u00edm\u011b\u0159\u00ed v\u010detn\u011b 1100 v\u00fdbuch\u016f.\u00a0Dne 22. \u00fanora 2022 OBSE zaznamenala v Don\u011bck\u00e9 oblasti 703 poru\u0161en\u00ed p\u0159\u00edm\u011b\u0159\u00ed v\u010detn\u011b 332 v\u00fdbuch\u016f.\u00a0Za p\u0159edchoz\u00edch 24 hodin zaznamenala v regionu 579 poru\u0161en\u00ed p\u0159\u00edm\u011b\u0159\u00ed.\u00a0V Luhansk\u00e9 oblasti zaznamenala mise 1 224 poru\u0161en\u00ed p\u0159\u00edm\u011b\u0159\u00ed v\u010detn\u011b 1 149 v\u00fdbuch\u016f.\u00a0V\u0161echno ze strany Ukrajiny.<\/span><\/p>\n<p><span>Podle Gosara le\u017e \u010d\u00edslo dv\u011b je, \u017ee na Ukrajin\u011b nejsou \u017e\u00e1dn\u00ed nacist\u00e9.\u00a0Tvrd\u00ed, \u017ee je dob\u0159e zdokumentov\u00e1no, \u017ee Ukrajinu \u0159\u00edd\u00ed a podporuj\u00ed z velk\u00e9 \u010d\u00e1sti neonacist\u00e9.<\/span><\/p>\n<p><span>Gosar tak\u00e9 tvrd\u00ed, \u017ee Biden, Victoria Nulandov\u00e1 a tis\u00edce dal\u0161\u00edch ve vedouc\u00edch pozic\u00edch si zvolily v\u00e1lku p\u0159ed m\u00edrem.\u00a0Hor\u0161\u00ed je, \u017ee toto rozhodnut\u00ed u\u010dinili bez souhlasu Kongresu.<\/span><\/p>\n<p><span>Co dodat na z\u00e1v\u011br?\u00a0Politick\u00fd a ob\u010dansk\u00fd tlak na ukon\u010den\u00ed v\u00e1lky v USA roste.\u00a0Bude r\u016fst postupn\u011b nebo propukne do ob\u010dansk\u00fdch nepokoj\u016f?\u00a0Tak\u00e9 v USA u\u017e maj\u00ed lid\u00e9 po krk vojensk\u00fdch lobbist\u016f a firmy, kter\u00e9 vyd\u011bl\u00e1vaj\u00ed stovky krvav\u00fdch miliard dolar\u016f na v\u0161ech v\u00e1lk\u00e1ch a nejen na Ukrajin\u011b.\u00a0Trump byl p\u0159ek\u00e1\u017ekou na cest\u011b k rozbit\u00ed Ruska.\u00a0Proto byl ve zmanipulovan\u00fdch volb\u00e1ch instalov\u00e1n do pozice nov\u00e9ho f\u00fchrera Biden se sv\u00fdm politick\u00fdm klanem.<\/span><\/p>\n<p><span>C\u00edlem americk\u00fdch neofa\u0161ist\u016f je rozpoutat v\u00e1lku v Evrop\u011b.\u00a0Ob\u011btov\u00e1ny maj\u00ed b\u00fdt slovansk\u00e9 st\u00e1ty na tzv.\u00a0v\u00fdchodn\u00edm k\u0159\u00eddle NATO.\u00a0Krom\u011b toho v\u011b\u0159\u00edm i informaci b\u00fdval\u00e9ho americk\u00e9ho zpravodajsk\u00e9ho d\u016fstojn\u00edka Scotta Rittera, kter\u00fd se p\u0159ed p\u00e1r dny vyj\u00e1d\u0159il, \u017ee Ukrajina prohr\u00e1v\u00e1 konflikt, a proto se USA budou sna\u017eit vt\u00e1hnout do v\u00e1lky proti Rusku Gruzie otev\u0159en\u00edm druh\u00e9 fronty, kter\u00e1 m\u00e1 slou\u017eit k oslaben\u00ed pozice Ruska.\u00a0Jednodu\u0161e cht\u011bj\u00ed, aby Gruz\u00ednci ob\u011btovali svou vlastn\u00ed zemi ve v\u00e1lce proti Rusku za americk\u00e9 neokoloni\u00e1ln\u00ed a neoglobalistick\u00e9 pl\u00e1ny.<\/span><\/p>\n<p><span>V sou\u010dasn\u00e9m stadiu pova\u017euji za nezbytn\u00e9 vytrvat p\u0159i protestech proti v\u00e1lce a neustat v boji za m\u00edr.\u00a0A samoz\u0159ejm\u011b zorganizovat na Slovensku v\u0161eobecn\u00fd odpor podle \u010dl\u00e1nku 32 \u00dastavy Slovensk\u00e9 republiky.\u00a0Kdo to dok\u00e1\u017ee, vyhraje volby&#8230;<\/span><\/p>\n<p><span style=\"font-size: 18pt;\"><strong>V\u00edce na:<\/strong><\/span><\/p>\n<p><a href=\"https:\/\/www.veteranstoday.com\/2023\/02\/26\/congressman-jewish-warmongers-nuland-blinken-are-dangerous-fools-who-can-get-us-all-killed\/\" target=\"_blank\" rel=\"external noopener\">https:\/\/www.veteranstoday.com\/2023\/02\/26\/congressman-jewish-warmongers-nuland-blinken-are-dangerous-fools-who-can-get-us-all-killed\/<\/a><\/p>\n<p><a href=\"https:\/\/www.newsweek.com\/full-list-republicans-backing-matt-gaetz-resolution-end-ukraine-aid-1780233\" target=\"_blank\" rel=\"external noopener\"><span>\u00dapln\u00fd seznam republik\u00e1n\u016f podporuj\u00edc\u00edch usnesen\u00ed Matta Gaetze o ukon\u010den\u00ed pomoci Ukrajin\u011b<\/span><\/a><span>\u00a0(newsweek.com)<\/span><\/p>\n<p><a href=\"https:\/\/gosar.house.gov\/news\/email\/show.aspx?ID=EUVR7BMSA224IAOLOIDEN73V7Y\" target=\"_blank\" rel=\"external noopener\">https:\/\/gosar.house.gov\/news\/email\/show.aspx?ID=EUVR7BMSA224IAOLOIDEN73V7Y<\/a><\/p>\n<p><a href=\"https:\/\/www.osce.org\/special-monitoring-mission-to-ukraine\/512683\" target=\"_blank\" rel=\"external noopener\"><span>Denn\u00ed zpr\u00e1va zvl\u00e1\u0161tn\u00ed monitorovac\u00ed mise OBSE na Ukrajin\u011b<\/span><\/a><span>\u00a0(SMM) 40\/2022 vydan\u00e1 21. \u00fanora 2022 |\u00a0OBSE<\/span><\/p>\n<p><strong>Z m\u011bsta SNP Ivan \u0160tub\u0148a<\/strong><\/p>\n<\/section>\n<p>&nbsp;<\/p>\n<p>&nbsp;<\/p>\n<p><img decoding=\"async\" loading=\"lazy\" class=\"wp-image-19187 aligncenter\" src=\"http:\/\/www.infokuryr.cz\/n\/wp-content\/uploads\/2022\/12\/1-PRO-300x36.jpg\" alt=\"\" width=\"1258\" height=\"151\" srcset=\"https:\/\/www.infokuryr.cz\/n\/wp-content\/uploads\/2022\/12\/1-PRO-300x36.jpg 300w, https:\/\/www.infokuryr.cz\/n\/wp-content\/uploads\/2022\/12\/1-PRO.jpg 699w\" sizes=\"(max-width: 1258px) 100vw, 1258px\" \/><\/p>\n<p>&nbsp;<\/p>\n<p>&nbsp;<\/p>\n","protected":false},"excerpt":{"rendered":"<p>\u201e\u00a0\u017didov\u0161t\u00ed v\u00e1le\u010dn\u00ed \u0161tv\u00e1\u010di Nulandov\u00e1 a Blinken jsou nebezpe\u010dn\u00ed bl\u00e1zni, kte\u0159\u00ed n\u00e1s v\u0161echny mohou zab\u00edt\u00a0\u201c\u2026 Pod&#8230;<\/p>\n","protected":false},"author":2,"featured_media":12213,"comment_status":"closed","ping_status":"closed","sticky":false,"template":"","format":"standard","meta":[],"categories":[7],"tags":[2078,26,37,40,92],"_links":{"self":[{"href":"https:\/\/www.infokuryr.cz\/n\/wp-json\/wp\/v2\/posts\/26681"}],"collection":[{"href":"https:\/\/www.infokuryr.cz\/n\/wp-json\/wp\/v2\/posts"}],"about":[{"href":"https:\/\/www.infokuryr.cz\/n\/wp-json\/wp\/v2\/types\/post"}],"author":[{"embeddable":true,"href":"https:\/\/www.infokuryr.cz\/n\/wp-json\/wp\/v2\/users\/2"}],"replies":[{"embeddable":true,"href":"https:\/\/www.infokuryr.cz\/n\/wp-json\/wp\/v2\/comments?post=26681"}],"version-history":[{"count":0,"href":"https:\/\/www.infokuryr.cz\/n\/wp-json\/wp\/v2\/posts\/26681\/revisions"}],"wp:featuredmedia":[{"embeddable":true,"href":"https:\/\/www.infokuryr.cz\/n\/wp-json\/wp\/v2\/media\/12213"}],"wp:attachment":[{"href":"https:\/\/www.infokuryr.cz\/n\/wp-json\/wp\/v2\/media?parent=26681"}],"wp:term":[{"taxonomy":"category","embeddable":true,"href":"https:\/\/www.infokuryr.cz\/n\/wp-json\/wp\/v2\/categories?post=26681"},{"taxonomy":"post_tag","embeddable":true,"href":"https:\/\/www.infokuryr.cz\/n\/wp-json\/wp\/v2\/tags?post=26681"}],"curies":[{"name":"wp","href":"https:\/\/api.w.org\/{rel}","templated":true}]}}