{"id":26679,"date":"2023-04-22T05:01:24","date_gmt":"2023-04-22T03:01:24","guid":{"rendered":"http:\/\/www.infokuryr.cz\/n\/?p=26679"},"modified":"2023-04-22T05:01:24","modified_gmt":"2023-04-22T03:01:24","slug":"zide-by-meli-zpristupnit-sve-svate-knihy-verejnosti-jen-tak-se-da-vyresit-problem-s-antisemitismem-proc-to-neudelaji","status":"publish","type":"post","link":"https:\/\/www.infokuryr.cz\/n\/2023\/04\/22\/zide-by-meli-zpristupnit-sve-svate-knihy-verejnosti-jen-tak-se-da-vyresit-problem-s-antisemitismem-proc-to-neudelaji\/","title":{"rendered":"\u017did\u00e9 by m\u011bli zp\u0159\u00edstupnit sv\u00e9 svat\u00e9 knihy ve\u0159ejnosti, jen tak se d\u00e1 vy\u0159e\u0161it probl\u00e9m s antisemitismem. Pro\u010d to neud\u011blaj\u00ed?"},"content":{"rendered":"<div id=\"fb-root\"><\/div>\n<p><strong>\u017did\u00e9, \u017eidovsk\u00e9 organizace a jimi ovl\u00e1dan\u00e1 media po cel\u00e9m sv\u011bte v\u011b\u010dn\u011b lamentuj\u00ed nad antisemitismem. Pr\u00fd st\u00e1le roste<\/strong>. Jen si nikdo z nich neklade ot\u00e1zku, pro\u010d tomu tak je?\u00a0<strong>Jedn\u00edm z d\u016fvod\u016f jsou ve\u0159ejn\u00e9 debaty a otev\u0159en\u00e9m rasismu a nen\u00e1visti k jin\u00fdm n\u00e1rod\u016fm, kter\u00e9 maj\u00ed obsahovat \u017eidovsk\u00e9 svat\u00e9 knihy. Jde p\u0159edev\u0161\u00edm o talmud, kter\u00fd je hlavn\u00ed vod\u00edtkem sv\u011bton\u00e1zoru pro naprostou v\u011bt\u0161inu \u017did\u016f<\/strong>. \u017did\u00e9 se bu\u010f vymlouvaj\u00ed, \u017ee\u00a0<b>v talmudu jsou sice \u201eproblematick\u00e9\u201c pas\u00e1\u017ee, ale pr\u00fd je to t\u0159eba ch\u00e1pat v dobov\u00e9m kontextu. Nebo se rovnou uchyluj\u00ed k n\u00e1\u0159k\u016fm nad antisemity a sna\u017e\u00ed se tak odv\u00e9st pozornost o obsahu jejich sv\u00e1t\u00fdch knih.<\/b><\/p>\n<p><strong>Pro\u010d talmud \u017did\u00e9 sami nezve\u0159ejn\u00ed a neud\u011blaj\u00ed t\u011bmto debat\u00e1m konec?\u00a0<\/strong>Jsou snad v\u0161echny ty pas\u00e1\u017ee, kter\u00e9 lze naj\u00edt na nejr\u016fzn\u011bj\u0161\u00edch m\u00edstech a ve star\u00fdch knih\u00e1ch pravdiv\u00e9? Maj\u00ed n\u00e1s \u017did\u00e9 opravdu za zv\u00ed\u0159ata a otroky?\u00a0<b>Pokud to je pravda, tak asi mohou od g\u00f3j\u016f t\u011b\u017eko \u010dekat n\u011bjakou l\u00e1sku, kdy\u017e sami k\u00e1\u017e\u00ed nen\u00e1vist. Pokud to pravda nen\u00ed, pak jedinou spr\u00e1vnou cestou je pln\u00e9 zp\u0159\u00edstupn\u011bn\u00ed \u017eidovsk\u00fdch svat\u00fdch knih ne\u017eidovsk\u00e9 ve\u0159ejnosti. Tak se d\u00e1 probl\u00e9m s antisemitismem vy\u0159e\u0161it jednou prov\u017edy!<\/b><\/p>\n<p><span style=\"font-size: 18pt;\"><strong>P\u00e1r \u201eproblematick\u00fdch\u201c:\u201c pas\u00e1\u017e\u00ed z talmudu:<\/strong><\/span><\/p>\n<p>Baba Necia 114,6: \u201e\u017did\u00e9 jsou lidsk\u00e9 bytosti, ale n\u00e1rody cel\u00e9ho sv\u011bta nejsou lid\u0161t\u00ed tvorov\u00e9, ale zv\u00ed\u0159ata.\u201c<br \/>\nMidrasch Talpioth 225: \u201eNe\u017eid\u00e9 byli stvo\u0159eni, aby slou\u017eili \u017did\u016fm jako otroci.\u201c<br \/>\nTalmud IV\/3\/54b: \u201eMajetek g\u00f3j\u016f je jako majetek bez p\u00e1na, a ka\u017ed\u00fd (\u017did), kter\u00fd se jej zmocn\u00ed, se st\u00e1v\u00e1 jeho vlastn\u00edkem.\u201c<br \/>\nZohar II, 4b: \u201ePorodnost Ne\u017eid\u016f mus\u00ed b\u00fdt masivn\u011b potla\u010dov\u00e1na.\u201c<br \/>\nZohar I, 168a: \u201e\u017did\u00e9 se v\u017edy mus\u00ed sna\u017eit oklamat Ne\u017eidy.\u201c<br \/>\nErubin 43b: \u201eV \u010dase Mesi\u00e1\u0161e se v\u0161ichni (Ne\u017eid\u00e9) stanou otroky \u017did\u016f.\u201c<br \/>\nYebamoth 98a : \u201cV\u0161echny ne\u017eidovsk\u00e9 d\u011bti jsou zv\u00ed\u0159ata.\u201d<br \/>\nSanhedrin 59a: \u201eZavra\u017edit gojima je jako zab\u00edt divok\u00e9 zv\u00ed\u0159e.\u201c<br \/>\nAbodah Zara 26b: \u201eNejlep\u0161\u00ed z Ne\u017eid\u016f mus\u00ed b\u00fdt zabiti.\u201c<br \/>\nSanhedrin 59a: \u201eG\u00f3j, kter\u00fd strk\u00e1 nos do Z\u00e1kona (Talmud) je vinen smrt\u00ed.\u201c<br \/>\nHilkkoth Akum X1: \u201eS gojimem nem\u011bj slitov\u00e1n\u00ed.\u201c<br \/>\nSzaaloth-Uthszabot, kniha Jore Dia 17: \u201e\u017did m\u00e1 a mus\u00ed u\u010dinit fale\u0161nou p\u0159\u00edsahu, pokud se ho gojim zept\u00e1, jestli na\u0161e knihy obsahuj\u00ed n\u011bco proti n\u011bmu.\u201c<br \/>\nSimeon Haddarsen, fol. 56-D: \u201eA\u017e p\u0159ijde Mesi\u00e1\u0161, ka\u017ed\u00fd \u017did bude m\u00edt 2800 otrok\u016f.\u201c<br \/>\nNidrasch Talpioth, p. 225-L: \u201eJehova vytvo\u0159il Ne\u017eidy v lidsk\u00e9 podob\u011b, proto\u017ee \u017did\u016fm by nem\u011bla slou\u017eit zv\u00ed\u0159ata. Ne\u017eid je proto zv\u00ed\u0159e v lidsk\u00e9 podob\u011b a je odsouzen\u00fd slou\u017eit \u017didovi neust\u00e1le.\u201c<\/p>\n<p><a href=\"https:\/\/ceskavec.com\/2023\/04\/zide-by-meli-zpristupnit-sve-svate-knihy-verejnosti-jen-tak-se-da-vyresit-problem-s-antisemitismem-proc-to-neudelaji\">Joe Nowak, Chicago, USA<\/a><\/p>\n<p>&nbsp;<\/p>\n<p>&nbsp;<\/p>\n<p><img decoding=\"async\" loading=\"lazy\" class=\"wp-image-19187 aligncenter\" src=\"http:\/\/www.infokuryr.cz\/n\/wp-content\/uploads\/2022\/12\/1-PRO-300x36.jpg\" alt=\"\" width=\"1275\" height=\"153\" srcset=\"https:\/\/www.infokuryr.cz\/n\/wp-content\/uploads\/2022\/12\/1-PRO-300x36.jpg 300w, https:\/\/www.infokuryr.cz\/n\/wp-content\/uploads\/2022\/12\/1-PRO.jpg 699w\" sizes=\"(max-width: 1275px) 100vw, 1275px\" \/><\/p>\n<p>&nbsp;<\/p>\n<p>&nbsp;<\/p>\n<p>&nbsp;<\/p>\n","protected":false},"excerpt":{"rendered":"<p>\u017did\u00e9, \u017eidovsk\u00e9 organizace a jimi ovl\u00e1dan\u00e1 media po cel\u00e9m sv\u011bte v\u011b\u010dn\u011b lamentuj\u00ed nad antisemitismem. Pr\u00fd&#8230;<\/p>\n","protected":false},"author":2,"featured_media":26680,"comment_status":"closed","ping_status":"closed","sticky":false,"template":"","format":"standard","meta":[],"categories":[6],"tags":[93,4820,92],"_links":{"self":[{"href":"https:\/\/www.infokuryr.cz\/n\/wp-json\/wp\/v2\/posts\/26679"}],"collection":[{"href":"https:\/\/www.infokuryr.cz\/n\/wp-json\/wp\/v2\/posts"}],"about":[{"href":"https:\/\/www.infokuryr.cz\/n\/wp-json\/wp\/v2\/types\/post"}],"author":[{"embeddable":true,"href":"https:\/\/www.infokuryr.cz\/n\/wp-json\/wp\/v2\/users\/2"}],"replies":[{"embeddable":true,"href":"https:\/\/www.infokuryr.cz\/n\/wp-json\/wp\/v2\/comments?post=26679"}],"version-history":[{"count":0,"href":"https:\/\/www.infokuryr.cz\/n\/wp-json\/wp\/v2\/posts\/26679\/revisions"}],"wp:featuredmedia":[{"embeddable":true,"href":"https:\/\/www.infokuryr.cz\/n\/wp-json\/wp\/v2\/media\/26680"}],"wp:attachment":[{"href":"https:\/\/www.infokuryr.cz\/n\/wp-json\/wp\/v2\/media?parent=26679"}],"wp:term":[{"taxonomy":"category","embeddable":true,"href":"https:\/\/www.infokuryr.cz\/n\/wp-json\/wp\/v2\/categories?post=26679"},{"taxonomy":"post_tag","embeddable":true,"href":"https:\/\/www.infokuryr.cz\/n\/wp-json\/wp\/v2\/tags?post=26679"}],"curies":[{"name":"wp","href":"https:\/\/api.w.org\/{rel}","templated":true}]}}