{"id":26672,"date":"2023-04-22T01:16:07","date_gmt":"2023-04-21T23:16:07","guid":{"rendered":"http:\/\/www.infokuryr.cz\/n\/?p=26672"},"modified":"2023-04-21T17:56:48","modified_gmt":"2023-04-21T15:56:48","slug":"byvaly-sef-cia-odhaluje-snahy-pomoci-bidenovi-vyhrat-volby-v-roce-2020","status":"publish","type":"post","link":"https:\/\/www.infokuryr.cz\/n\/2023\/04\/22\/byvaly-sef-cia-odhaluje-snahy-pomoci-bidenovi-vyhrat-volby-v-roce-2020\/","title":{"rendered":"B\u00fdval\u00fd \u0161\u00e9f CIA odhaluje snahy pomoci Bidenovi vyhr\u00e1t volby v roce 2020"},"content":{"rendered":"<div id=\"fb-root\"><\/div>\n<p><span style=\"font-size: 18pt;\"><strong>Des\u00edtky b\u00fdval\u00fdch zpravodajsk\u00fdch \u00fa\u0159edn\u00edk\u016f napsaly dopis nepravdiv\u011b prohla\u0161uj\u00edc\u00ed, \u017ee p\u0159\u00edb\u011bh o notebooku Hunter Biden je pravd\u011bpodobn\u011b \u201erusk\u00e1 dezinformace\u201c<\/strong><\/span><\/p>\n<p><span>B\u00fdval\u00fd \u00fa\u0159aduj\u00edc\u00ed \u0159editel CIA Mike Morell vypov\u011bd\u011bl, \u017ee prezidentsk\u00e1 kampa\u0148 Joea Bidena sehr\u00e1la roli p\u0159i vytvo\u0159en\u00ed otev\u0159en\u00e9ho dopisu \u2013 kopan\u00e9ho 51 b\u00fdval\u00fdmi zpravodajsk\u00fdmi \u00fa\u0159edn\u00edky \u2013, jeho\u017e c\u00edlem bylo zdiskreditovat legitimn\u00ed zpr\u00e1vy o prezidentov\u011b synovi v p\u0159\u00edprav\u011b na rok 2020. americk\u00e9 volby.<\/span><\/p>\n<p><span>V ned\u00e1vn\u00e9m sv\u011bdectv\u00ed za zav\u0159en\u00fdmi dve\u0159mi p\u0159ed soudn\u00edm v\u00fdborem Sn\u011bmovny reprezentant\u016f Morell p\u0159iznal, \u017ee Antony Blinken \u2013 sou\u010dasn\u00fd ministr zahrani\u010d\u00ed, pot\u00e9 vysok\u00fd zam\u011bstnanec kampan\u011b pro Bidena \u2013 ho kontaktoval, aby prodiskutoval kritick\u00e9 zpr\u00e1vy New York Post o z\u00e1mo\u0159sk\u00fdch obchodn\u00edch jedn\u00e1n\u00edch Huntera Bidena. v \u0159\u00edjnu 2020, podle republik\u00e1nsk\u00fdch z\u00e1konod\u00e1rc\u016f se znalost\u00ed sly\u0161en\u00ed.<\/span><\/p>\n<p><span>B\u011bhem t\u011bchto rozhovor\u016f Blinken \u00fadajn\u011b poslal Morellovi e-mailem \u010dl\u00e1nek USA Today, v n\u011bm\u017e tvrdil, \u017ee FBI prov\u011b\u0159uje, zda p\u0159\u00edb\u011bh Huntera Bidena nebyl sou\u010d\u00e1st\u00ed \u201e\u00a0<\/span><em><span>dezinforma\u010dn\u00ed kampan\u011b\u201c.<\/span><\/em><\/p>\n<p><span>Morell \u0159ekl, \u017ee diskuse ho p\u0159im\u011bly zorganizovat\u00a0<\/span><a href=\"https:\/\/www.politico.com\/news\/2020\/10\/19\/hunter-biden-story-russian-disinfo-430276\" target=\"_blank\" rel=\"noopener noreferrer\"><span>otev\u0159en\u00fd dopis<\/span><\/a><span>\u00a0\u00a0od p\u0159edstavitel\u016f tajn\u00fdch slu\u017eeb, v n\u011bm\u017e se uv\u00e1d\u00ed, \u017ee zpr\u00e1vy Huntera Bidena m\u011bly\u00a0<\/span><em><span>\u201ev\u0161echny klasick\u00e9 c\u00edle rusk\u00e9 informa\u010dn\u00ed operace\u201c.\u00a0<\/span><\/em><span>\u00a0N\u00e1sledn\u00e9 vy\u0161et\u0159ov\u00e1n\u00ed odhalilo, \u017ee zpr\u00e1vy byly zalo\u017eeny na prav\u00fdch dokumentech z\u00edskan\u00fdch z notebooku mlad\u0161\u00edho Bidena.\u00a0Dopis, kter\u00fd podpo\u0159ilo p\u011bt b\u00fdval\u00fdch \u0159editel\u016f CIA a litanie dal\u0161\u00edch b\u00fdval\u00fdch vysok\u00fdch \u00fa\u0159edn\u00edk\u016f, byl velmi vlivn\u00fd p\u0159ed prezidentsk\u00fdm kl\u00e1n\u00edm v roce 2020.<\/span><\/p>\n<p><span>P\u0159ed kontaktem s Blinkenem Morell p\u0159iznal, \u017ee nem\u00e1 v pl\u00e1nu dopis sestavit, ale dodal, \u017ee se sna\u017eil\u00a0<\/span><em><span>\u201epomoci viceprezidentovi Bidenovi&#8230; proto\u017ee jsem cht\u011bl, aby vyhr\u00e1l volby\u201c.\u00a0<\/span><\/em><span>Pot\u00e9, co byl dopis p\u0159ed\u00e1n Politico ke zve\u0159ejn\u011bn\u00ed, zavolal p\u0159edseda Bidenovy kampan\u011b Steve Ricchetti Morellovi, aby mu pod\u011bkoval za vytvo\u0159en\u00ed dopisu, pokra\u010doval b\u00fdval\u00fd \u00fa\u0159edn\u00edk.<\/span><\/p>\n<p><span>Biden se pozd\u011bji odvolal na otev\u0159en\u00fd dopis b\u011bhem sv\u00e9 debaty s tehdej\u0161\u00edm prezidentem Donaldem Trumpem 22. \u0159\u00edjna 2020, \u010d\u00edm\u017e pomohl odm\u00edtnout legitimn\u00ed tvrzen\u00ed, \u017ee jeho syn byl zapojen do roz\u0161i\u0159ov\u00e1n\u00ed politick\u00e9ho vlivu v zahrani\u010d\u00ed.<\/span><\/p>\n<p><span>Republik\u00e1n\u0161t\u00ed kongresmani po\u017eadovali odpov\u011bdi v n\u00e1vaznosti na Morellovo sv\u011bdectv\u00ed, p\u0159i\u010dem\u017e p\u0159edseda sn\u011bmovn\u00edho soudn\u00edho v\u00fdboru Jim Jordan a p\u0159edseda sn\u011bmovn\u00edho v\u00fdboru pro zpravodajstv\u00ed Mike Turner sepsali dopis s \u017e\u00e1dost\u00ed o\u00a0<\/span><a href=\"https:\/\/judiciary.house.gov\/sites\/evo-subsites\/republicans-judiciary.house.gov\/files\/evo-media-document\/2023-04-20-jdj-mt-to-blinken-re-public-statement-on-hunter-biden-emails_0.pdf\" target=\"_blank\" rel=\"noopener noreferrer\"><span>dal\u0161\u00ed<\/span><\/a><span>\u00a0informace od Blinkena.<\/span><\/p>\n<p><em><span>\u201eJe z\u0159ejm\u00e9, \u017ee kampa\u0148 Biden sehr\u00e1la aktivn\u00ed roli ve zrodu ve\u0159ejn\u00e9ho prohl\u00e1\u0161en\u00ed, kter\u00e9 m\u011blo za n\u00e1sledek, \u017ee pomohlo potla\u010dit p\u0159\u00edb\u011bh Huntera Bidena a zabr\u00e1nilo americk\u00fdm ob\u010dan\u016fm u\u010dinit pln\u011b informovan\u00e9 rozhodnut\u00ed b\u011bhem prezidentsk\u00fdch voleb v roce 2020,\u201c uvedli<\/span><\/em><span>\u00a0. \u0159ekl v\u00a0<\/span><a href=\"https:\/\/judiciary.house.gov\/media\/press-releases\/new-testimony-reveals-secretary-blinken-and-biden-campaign-behind-infamous\" target=\"_blank\" rel=\"noopener noreferrer\"><span>prohl\u00e1\u0161en\u00ed<\/span><\/a><span>\u00a0.\u00a0\u00a0<\/span><\/p>\n<p><span>N\u011bkolik soci\u00e1ln\u00edch s\u00edt\u00ed podniklo bezprecedentn\u00ed kroky k\u00a0<\/span><a href=\"https:\/\/www.rt.com\/news\/567614-musk-twitter-hunter-biden\/\" target=\"_blank\" rel=\"noopener noreferrer\"><span>potla\u010den\u00ed<\/span><\/a><span>\u00a0\u00a0p\u0159\u00edb\u011bhu o notebooku Hunter Biden, p\u0159i\u010dem\u017e Twitter dokonce zak\u00e1zal u\u017eivatel\u016fm sd\u00edlet souvisej\u00edc\u00ed obsah v p\u0159\u00edm\u00fdch zpr\u00e1v\u00e1ch.\u00a0Zat\u00edmco kampa\u0148 Joe Bidena byla v t\u00e9 dob\u011b v \u00fazk\u00e9m kontaktu s Twitterem a dal\u0161\u00edmi platformami a ozna\u010dila n\u011bkter\u00e9 p\u0159\u00edsp\u011bvky k odstran\u011bn\u00ed, nen\u00ed jasn\u00e9, zda v\u00fdslovn\u011b nal\u00e9haly na str\u00e1nky, aby poh\u0159bily p\u0159\u00edb\u011bh o notebooku.<\/span><\/p>\n<p><img decoding=\"async\" loading=\"lazy\" class=\"alignnone size-full wp-image-1185\" src=\"http:\/\/www.infokuryr.cz\/n\/wp-content\/uploads\/2021\/04\/kuryr-podpis.png\" alt=\"\" width=\"84\" height=\"24\" \/><\/p>\n<p>&nbsp;<\/p>\n<p><img decoding=\"async\" loading=\"lazy\" class=\"wp-image-19187 aligncenter\" src=\"http:\/\/www.infokuryr.cz\/n\/wp-content\/uploads\/2022\/12\/1-PRO-300x36.jpg\" alt=\"\" width=\"1308\" height=\"157\" srcset=\"https:\/\/www.infokuryr.cz\/n\/wp-content\/uploads\/2022\/12\/1-PRO-300x36.jpg 300w, https:\/\/www.infokuryr.cz\/n\/wp-content\/uploads\/2022\/12\/1-PRO.jpg 699w\" sizes=\"(max-width: 1308px) 100vw, 1308px\" \/><\/p>\n<p>&nbsp;<\/p>\n<p>&nbsp;<\/p>\n","protected":false},"excerpt":{"rendered":"<p>Des\u00edtky b\u00fdval\u00fdch zpravodajsk\u00fdch \u00fa\u0159edn\u00edk\u016f napsaly dopis nepravdiv\u011b prohla\u0161uj\u00edc\u00ed, \u017ee p\u0159\u00edb\u011bh o notebooku Hunter Biden je&#8230;<\/p>\n","protected":false},"author":2,"featured_media":26673,"comment_status":"closed","ping_status":"closed","sticky":false,"template":"","format":"standard","meta":[],"categories":[7],"tags":[72,109,4817,37,27],"_links":{"self":[{"href":"https:\/\/www.infokuryr.cz\/n\/wp-json\/wp\/v2\/posts\/26672"}],"collection":[{"href":"https:\/\/www.infokuryr.cz\/n\/wp-json\/wp\/v2\/posts"}],"about":[{"href":"https:\/\/www.infokuryr.cz\/n\/wp-json\/wp\/v2\/types\/post"}],"author":[{"embeddable":true,"href":"https:\/\/www.infokuryr.cz\/n\/wp-json\/wp\/v2\/users\/2"}],"replies":[{"embeddable":true,"href":"https:\/\/www.infokuryr.cz\/n\/wp-json\/wp\/v2\/comments?post=26672"}],"version-history":[{"count":1,"href":"https:\/\/www.infokuryr.cz\/n\/wp-json\/wp\/v2\/posts\/26672\/revisions"}],"predecessor-version":[{"id":26674,"href":"https:\/\/www.infokuryr.cz\/n\/wp-json\/wp\/v2\/posts\/26672\/revisions\/26674"}],"wp:featuredmedia":[{"embeddable":true,"href":"https:\/\/www.infokuryr.cz\/n\/wp-json\/wp\/v2\/media\/26673"}],"wp:attachment":[{"href":"https:\/\/www.infokuryr.cz\/n\/wp-json\/wp\/v2\/media?parent=26672"}],"wp:term":[{"taxonomy":"category","embeddable":true,"href":"https:\/\/www.infokuryr.cz\/n\/wp-json\/wp\/v2\/categories?post=26672"},{"taxonomy":"post_tag","embeddable":true,"href":"https:\/\/www.infokuryr.cz\/n\/wp-json\/wp\/v2\/tags?post=26672"}],"curies":[{"name":"wp","href":"https:\/\/api.w.org\/{rel}","templated":true}]}}