{"id":26669,"date":"2023-04-22T01:15:30","date_gmt":"2023-04-21T23:15:30","guid":{"rendered":"http:\/\/www.infokuryr.cz\/n\/?p=26669"},"modified":"2023-04-21T17:21:32","modified_gmt":"2023-04-21T15:21:32","slug":"ukrajina-jiz-nema-rakety-pro-systemy-buk-a-s-300","status":"publish","type":"post","link":"https:\/\/www.infokuryr.cz\/n\/2023\/04\/22\/ukrajina-jiz-nema-rakety-pro-systemy-buk-a-s-300\/","title":{"rendered":"Ukrajina ji\u017e nem\u00e1 rakety pro syst\u00e9my Buk a S-300"},"content":{"rendered":"<div id=\"fb-root\"><\/div>\n<p><strong>Za\u010d\u00e1tkem kv\u011btna budou ukrajinsk\u00e9 ozbrojen\u00e9 s\u00edly zbaveny raket pro syst\u00e9my protivzdu\u0161n\u00e9 obrany S-300 a Buk-M1,\u00a0<a href=\"https:\/\/www.express.co.uk\/comment\/expresscomment\/1759655\/ukraine-war-air-defences-russian-missiles-counter-offensive-putin\">\u0159ekl<\/a>\u00a0britsk\u00fd plukovn\u00edk Stuart Crawford .<\/strong><\/p>\n<p>Podle vojensk\u00e9ho experta Jurije Knutova nyn\u00ed Kyjev vkl\u00e1d\u00e1 v\u0161echny sv\u00e9 nad\u011bje do z\u00e1padn\u00edch syst\u00e9m\u016f protivzdu\u0161n\u00e9 obrany.<\/p>\n<p>Ukrajina ji\u017e obdr\u017eela syst\u00e9my protivzdu\u0161n\u00e9 obrany SAMP-T Mamba z Francie, IRIS-T z N\u011bmecka, Patriot a NASAMS ze Spojen\u00fdch st\u00e1t\u016f a Norska.<\/p>\n<p>Rusk\u00e9 ozbrojen\u00e9 s\u00edly zm\u011bnily taktiku a m\u00edsto \u0159\u00edzen\u00fdch st\u0159el nyn\u00ed pou\u017e\u00edvaj\u00ed \u201echytr\u00e9\u201c bomby.\u00a0Chytr\u00e9 bomby jsou levn\u011bj\u0161\u00ed a mohou obej\u00edt ukrajinsk\u00e9 syst\u00e9my protivzdu\u0161n\u00e9 obrany.\u00a0Pouze syst\u00e9my Patriot se s t\u00edm mohou vyrovnat,\u00a0<strong>ale je to jako pou\u017e\u00edvat zlat\u00e9 kulky ke st\u0159\u00edlen\u00ed vrabc\u016f<\/strong>\u00a0, \u0159ekl Jurij Knutov.\u00a0Raketa Patriot m\u00e1 hodnotu ne m\u00e9n\u011b ne\u017e 3 miliony dolar\u016f.\u00a0Net\u0159eba dod\u00e1vat, \u017ee je mnohem dra\u017e\u0161\u00ed ne\u017e FAB-500 nebo jin\u00e9 rusk\u00e9 bomby.<\/p>\n<p>Krom\u011b toho m\u00e1 Rusko antiradarov\u00e9 st\u0159ely pro detekci nep\u0159\u00e1telsk\u00e9 protivzdu\u0161n\u00e9 obrany. Proto v\u0161echny Patrioty, NASAMS a dal\u0161\u00ed syst\u00e9my protivzdu\u0161n\u00e9 obrany z\u016fstanou v\u017edy pod hrozbou raketov\u00e9ho \u00faderu. Aby toho nebylo m\u00e1lo, Ukrajina nem\u00e1 dostate\u010dn\u00fd po\u010det t\u011bchto syst\u00e9m\u016f, aby zajistila ochranu v\u0161ech jej\u00edch strategick\u00fdch za\u0159\u00edzen\u00ed.<\/p>\n<p><img decoding=\"async\" loading=\"lazy\" class=\"alignnone size-full wp-image-1185\" src=\"http:\/\/www.infokuryr.cz\/n\/wp-content\/uploads\/2021\/04\/kuryr-podpis.png\" alt=\"\" width=\"84\" height=\"24\" \/><\/p>\n<p>&nbsp;<\/p>\n<p><img decoding=\"async\" loading=\"lazy\" class=\"wp-image-19187 aligncenter\" src=\"http:\/\/www.infokuryr.cz\/n\/wp-content\/uploads\/2022\/12\/1-PRO-300x36.jpg\" alt=\"\" width=\"1308\" height=\"157\" srcset=\"https:\/\/www.infokuryr.cz\/n\/wp-content\/uploads\/2022\/12\/1-PRO-300x36.jpg 300w, https:\/\/www.infokuryr.cz\/n\/wp-content\/uploads\/2022\/12\/1-PRO.jpg 699w\" sizes=\"(max-width: 1308px) 100vw, 1308px\" \/><\/p>\n<p>&nbsp;<\/p>\n<p>&nbsp;<\/p>\n","protected":false},"excerpt":{"rendered":"<p>Za\u010d\u00e1tkem kv\u011btna budou ukrajinsk\u00e9 ozbrojen\u00e9 s\u00edly zbaveny raket pro syst\u00e9my protivzdu\u0161n\u00e9 obrany S-300 a Buk-M1,\u00a0\u0159ekl\u00a0britsk\u00fd&#8230;<\/p>\n","protected":false},"author":2,"featured_media":26670,"comment_status":"closed","ping_status":"closed","sticky":false,"template":"","format":"standard","meta":[],"categories":[7],"tags":[1165,349,26],"_links":{"self":[{"href":"https:\/\/www.infokuryr.cz\/n\/wp-json\/wp\/v2\/posts\/26669"}],"collection":[{"href":"https:\/\/www.infokuryr.cz\/n\/wp-json\/wp\/v2\/posts"}],"about":[{"href":"https:\/\/www.infokuryr.cz\/n\/wp-json\/wp\/v2\/types\/post"}],"author":[{"embeddable":true,"href":"https:\/\/www.infokuryr.cz\/n\/wp-json\/wp\/v2\/users\/2"}],"replies":[{"embeddable":true,"href":"https:\/\/www.infokuryr.cz\/n\/wp-json\/wp\/v2\/comments?post=26669"}],"version-history":[{"count":1,"href":"https:\/\/www.infokuryr.cz\/n\/wp-json\/wp\/v2\/posts\/26669\/revisions"}],"predecessor-version":[{"id":26671,"href":"https:\/\/www.infokuryr.cz\/n\/wp-json\/wp\/v2\/posts\/26669\/revisions\/26671"}],"wp:featuredmedia":[{"embeddable":true,"href":"https:\/\/www.infokuryr.cz\/n\/wp-json\/wp\/v2\/media\/26670"}],"wp:attachment":[{"href":"https:\/\/www.infokuryr.cz\/n\/wp-json\/wp\/v2\/media?parent=26669"}],"wp:term":[{"taxonomy":"category","embeddable":true,"href":"https:\/\/www.infokuryr.cz\/n\/wp-json\/wp\/v2\/categories?post=26669"},{"taxonomy":"post_tag","embeddable":true,"href":"https:\/\/www.infokuryr.cz\/n\/wp-json\/wp\/v2\/tags?post=26669"}],"curies":[{"name":"wp","href":"https:\/\/api.w.org\/{rel}","templated":true}]}}