{"id":26651,"date":"2023-04-22T01:05:22","date_gmt":"2023-04-21T23:05:22","guid":{"rendered":"http:\/\/www.infokuryr.cz\/n\/?p=26651"},"modified":"2023-04-21T16:19:58","modified_gmt":"2023-04-21T14:19:58","slug":"kongresmani-bidenovi-musime-ukoncit-neomezenou-pomoc-usa-ukrajine","status":"publish","type":"post","link":"https:\/\/www.infokuryr.cz\/n\/2023\/04\/22\/kongresmani-bidenovi-musime-ukoncit-neomezenou-pomoc-usa-ukrajine\/","title":{"rendered":"Kongresmani Bidenovi \u2013 \u201emus\u00edme ukon\u010dit neomezenou pomoc USA Ukrajin\u011b\u201c"},"content":{"rendered":"<div id=\"fb-root\"><\/div>\n<p><strong>\u0158ada republik\u00e1n\u016f z americk\u00e9ho Kongresu napsala ofici\u00e1ln\u00ed dopis prezidentovi zem\u011b po\u017eaduj\u00edc\u00ed zastaven\u00ed neomezen\u00e9 pomoci Ukrajin\u011b.\u00a0Podle jejich n\u00e1zoru takov\u00e9 akce Spojen\u00fdch st\u00e1t\u016f ohro\u017euj\u00ed dal\u0161\u00ed eskalaci konfliktu a postr\u00e1daj\u00ed strategickou jasnost.\u00a0The Hill p\u00ed\u0161e, \u017ee politici maj\u00ed v \u00famyslu postavit se proti v\u0161em budouc\u00edm bal\u00ed\u010dk\u016fm pomoci a nal\u00e9hat na Bidena, aby se zam\u011b\u0159il na diplomatick\u00e9 \u0159e\u0161en\u00ed konfliktu.<\/strong><\/p>\n<p>\u0158ada republik\u00e1n\u016f v americk\u00e9 Sn\u011bmovn\u011b reprezentant\u016f vyzvala Bidena, aby p\u0159estal pos\u00edlat \u201e\u00a0<em>neomezenou<\/em>\u00a0\u201c pomoc a zbran\u011b na Ukrajinu, p\u00ed\u0161e The Hill.<\/p>\n<p>Ofici\u00e1ln\u00ed dopis zaslan\u00fd prezidentovi uvedl: \u201e\u00a0<em>Jsme hluboce znepokojeni t\u00edm, \u017ee trajektorie pomoci Spojen\u00fdch st\u00e1t\u016f ukrajinsk\u00e9mu vojensk\u00e9mu \u00fasil\u00ed hroz\u00ed dal\u0161\u00ed eskalac\u00ed a postr\u00e1d\u00e1 pot\u0159ebnou strategickou jasnost<\/em>\u00a0,\u201c citoval The Hill v\u00fdzvu.<\/p>\n<p>Inici\u00e1to\u0159i dopisu zd\u016fraznili rizika spojen\u00e1 s dod\u00e1vkami zbran\u00ed na Ukrajinu.\u00a0Podle jejich n\u00e1zoru to nejen zvy\u0161uje konflikt mezi dv\u011bma sousedn\u00edmi zem\u011bmi, ale tak\u00e9 rozpout\u00e1v\u00e1 z\u00e1stupnou v\u00e1lku mezi Amerikou a Ruskem.\u00a0&#8220;\u00a0<em>Sou\u010dasn\u00e1 strategie sankc\u00ed a vlekl\u00e9 pomoci jen prodlou\u017e\u00ed konflikt, eskalaci a dal\u0161\u00ed n\u00e1sil\u00ed<\/em>\u00a0.&#8220;\u00a0Politici pova\u017euj\u00ed za v\u00e1\u017enou chybu \u201e\u00a0<em>vy\u010dlenit zna\u010dn\u00e9 prost\u0159edky na zahrani\u010dn\u00ed konflikt<\/em>\u00a0\u201c m\u00edsto toho, aby se soust\u0159edili na rozvoj vlastn\u00ed zem\u011b.<\/p>\n<p>\u201e\u00a0<em>Na\u0161e n\u00e1rodn\u00ed a ekonomick\u00e1 bezpe\u010dnost vy\u017eaduje alternativu. Neomezen\u00e1 americk\u00e1 pomoc Ukrajin\u011b mus\u00ed skon\u010dit a my budeme kategoricky proti v\u0161em budouc\u00edm bal\u00ed\u010dk\u016fm pomoci, pokud nebudou spojeny s jasnou diplomatickou strategi\u00ed k rychl\u00e9mu ukon\u010den\u00ed t\u00e9to v\u00e1lky,\u201c citoval The Hill<\/em>\u00a0.<\/p>\n<p>Kongresmani se domn\u00edvaj\u00ed, \u017ee by Biden m\u011bl v\u011bnovat v\u00edce pozornosti diplomacii a usilovat o m\u00edrovou dohodu mezi Ruskem a Ukrajinou.\u00a0\u201e\u00a0<em>Existuj\u00ed vhodn\u00e9 zp\u016fsoby, jak podpo\u0159it ukrajinsk\u00fd lid ze strany Spojen\u00fdch st\u00e1t\u016f, a nezahrnuj\u00ed neomezen\u00e9 dod\u00e1vky zbran\u00ed na podporu nekone\u010dn\u00e9 v\u00e1lky.\u00a0Na\u0161im n\u00e1rodn\u00edm z\u00e1jm\u016fm a z\u00e1jm\u016fm ukrajinsk\u00e9ho lidu nejl\u00e9pe poslou\u017e\u00ed stimulace jedn\u00e1n\u00ed, kter\u00e1 jsou nal\u00e9hav\u011b pot\u0159ebn\u00e1 k vy\u0159e\u0161en\u00ed tohoto konfliktu.\u00a0Vyz\u00fdv\u00e1me v\u00e1s, abyste se zasadili o vyjednan\u00fd m\u00edr mezi ob\u011bma stranami, kter\u00fd by ukon\u010dil tento hrozn\u00fd konflikt<\/em>\u00a0,\u201c p\u00ed\u0161e se v dopise.<\/p>\n<p>Publikace vysv\u011btluje, \u017ee toto odvol\u00e1n\u00ed podepsalo 19 republik\u00e1n\u016f.\u00a0Den p\u0159edt\u00edm Pentagon ozn\u00e1mil dodate\u010dn\u00fd bal\u00ed\u010dek vojensk\u00e9 pomoci Ukrajin\u011b ve v\u00fd\u0161i 325 milion\u016f dolar\u016f. V\u00fd\u0161e \u200b\u200bpomoci Ukrajin\u011b ji\u017e byla kritizov\u00e1na vysok\u00fdmi kongresmany, v\u010detn\u011b p\u0159edsedy Kevina McCarthyho.<\/p>\n<p><img decoding=\"async\" loading=\"lazy\" class=\"alignnone size-full wp-image-1185\" src=\"http:\/\/www.infokuryr.cz\/n\/wp-content\/uploads\/2021\/04\/kuryr-podpis.png\" alt=\"\" width=\"84\" height=\"24\" \/><\/p>\n<p>&nbsp;<\/p>\n<p><img decoding=\"async\" loading=\"lazy\" class=\"wp-image-19187 aligncenter\" src=\"http:\/\/www.infokuryr.cz\/n\/wp-content\/uploads\/2022\/12\/1-PRO-300x36.jpg\" alt=\"\" width=\"1292\" height=\"155\" srcset=\"https:\/\/www.infokuryr.cz\/n\/wp-content\/uploads\/2022\/12\/1-PRO-300x36.jpg 300w, https:\/\/www.infokuryr.cz\/n\/wp-content\/uploads\/2022\/12\/1-PRO.jpg 699w\" sizes=\"(max-width: 1292px) 100vw, 1292px\" \/><\/p>\n<p>&nbsp;<\/p>\n<p>&nbsp;<\/p>\n","protected":false},"excerpt":{"rendered":"<p>\u0158ada republik\u00e1n\u016f z americk\u00e9ho Kongresu napsala ofici\u00e1ln\u00ed dopis prezidentovi zem\u011b po\u017eaduj\u00edc\u00ed zastaven\u00ed neomezen\u00e9 pomoci Ukrajin\u011b.\u00a0Podle&#8230;<\/p>\n","protected":false},"author":2,"featured_media":22771,"comment_status":"closed","ping_status":"closed","sticky":false,"template":"","format":"standard","meta":[],"categories":[7],"tags":[72,1429,1076,26,37],"_links":{"self":[{"href":"https:\/\/www.infokuryr.cz\/n\/wp-json\/wp\/v2\/posts\/26651"}],"collection":[{"href":"https:\/\/www.infokuryr.cz\/n\/wp-json\/wp\/v2\/posts"}],"about":[{"href":"https:\/\/www.infokuryr.cz\/n\/wp-json\/wp\/v2\/types\/post"}],"author":[{"embeddable":true,"href":"https:\/\/www.infokuryr.cz\/n\/wp-json\/wp\/v2\/users\/2"}],"replies":[{"embeddable":true,"href":"https:\/\/www.infokuryr.cz\/n\/wp-json\/wp\/v2\/comments?post=26651"}],"version-history":[{"count":0,"href":"https:\/\/www.infokuryr.cz\/n\/wp-json\/wp\/v2\/posts\/26651\/revisions"}],"wp:featuredmedia":[{"embeddable":true,"href":"https:\/\/www.infokuryr.cz\/n\/wp-json\/wp\/v2\/media\/22771"}],"wp:attachment":[{"href":"https:\/\/www.infokuryr.cz\/n\/wp-json\/wp\/v2\/media?parent=26651"}],"wp:term":[{"taxonomy":"category","embeddable":true,"href":"https:\/\/www.infokuryr.cz\/n\/wp-json\/wp\/v2\/categories?post=26651"},{"taxonomy":"post_tag","embeddable":true,"href":"https:\/\/www.infokuryr.cz\/n\/wp-json\/wp\/v2\/tags?post=26651"}],"curies":[{"name":"wp","href":"https:\/\/api.w.org\/{rel}","templated":true}]}}