{"id":26649,"date":"2023-04-22T01:04:38","date_gmt":"2023-04-21T23:04:38","guid":{"rendered":"http:\/\/www.infokuryr.cz\/n\/?p=26649"},"modified":"2023-04-21T16:15:57","modified_gmt":"2023-04-21T14:15:57","slug":"mzv-kldr-vylozilo-svou-pozici-vuci-planum-g7-na-denuklearizaci-zeme","status":"publish","type":"post","link":"https:\/\/www.infokuryr.cz\/n\/2023\/04\/22\/mzv-kldr-vylozilo-svou-pozici-vuci-planum-g7-na-denuklearizaci-zeme\/","title":{"rendered":"MZV KLDR vylo\u017eilo svou pozici v\u016f\u010di pl\u00e1n\u016fm G7 na denuklearizaci zem\u011b"},"content":{"rendered":"<div id=\"fb-root\"><\/div>\n<p><strong>Pozice KLDR jako\u017eto sv\u011btov\u00e9 jadern\u00e9 velmoci je definitivn\u00ed a nezvratn\u00e1, nepot\u0159ebuje mezin\u00e1rodn\u00ed uzn\u00e1n\u00ed, vlastn\u011bn\u00ed jadern\u00fdch zbran\u00ed neporu\u0161uje \u017e\u00e1dn\u00e9 smlouvy a je u\u017e zakotveno v z\u00e1konod\u00e1rstv\u00ed zem\u011b, kter\u00e1 to pot\u0159ebuje nikoli kv\u016fli statusu, ale pro ochranu p\u0159ed USA s jejich nep\u0159\u00e1telskou politikou, prohl\u00e1sila ministryn\u011b zahrani\u010d\u00ed KLDR Choe Son-hui.<\/strong><\/p>\n<p>D\u0159\u00edve bylo ozn\u00e1meno, \u017ee minist\u0159i zahrani\u010d\u00ed zem\u00ed G7 vydali spole\u010dn\u00e9 prohl\u00e1\u0161en\u00ed podle v\u00fdsledk\u016f sch\u016fzky v Tokiu, v n\u011bm\u017e odsoudili severokorejsk\u00e9 starty balistick\u00fdch raket a vyslovili se pro \u201e\u00faplnou, kontrolovatelnou a nezvratnou\u201c denuklearizaci KLDR.<\/p>\n<p>Choe Son-hui ost\u0159e zkritizovala prohl\u00e1\u0161en\u00ed ministr\u016f zahrani\u010d\u00ed G7 o denuklearizaci Severn\u00ed Koreje a ozna\u010dila jeho obsah za zasahov\u00e1n\u00ed do vnit\u0159n\u00edch z\u00e1le\u017eitost\u00ed a za poru\u0161en\u00ed svrchovanosti. Podle jej\u00edch slov skupina G7, kter\u00e1 nereprezentuje mezin\u00e1rodn\u00ed spole\u010denstv\u00ed a je politick\u00fdm n\u00e1strojem pro zachov\u00e1n\u00ed hegemonie USA, nem\u00e1 pravomoc ani pr\u00e1vo kritizovat vyu\u017eit\u00ed Severn\u00ed Koreou sv\u00fdch svrchovan\u00fdch pr\u00e1v. Ministryn\u011b zahrani\u010d\u00ed KLDR p\u0159ipomenula zem\u00edm G7, \u017ee Severn\u00ed Korea odstoupila od Smlouvy o ne\u0161\u00ed\u0159en\u00ed jadern\u00fdch zbran\u00ed ji\u017e p\u0159ed 20 lety a nem\u00e1 tedy \u017e\u00e1dn\u00e9 smluvn\u00ed z\u00e1vazky.<\/p>\n<p>\u201eUp\u0159es\u0148uji, \u017ee nem\u00e1me \u017e\u00e1dn\u00fd z\u00e1jem o z\u00e1le\u017eitosti \u010dlensk\u00fdch zem\u00ed G7, budou-li se ale pokou\u0161et n\u011bjak po\u0161kozovat svrchovanost a z\u00e1kladn\u00ed z\u00e1jmy KLDR, nedovol\u00edme jim to a podnikneme nel\u00edtostn\u00e1 odvetn\u00e1 opat\u0159en\u00ed,\u201c prohl\u00e1sila Choe Son-hui.<\/p>\n<p>Zd\u016fraznila, \u017ee opat\u0159en\u00ed na upevn\u011bn\u00ed obranyschopnosti KLDR jsou jej\u00edm svrchovan\u00fdm pr\u00e1vem a jsou nutn\u00e1 pro ochranu st\u00e1tu a jeho \u00fazemn\u00ed celistvosti a tak\u00e9 pro stabiln\u00ed kontrolu situace v regionu Korejsk\u00e9ho poloostrova na pozad\u00ed \u201e\u0161\u00edlen\u00fdch a provokativn\u00edch\u201c vojensk\u00fdch akc\u00ed USA a jejich spojenc\u016f. Diplomatka sl\u00edbila, \u017ee KLDR bude i nad\u00e1le podnikat podobn\u00e1 opat\u0159en\u00ed, dokud hrozba ze strany USA a jejich satelit\u016f nebude zcela zlikvidov\u00e1na.<\/p>\n<p><img decoding=\"async\" loading=\"lazy\" class=\"alignnone size-full wp-image-1185\" src=\"http:\/\/www.infokuryr.cz\/n\/wp-content\/uploads\/2021\/04\/kuryr-podpis.png\" alt=\"\" width=\"84\" height=\"24\" \/><\/p>\n<p>&nbsp;<\/p>\n<p><img decoding=\"async\" loading=\"lazy\" class=\"wp-image-19187 aligncenter\" src=\"http:\/\/www.infokuryr.cz\/n\/wp-content\/uploads\/2022\/12\/1-PRO-300x36.jpg\" alt=\"\" width=\"1292\" height=\"155\" srcset=\"https:\/\/www.infokuryr.cz\/n\/wp-content\/uploads\/2022\/12\/1-PRO-300x36.jpg 300w, https:\/\/www.infokuryr.cz\/n\/wp-content\/uploads\/2022\/12\/1-PRO.jpg 699w\" sizes=\"(max-width: 1292px) 100vw, 1292px\" \/><\/p>\n<p>&nbsp;<\/p>\n<p>&nbsp;<\/p>\n","protected":false},"excerpt":{"rendered":"<p>Pozice KLDR jako\u017eto sv\u011btov\u00e9 jadern\u00e9 velmoci je definitivn\u00ed a nezvratn\u00e1, nepot\u0159ebuje mezin\u00e1rodn\u00ed uzn\u00e1n\u00ed, vlastn\u011bn\u00ed jadern\u00fdch&#8230;<\/p>\n","protected":false},"author":2,"featured_media":26650,"comment_status":"closed","ping_status":"closed","sticky":false,"template":"","format":"standard","meta":[],"categories":[7],"tags":[323,3267,502,811],"_links":{"self":[{"href":"https:\/\/www.infokuryr.cz\/n\/wp-json\/wp\/v2\/posts\/26649"}],"collection":[{"href":"https:\/\/www.infokuryr.cz\/n\/wp-json\/wp\/v2\/posts"}],"about":[{"href":"https:\/\/www.infokuryr.cz\/n\/wp-json\/wp\/v2\/types\/post"}],"author":[{"embeddable":true,"href":"https:\/\/www.infokuryr.cz\/n\/wp-json\/wp\/v2\/users\/2"}],"replies":[{"embeddable":true,"href":"https:\/\/www.infokuryr.cz\/n\/wp-json\/wp\/v2\/comments?post=26649"}],"version-history":[{"count":0,"href":"https:\/\/www.infokuryr.cz\/n\/wp-json\/wp\/v2\/posts\/26649\/revisions"}],"wp:featuredmedia":[{"embeddable":true,"href":"https:\/\/www.infokuryr.cz\/n\/wp-json\/wp\/v2\/media\/26650"}],"wp:attachment":[{"href":"https:\/\/www.infokuryr.cz\/n\/wp-json\/wp\/v2\/media?parent=26649"}],"wp:term":[{"taxonomy":"category","embeddable":true,"href":"https:\/\/www.infokuryr.cz\/n\/wp-json\/wp\/v2\/categories?post=26649"},{"taxonomy":"post_tag","embeddable":true,"href":"https:\/\/www.infokuryr.cz\/n\/wp-json\/wp\/v2\/tags?post=26649"}],"curies":[{"name":"wp","href":"https:\/\/api.w.org\/{rel}","templated":true}]}}