{"id":26626,"date":"2023-04-21T06:27:06","date_gmt":"2023-04-21T04:27:06","guid":{"rendered":"http:\/\/www.infokuryr.cz\/n\/?p=26626"},"modified":"2023-04-21T06:27:06","modified_gmt":"2023-04-21T04:27:06","slug":"jindrich-kulhavy-neni-chut-psat","status":"publish","type":"post","link":"https:\/\/www.infokuryr.cz\/n\/2023\/04\/21\/jindrich-kulhavy-neni-chut-psat\/","title":{"rendered":"Jind\u0159ich Kulhav\u00fd: Nen\u00ed chu\u0165 ps\u00e1t"},"content":{"rendered":"<div id=\"fb-root\"><\/div>\n<p><span class=\"anotation\">Mo\u017en\u00e1 jste si v\u0161imnuli, \u017ee moment\u00e1ln\u00ed frekvence nov\u00fdch \u010dl\u00e1nk\u016f lehce klesnula. D\u016fvodem k\u00a0tomu je realita, ve kter\u00e9 moment\u00e1ln\u011b \u017eijeme. Pokud n\u011bkdo v\u011b\u0159il v\u00a0\u010distotu a schopnosti sou\u010dasn\u00e9 politick\u00e9 reprezentace a nez\u016fstal naivn\u00ed, mus\u00ed m\u00edt chu\u0165 zvracet. O co h\u016f\u0159e se v\u0161ak c\u00edt\u00ed ti, kte\u0159\u00ed od po\u010d\u00e1tku v\u011bd\u011bli, \u017ee P\u011btikoalice je kus nastr\u010den\u00e9 \u0161p\u00edny. Vyjad\u0159ovat se k\u00a0sou\u010dasn\u00e9mu d\u011bn\u00ed je tak v\u00a0podstat\u011b zbyte\u010dn\u00e9. Odp\u016frci Fialy a pota\u017emo i EU c\u00edt\u00ed v\u011bt\u0161inou jistou beznad\u011bj, by\u0165 se \u00fa\u010dastn\u00ed demonstrac\u00ed, a fanatici typu \u0159eporyjsk\u00e9ho prasete Novotn\u00e9ho zase odm\u00edtaj\u00ed sundat klapky. Omlouv\u00e1me se za hrub\u00e9 pojmenov\u00e1n\u00ed starosty pra\u017esk\u00e9 m\u011bstsk\u00e9 \u010d\u00e1sti a \u010dlena ODS, pro n\u011bho je to v\u0161ak je\u0161t\u011b \u010dest, proto\u017ee spole\u010dn\u011b s\u00a0redaktory medi\u00e1ln\u00ed \u017eumpy Forum24 a \u010d\u00e1sti Seznamu jde o skute\u010dnou spodinu spole\u010dnosti chr\u00e1n\u011bnou p\u011btikoali\u010dn\u00edmi likvid\u00e1tory t\u00e9to zem\u011b.<\/span><\/p>\n<div id=\"pagetext\">\n<p><strong>\u00a0 Sledujte tedy tok na\u0161ich my\u0161lenek. Co v\u00a0posledn\u00ed dob\u011b do n\u00e1s m\u00e9dia pou\u0161t\u00ed?<\/strong><\/p>\n<ol>\n<li>\u010cesk\u00e1 vl\u00e1da rozhodla, \u017ee \u010cR bude nad\u00e1le dov\u00e1\u017eet kontaminovanou ukrajinskou p\u0161enici za dumpingov\u00e9 ceny likviduj\u00edc\u00ed \u010desk\u00e9 zem\u011bd\u011blce.<\/li>\n<li>Evropsk\u00e1 unie ost\u0159e vystoupila proti vl\u00e1d\u00e1m h\u00e1j\u00edc\u00edm zdrav\u00ed sv\u00fdch ob\u010dan\u016f a podporuje dovoz v\u00fd\u0161e uveden\u00e9 p\u0161enice, samoz\u0159ejm\u011b p\u0159edev\u0161\u00edm do St\u0159edn\u00ed Evropy.<\/li>\n<li>Supermarkety PENNY za\u010daly prod\u00e1vat mouku s\u00a010% obsahu p\u0159\u00edsady cvr\u010dk\u016f.<\/li>\n<li>Nafta je nejlevn\u011bj\u0161\u00ed za posledn\u00edch rok a p\u016fl, ov\u0161em to bude brzy minulost\u00ed a jej\u00ed cena za\u010dne razantn\u011b stoupat.<\/li>\n<li>St\u00e1ty Evropsk\u00e9 unie nad\u00e1le nakupuj\u00ed ruskou ropu (co\u017e bylo jasn\u00e9 a spr\u00e1vn\u00e9), ov\u0161em ji\u017e upravenou na pohonn\u00e9 hmoty a paliva (tak\u017ee mnohem dra\u017e\u0161\u00ed, to se jev\u00ed b\u00fdt zna\u010dn\u011b pro n\u00e1s nev\u00fdhodn\u00e9).<\/li>\n<li>Bl\u00ed\u017e\u00ed se obdob\u00ed vy\u00fa\u010dtov\u00e1n\u00ed tepla, plynu a elekt\u0159iny. Tam kde u\u017e ho maj\u00ed, doch\u00e1z\u00ed \u010dasto ke zd\u011b\u0161en\u00ed a panice. Opr\u00e1vn\u011bn\u011b.<\/li>\n<li>EU nad\u00e1le pokra\u010duje v\u00a0p\u0159\u00edprav\u011b p\u0159echodu na normu Euro 7, kter\u00e1 zlikviduje \u0159adu automobilek a zdra\u017e\u00ed motorov\u00e1 vozidla. Kdo si mysl\u00ed, \u017ee elektromobily z\u016fstanou st\u00e1le na stejn\u00e9 a u\u017e tak vysok\u00e9 \u00farovni, je bl\u00e1zen.<\/li>\n<li>Ukrajina p\u0159ipravuje za podpory Z\u00e1padu velkou ofenz\u00edvu. Opravdu si je\u0161t\u011b n\u011bkdo mysl\u00ed, \u017ee jsou Rusov\u00e9 takov\u00ed idioti, \u017ee by se nechali vytla\u010dit?<\/li>\n<li>Politick\u00fd dribling Zde\u0148ka Sv\u011br\u00e1ka mu i v\u00a0tomto re\u017eimu p\u0159inesl body a z\u00edskal ocen\u011bn\u00ed z rukou Petra Pavla, tedy od dal\u0161\u00edho klika\u0159e, kter\u00e9mu se da\u0159\u00ed v\u00a0jak\u00e9mkoliv obdob\u00ed a pod veden\u00edm r\u016fzn\u011b zam\u011b\u0159en\u00fdch ideolog\u016f.<\/li>\n<li>Lidl op\u011bt zdra\u017eil a nez\u016fstal v\u00a0tom s\u00e1m. Nadn\u00e1rodn\u00ed obchodn\u00ed \u0159et\u011bzce si z\u00a0\u010cech\u016f u\u017e d\u011blaj\u00ed asi srandu. Kvalitativn\u011b mizern\u00e9 potraviny za nadstandardn\u00ed ceny.<\/li>\n<li>P\u0159esto\u017ee je letos neobvykl\u00e1 zima, meteorologov\u00e9 ji\u017e p\u0159edpov\u00eddaj\u00ed neb\u00fdvale hork\u00e9 l\u00e9to. To asi proto, aby podpo\u0159ili teorii o oteplov\u00e1n\u00ed planety d\u00edky \u0161kodlivosti CO2. P\u0159itom rozumn\u011b uva\u017euj\u00edc\u00ed lid\u00e9 v\u00ed, \u017ee \u017e\u00e1dn\u00e9 razantn\u00ed oteplov\u00e1n\u00ed nep\u0159ich\u00e1z\u00ed, CO2 je po\u0159\u00e1d stejn\u011b a letos je fakt hnusn\u00e1 zima.<\/li>\n<li>Vl\u00e1dn\u00ed P\u011btikoalice pokra\u010duje v\u00a0trendu p\u0159ede\u0161l\u00fdch vl\u00e1d a \u0159ada vypsan\u00fdch st\u00e1tn\u00edch tendr\u016f je zmanipulovan\u00e1 tak, aby je vyhr\u00e1valy p\u0159edem ur\u010den\u00e9 firmy politik\u016f. Smutn\u00e9 je, \u017ee se to t\u00fdk\u00e1 nap\u0159. i Ministerstva vnitra. A rozhodn\u011b jsou eliminov\u00e1ny nejlevn\u011bj\u0161\u00ed nab\u00eddky tak, aby vyhr\u00e1valy ty dra\u017e\u0161\u00ed a nesouc\u00ed sebou zisk jednotlivc\u016fm generovan\u00fd ze st\u00e1tn\u00edch, tedy i na\u0161ich spole\u010dn\u00fdch pen\u011bz. Pt\u00e1te li se, jak se lze zbavit spole\u010dnost\u00ed, kter\u00e9 v\u00fdb\u011brov\u00e1 \u0159\u00edzen\u00ed mohly vyhr\u00e1t, tedy byly t\u0159eba vy\u0159azeny a v\u011b\u0159te tomu, \u017ee mo\u017enost\u00ed je dost. Zvl\u00e1\u0161t\u011b, kdy\u017e n\u011bkdo omylem sout\u011b\u017e\u00ed o zak\u00e1zku t\u0159eba u samotn\u00e9 Policie. Babi\u0161 byl je\u0161t\u011b ber\u00e1nek, i kdy\u017e dost ostr\u00fd. Kdy\u017e na tuto skute\u010dnost naraz\u00edte, asi by se V\u00e1m u\u017e necht\u011blo nic d\u011blat.<\/li>\n<\/ol>\n<p>A k\u00a0tomu v\u0161emu si p\u0159e\u010dtete v\u00fdrok Petra Fialy o tom, \u017ee jeho vl\u00e1da v\u0161e dosud zvl\u00e1dnula a d\u00edky jej\u00ed aktivit\u011b se vlastn\u011b m\u00e1me skv\u011ble, i kdy\u017e opasky je t\u0159eba utahovat nad\u00e1le. St\u00e1tn\u00ed dluh roste, dan\u011b brzy tak\u00e9, d\u016fchody se nevalorizuj\u00ed dostate\u010dn\u011b a Langr si koupil prvn\u00ed budovu Po\u0161ty. Ne\u010dekan\u011b. Opravdu m\u00e1 cenu n\u011bco ps\u00e1t, kdy\u017e v\u00edte, \u017ee chod t\u011bchto ud\u00e1lost\u00ed nezm\u011bn\u00edte?<\/p>\n<p><a href=\"https:\/\/www.inadhled.live\/uvaha-dne\/neni-chut-psat\/\">Jind\u0159ich Kulhav\u00fd<\/a><\/p>\n<p><img decoding=\"async\" loading=\"lazy\" class=\"alignnone size-medium wp-image-22653\" src=\"http:\/\/www.infokuryr.cz\/n\/wp-content\/uploads\/2023\/02\/jindra-kulhavy-221x300.jpg\" alt=\"\" width=\"221\" height=\"300\" srcset=\"https:\/\/www.infokuryr.cz\/n\/wp-content\/uploads\/2023\/02\/jindra-kulhavy-221x300.jpg 221w, https:\/\/www.infokuryr.cz\/n\/wp-content\/uploads\/2023\/02\/jindra-kulhavy.jpg 311w\" sizes=\"(max-width: 221px) 100vw, 221px\" \/><\/p>\n<p>_____________________<\/p>\n<\/div>\n<p>&nbsp;<\/p>\n<p>&nbsp;<\/p>\n<p><img decoding=\"async\" loading=\"lazy\" class=\"wp-image-19187 aligncenter\" src=\"http:\/\/www.infokuryr.cz\/n\/wp-content\/uploads\/2022\/12\/1-PRO-300x36.jpg\" alt=\"\" width=\"1292\" height=\"155\" srcset=\"https:\/\/www.infokuryr.cz\/n\/wp-content\/uploads\/2022\/12\/1-PRO-300x36.jpg 300w, https:\/\/www.infokuryr.cz\/n\/wp-content\/uploads\/2022\/12\/1-PRO.jpg 699w\" sizes=\"(max-width: 1292px) 100vw, 1292px\" \/><\/p>\n<p>&nbsp;<\/p>\n<p>&nbsp;<\/p>\n","protected":false},"excerpt":{"rendered":"<p>Mo\u017en\u00e1 jste si v\u0161imnuli, \u017ee moment\u00e1ln\u00ed frekvence nov\u00fdch \u010dl\u00e1nk\u016f lehce klesnula. D\u016fvodem k\u00a0tomu je realita,&#8230;<\/p>\n","protected":false},"author":2,"featured_media":26627,"comment_status":"closed","ping_status":"closed","sticky":false,"template":"","format":"standard","meta":[],"categories":[6],"tags":[29,122,99],"_links":{"self":[{"href":"https:\/\/www.infokuryr.cz\/n\/wp-json\/wp\/v2\/posts\/26626"}],"collection":[{"href":"https:\/\/www.infokuryr.cz\/n\/wp-json\/wp\/v2\/posts"}],"about":[{"href":"https:\/\/www.infokuryr.cz\/n\/wp-json\/wp\/v2\/types\/post"}],"author":[{"embeddable":true,"href":"https:\/\/www.infokuryr.cz\/n\/wp-json\/wp\/v2\/users\/2"}],"replies":[{"embeddable":true,"href":"https:\/\/www.infokuryr.cz\/n\/wp-json\/wp\/v2\/comments?post=26626"}],"version-history":[{"count":0,"href":"https:\/\/www.infokuryr.cz\/n\/wp-json\/wp\/v2\/posts\/26626\/revisions"}],"wp:featuredmedia":[{"embeddable":true,"href":"https:\/\/www.infokuryr.cz\/n\/wp-json\/wp\/v2\/media\/26627"}],"wp:attachment":[{"href":"https:\/\/www.infokuryr.cz\/n\/wp-json\/wp\/v2\/media?parent=26626"}],"wp:term":[{"taxonomy":"category","embeddable":true,"href":"https:\/\/www.infokuryr.cz\/n\/wp-json\/wp\/v2\/categories?post=26626"},{"taxonomy":"post_tag","embeddable":true,"href":"https:\/\/www.infokuryr.cz\/n\/wp-json\/wp\/v2\/tags?post=26626"}],"curies":[{"name":"wp","href":"https:\/\/api.w.org\/{rel}","templated":true}]}}