{"id":26624,"date":"2023-04-21T05:59:31","date_gmt":"2023-04-21T03:59:31","guid":{"rendered":"http:\/\/www.infokuryr.cz\/n\/?p=26624"},"modified":"2023-04-21T05:59:31","modified_gmt":"2023-04-21T03:59:31","slug":"o-cem-se-mlci-jindrich-rajchl-o-demonstraci-ze-dne-16-4-2923","status":"publish","type":"post","link":"https:\/\/www.infokuryr.cz\/n\/2023\/04\/21\/o-cem-se-mlci-jindrich-rajchl-o-demonstraci-ze-dne-16-4-2923\/","title":{"rendered":"O \u010dem se ml\u010d\u00ed &#8211; Jind\u0159ich Rajchl o demonstraci ze dne 16.4.2923"},"content":{"rendered":"<div id=\"fb-root\"><\/div>\n<p><span style=\"font-size: 14pt;\"><strong>Stanislav Novotn\u00fd se pt\u00e1 Jind\u0159icha Rajchla na 100 tis\u00edcovou protivl\u00e1dn\u00ed pokojnou demonstraci, kter\u00e1 skon\u010dila historicky nejv\u011bt\u0161\u00edm pochodem nespokojen\u00fdch ob\u010dan\u016f k \u00da\u0159adu vl\u00e1dy \u010cR, o \u010dem\u017e provl\u00e1dn\u00ed m\u00e9dia z\u00e1m\u011brn\u011b ml\u010d\u00ed<\/strong><\/span><\/p>\n<p>&nbsp;<\/p>\n<p><iframe loading=\"lazy\" title=\"O \u010dem se ml\u010d\u00ed - Jind\u0159ich Rajchl\" width=\"640\" height=\"360\" src=\"https:\/\/www.youtube.com\/embed\/qOAq7YeQD1A?feature=oembed\" frameborder=\"0\" allow=\"accelerometer; autoplay; clipboard-write; encrypted-media; gyroscope; picture-in-picture; web-share\" allowfullscreen><\/iframe><\/p>\n<p>&nbsp;<\/p>\n<p><span style=\"font-size: 18pt;\"><strong>Reakce na novin\u00e1\u0159sk\u00e9 provokace:<\/strong><\/span><\/p>\n<p>&nbsp;<\/p>\n<p><iframe loading=\"lazy\" title=\"Jind\u0159ich Rajchl. Redaktor \u010cT. V\u00fdm\u011bna n\u00e1zor\u016f a to dal\u0161\u00ed\" width=\"640\" height=\"360\" src=\"https:\/\/www.youtube.com\/embed\/AzteP4TjHfo?start=1&#038;feature=oembed\" frameborder=\"0\" allow=\"accelerometer; autoplay; clipboard-write; encrypted-media; gyroscope; picture-in-picture; web-share\" allowfullscreen><\/iframe><\/p>\n<p>&nbsp;<\/p>\n<p>&nbsp;<\/p>\n<p><img decoding=\"async\" loading=\"lazy\" class=\"wp-image-19187 aligncenter\" src=\"http:\/\/www.infokuryr.cz\/n\/wp-content\/uploads\/2022\/12\/1-PRO-300x36.jpg\" alt=\"\" width=\"1267\" height=\"152\" srcset=\"https:\/\/www.infokuryr.cz\/n\/wp-content\/uploads\/2022\/12\/1-PRO-300x36.jpg 300w, https:\/\/www.infokuryr.cz\/n\/wp-content\/uploads\/2022\/12\/1-PRO.jpg 699w\" sizes=\"(max-width: 1267px) 100vw, 1267px\" \/><\/p>\n<p>&nbsp;<\/p>\n<p>&nbsp;<\/p>\n","protected":false},"excerpt":{"rendered":"<p>Stanislav Novotn\u00fd se pt\u00e1 Jind\u0159icha Rajchla na 100 tis\u00edcovou protivl\u00e1dn\u00ed pokojnou demonstraci, kter\u00e1 skon\u010dila historicky&#8230;<\/p>\n","protected":false},"author":2,"featured_media":20061,"comment_status":"closed","ping_status":"closed","sticky":false,"template":"","format":"standard","meta":[],"categories":[6],"tags":[243,2992,2663,1052,889],"_links":{"self":[{"href":"https:\/\/www.infokuryr.cz\/n\/wp-json\/wp\/v2\/posts\/26624"}],"collection":[{"href":"https:\/\/www.infokuryr.cz\/n\/wp-json\/wp\/v2\/posts"}],"about":[{"href":"https:\/\/www.infokuryr.cz\/n\/wp-json\/wp\/v2\/types\/post"}],"author":[{"embeddable":true,"href":"https:\/\/www.infokuryr.cz\/n\/wp-json\/wp\/v2\/users\/2"}],"replies":[{"embeddable":true,"href":"https:\/\/www.infokuryr.cz\/n\/wp-json\/wp\/v2\/comments?post=26624"}],"version-history":[{"count":1,"href":"https:\/\/www.infokuryr.cz\/n\/wp-json\/wp\/v2\/posts\/26624\/revisions"}],"predecessor-version":[{"id":26625,"href":"https:\/\/www.infokuryr.cz\/n\/wp-json\/wp\/v2\/posts\/26624\/revisions\/26625"}],"wp:featuredmedia":[{"embeddable":true,"href":"https:\/\/www.infokuryr.cz\/n\/wp-json\/wp\/v2\/media\/20061"}],"wp:attachment":[{"href":"https:\/\/www.infokuryr.cz\/n\/wp-json\/wp\/v2\/media?parent=26624"}],"wp:term":[{"taxonomy":"category","embeddable":true,"href":"https:\/\/www.infokuryr.cz\/n\/wp-json\/wp\/v2\/categories?post=26624"},{"taxonomy":"post_tag","embeddable":true,"href":"https:\/\/www.infokuryr.cz\/n\/wp-json\/wp\/v2\/tags?post=26624"}],"curies":[{"name":"wp","href":"https:\/\/api.w.org\/{rel}","templated":true}]}}