{"id":26609,"date":"2023-04-21T01:12:43","date_gmt":"2023-04-20T23:12:43","guid":{"rendered":"http:\/\/www.infokuryr.cz\/n\/?p=26609"},"modified":"2023-04-20T17:54:59","modified_gmt":"2023-04-20T15:54:59","slug":"spotreba-plynu-v-nemecku-je-mimo-kontrolu","status":"publish","type":"post","link":"https:\/\/www.infokuryr.cz\/n\/2023\/04\/21\/spotreba-plynu-v-nemecku-je-mimo-kontrolu\/","title":{"rendered":"Spot\u0159eba plynu v N\u011bmecku je mimo kontrolu"},"content":{"rendered":"<div id=\"fb-root\"><\/div>\n<p><strong>U\u017e druh\u00fd t\u00fdden po sob\u011b se N\u011bmecku neda\u0159\u00ed splnit pl\u00e1n na sn\u00ed\u017een\u00ed spot\u0159eby.\u00a0Zemi se neda\u0159\u00ed udr\u017eet popt\u00e1vku pod 15 % pr\u016fm\u011brn\u00e9 spot\u0159eby za posledn\u00edch p\u011bt let.<\/strong><\/p>\n<p>\u201eI kdy\u017e se nadch\u00e1zej\u00edc\u00ed jaro zd\u00e1 pro spot\u0159ebu plynu ned\u016fle\u017eit\u00e9, pouze investice a \u00faspory plynu n\u00e1m pomohou p\u0159ipravit se na p\u0159\u00ed\u0161t\u00ed zimu,\u201c\u00a0&#8211; napsal na Twitteru \u0161\u00e9f Spolkov\u00e9 s\u00ed\u0165ov\u00e9 agentury\u00a0<strong>Klaus M\u00fcller<\/strong>\u00a0.<\/p>\n<p>\u0160\u00e9f n\u011bmeck\u00e9ho regul\u00e1tora zve\u0159ej\u0148uje t\u00fddenn\u00ed data o situaci v plyn\u00e1renstv\u00ed a N\u011bmecko u\u017e druh\u00fd t\u00fdden nepln\u00ed pl\u00e1n na sn\u00ed\u017een\u00ed spot\u0159eby o 15 %.\u00a0Od 27. b\u0159ezna do 2. dubna byla tedy popt\u00e1vka ni\u017e\u0161\u00ed ne\u017e pr\u016fm\u011brn\u00e1 spot\u0159eba za posledn\u00edch p\u011bt let o 10 % a od 3. dubna do 9. dubna o 14 %.<\/p>\n<p>Nejvoliteln\u011bj\u0161\u00ed jsou obyvatel\u00e9 a st\u0159edn\u00ed podniky, kter\u00e9 dva t\u00fddny po sob\u011b spot\u0159ebuj\u00ed pouze o 9 % plynu m\u00e9n\u011b, ne\u017e navrhuje program Evropsk\u00e9 komise.\u00a0N\u011bmeck\u00e9 firmy jsou p\u0159itom l\u00eddry ve sni\u017eov\u00e1n\u00ed spot\u0159eby (a\u017e o 18 %).\u00a0Od prosince se velkoobchodn\u00ed ceny na burz\u00e1ch v\u00edce ne\u017e ztrojn\u00e1sobily, ale energeticky n\u00e1ro\u010dn\u00e1 odv\u011btv\u00ed st\u00e1le neobnovuj\u00ed v\u00fdrobu.\u00a0Cena 400-500 dolar\u016f za tis\u00edc metr\u016f krychlov\u00fdch je v\u00edce ne\u017e dvakr\u00e1t vy\u0161\u0161\u00ed ne\u017e p\u0159ed energetickou kriz\u00ed.<\/p>\n<p>Program EU pro dobrovoln\u00e9 sni\u017eov\u00e1n\u00ed spot\u0159eby m\u00e1 p\u0159itom dobr\u00e9 d\u016fvody.\u00a0Gazprom kv\u016fli sankc\u00edm a protisankc\u00edm v\u00fdrazn\u011b omezil dod\u00e1vky plynu do zem\u00ed EU.\u00a0Alternativn\u00ed dodavatel\u00e9 v\u0161ak nebyli schopni kompenzovat v\u0161echny objemy.\u00a0Podle Eurostatu EU od srpna do b\u0159ezna 2023, kdy byla v platnosti prvn\u00ed f\u00e1ze programu, u\u0161et\u0159ila 17,7 % paliva.\u00a0Jen v b\u0159eznu zem\u011b EU nedostaly 7,5 miliardy metr\u016f krychlov\u00fdch.<\/p>\n<p><img decoding=\"async\" loading=\"lazy\" class=\"alignnone size-full wp-image-1185\" src=\"http:\/\/www.infokuryr.cz\/n\/wp-content\/uploads\/2021\/04\/kuryr-podpis.png\" alt=\"\" width=\"84\" height=\"24\" \/><\/p>\n<p>&nbsp;<\/p>\n<p>&nbsp;<\/p>\n<p><img decoding=\"async\" loading=\"lazy\" class=\"wp-image-19187 aligncenter\" src=\"http:\/\/www.infokuryr.cz\/n\/wp-content\/uploads\/2022\/12\/1-PRO-300x36.jpg\" alt=\"\" width=\"1275\" height=\"153\" srcset=\"https:\/\/www.infokuryr.cz\/n\/wp-content\/uploads\/2022\/12\/1-PRO-300x36.jpg 300w, https:\/\/www.infokuryr.cz\/n\/wp-content\/uploads\/2022\/12\/1-PRO.jpg 699w\" sizes=\"(max-width: 1275px) 100vw, 1275px\" \/><\/p>\n<p>&nbsp;<\/p>\n<p>&nbsp;<\/p>\n","protected":false},"excerpt":{"rendered":"<p>U\u017e druh\u00fd t\u00fdden po sob\u011b se N\u011bmecku neda\u0159\u00ed splnit pl\u00e1n na sn\u00ed\u017een\u00ed spot\u0159eby.\u00a0Zemi se neda\u0159\u00ed&#8230;<\/p>\n","protected":false},"author":2,"featured_media":6627,"comment_status":"closed","ping_status":"closed","sticky":false,"template":"","format":"standard","meta":[],"categories":[7],"tags":[84,1008,2983],"_links":{"self":[{"href":"https:\/\/www.infokuryr.cz\/n\/wp-json\/wp\/v2\/posts\/26609"}],"collection":[{"href":"https:\/\/www.infokuryr.cz\/n\/wp-json\/wp\/v2\/posts"}],"about":[{"href":"https:\/\/www.infokuryr.cz\/n\/wp-json\/wp\/v2\/types\/post"}],"author":[{"embeddable":true,"href":"https:\/\/www.infokuryr.cz\/n\/wp-json\/wp\/v2\/users\/2"}],"replies":[{"embeddable":true,"href":"https:\/\/www.infokuryr.cz\/n\/wp-json\/wp\/v2\/comments?post=26609"}],"version-history":[{"count":0,"href":"https:\/\/www.infokuryr.cz\/n\/wp-json\/wp\/v2\/posts\/26609\/revisions"}],"wp:featuredmedia":[{"embeddable":true,"href":"https:\/\/www.infokuryr.cz\/n\/wp-json\/wp\/v2\/media\/6627"}],"wp:attachment":[{"href":"https:\/\/www.infokuryr.cz\/n\/wp-json\/wp\/v2\/media?parent=26609"}],"wp:term":[{"taxonomy":"category","embeddable":true,"href":"https:\/\/www.infokuryr.cz\/n\/wp-json\/wp\/v2\/categories?post=26609"},{"taxonomy":"post_tag","embeddable":true,"href":"https:\/\/www.infokuryr.cz\/n\/wp-json\/wp\/v2\/tags?post=26609"}],"curies":[{"name":"wp","href":"https:\/\/api.w.org\/{rel}","templated":true}]}}