{"id":2658,"date":"2021-06-20T04:58:19","date_gmt":"2021-06-20T02:58:19","guid":{"rendered":"http:\/\/www.infokuryr.cz\/n\/?p=2658"},"modified":"2021-06-20T04:58:19","modified_gmt":"2021-06-20T02:58:19","slug":"21-cerven-1621-cerny-den-ceske-statnosti","status":"publish","type":"post","link":"https:\/\/www.infokuryr.cz\/n\/2021\/06\/20\/21-cerven-1621-cerny-den-ceske-statnosti\/","title":{"rendered":"21. \u010derven 1621 &#8211; \u010dern\u00fd den \u010desk\u00e9 st\u00e1tnosti"},"content":{"rendered":"<div id=\"fb-root\"><\/div>\n<p><b>V pond\u011bl\u00ed 21. 6. 2021 uplyne \u010dty\u0159i sta let ode dne, kdy byla po zkr\u00e1cen\u00e9m politick\u00e9m procesu, kter\u00fd vedl Karel z Lichten\u0161tejna, vykon\u00e1na na Starom\u011bstsk\u00e9m n\u00e1m\u011bst\u00ed v Praze ve\u0159ejn\u00e1 poprava 27 mu\u017e\u016f, kte\u0159\u00ed se pod\u00edleli na \u010cesk\u00e9m stavovsk\u00e9m povst\u00e1n\u00ed.\u00a0<\/b><\/p>\n<p>Shrom\u00e1\u017ed\u011bn\u00ed, na kter\u00e9m si 21. \u010dervna p\u0159ipomeneme tento v\u00fdznamn\u00fd pam\u011btn\u00ed den i jeho historick\u00e9 d\u016fsledky, za\u010d\u00edn\u00e1 na Starom\u011bstsk\u00e9m n\u00e1m\u011bst\u00ed v 15 hodin. S projevy vystoup\u00ed europoslanec Ivan David, historik a politik Josef Sk\u00e1la, spisovatelka Lenka Proch\u00e1zkov\u00e1, histori\u010dka Marie Neudorflov\u00e1, duchovn\u00ed \u010ceskoslovensk\u00e9 c\u00edrkve husitsk\u00e9 Hana Tonzarov\u00e1 a dal\u0161\u00ed. Zveme ob\u010dany k \u00fa\u010dasti.<\/p>\n<p><img decoding=\"async\" loading=\"lazy\" class=\"alignnone  wp-image-2659\" src=\"http:\/\/www.infokuryr.cz\/n\/wp-content\/uploads\/2021\/06\/Pozvanka-na-poprvu-300x167.jpg\" alt=\"\" width=\"514\" height=\"286\" srcset=\"https:\/\/www.infokuryr.cz\/n\/wp-content\/uploads\/2021\/06\/Pozvanka-na-poprvu-300x167.jpg 300w, https:\/\/www.infokuryr.cz\/n\/wp-content\/uploads\/2021\/06\/Pozvanka-na-poprvu-1024x572.jpg 1024w, https:\/\/www.infokuryr.cz\/n\/wp-content\/uploads\/2021\/06\/Pozvanka-na-poprvu-768x429.jpg 768w, https:\/\/www.infokuryr.cz\/n\/wp-content\/uploads\/2021\/06\/Pozvanka-na-poprvu.jpg 1204w\" sizes=\"(max-width: 514px) 100vw, 514px\" \/><\/p>\n<p>&nbsp;<\/p>\n","protected":false},"excerpt":{"rendered":"<p>V pond\u011bl\u00ed 21. 6. 2021 uplyne \u010dty\u0159i sta let ode dne, kdy byla po zkr\u00e1cen\u00e9m&#8230;<\/p>\n","protected":false},"author":2,"featured_media":2659,"comment_status":"closed","ping_status":"closed","sticky":false,"template":"","format":"standard","meta":[],"categories":[6],"tags":[272],"_links":{"self":[{"href":"https:\/\/www.infokuryr.cz\/n\/wp-json\/wp\/v2\/posts\/2658"}],"collection":[{"href":"https:\/\/www.infokuryr.cz\/n\/wp-json\/wp\/v2\/posts"}],"about":[{"href":"https:\/\/www.infokuryr.cz\/n\/wp-json\/wp\/v2\/types\/post"}],"author":[{"embeddable":true,"href":"https:\/\/www.infokuryr.cz\/n\/wp-json\/wp\/v2\/users\/2"}],"replies":[{"embeddable":true,"href":"https:\/\/www.infokuryr.cz\/n\/wp-json\/wp\/v2\/comments?post=2658"}],"version-history":[{"count":0,"href":"https:\/\/www.infokuryr.cz\/n\/wp-json\/wp\/v2\/posts\/2658\/revisions"}],"wp:featuredmedia":[{"embeddable":true,"href":"https:\/\/www.infokuryr.cz\/n\/wp-json\/wp\/v2\/media\/2659"}],"wp:attachment":[{"href":"https:\/\/www.infokuryr.cz\/n\/wp-json\/wp\/v2\/media?parent=2658"}],"wp:term":[{"taxonomy":"category","embeddable":true,"href":"https:\/\/www.infokuryr.cz\/n\/wp-json\/wp\/v2\/categories?post=2658"},{"taxonomy":"post_tag","embeddable":true,"href":"https:\/\/www.infokuryr.cz\/n\/wp-json\/wp\/v2\/tags?post=2658"}],"curies":[{"name":"wp","href":"https:\/\/api.w.org\/{rel}","templated":true}]}}