{"id":2657,"date":"2021-06-20T04:54:28","date_gmt":"2021-06-20T02:54:28","guid":{"rendered":"http:\/\/www.infokuryr.cz\/n\/?p=2657"},"modified":"2021-06-20T04:54:28","modified_gmt":"2021-06-20T02:54:28","slug":"jsme-cesi-nikdy-se-nevzdame-slysite-nikdy","status":"publish","type":"post","link":"https:\/\/www.infokuryr.cz\/n\/2021\/06\/20\/jsme-cesi-nikdy-se-nevzdame-slysite-nikdy\/","title":{"rendered":"Jsme \u010ce\u0161i! Nikdy se nevzd\u00e1me, sly\u0161\u00edte? Nikdy!"},"content":{"rendered":"<div id=\"fb-root\"><\/div>\n<p>P\u0159ipom\u00edn\u00e1me si pam\u00e1tku \u010desk\u00fdch para\u0161utist\u016f, kte\u0159\u00ed se pod\u00edleli na operaci vedouc\u00ed k atent\u00e1tu na zastupuj\u00edc\u00edho \u0159\u00ed\u0161sk\u00e9ho protektora Reinharda Heydricha a polo\u017eili \u017eivot za svobodu a suverenitu na\u0161\u00ed vlasti. Zabit\u00ed tak vysok\u00e9ho p\u0159edstavitele T\u0159et\u00ed \u0159\u00ed\u0161e nem\u011blo obdobu a velmi napomohlo obnoven\u00ed \u010ceskoslovenska v jeho p\u0159edv\u00e1le\u010dn\u00fdch hranic\u00edch. M\u00e1lo se toti\u017e v\u00ed, \u017ee p\u016fvodn\u011b z\u00e1padn\u00ed spojenci m\u011bli probl\u00e9m s t\u00edm, aby prohl\u00e1sili Mnichovskou dohodu i odstoupen\u00ed na\u0161eho pohrani\u010d\u00ed N\u011bmecku za neplatn\u00e9.<\/p>\n<p>Para\u0161utisty prozradil zr\u00e1dce \u010curda. Byli to tito voj\u00e1ci &#8211; hrdinov\u00e9: Adolf Op\u00e1lka, Jozef Gab\u010d\u00edk, Jan Kubi\u0161, Josef Val\u010d\u00edk, Josef Bubl\u00edk, Jan Hrub\u00fd a Jaroslav \u0160varc. Ti se state\u010dn\u011b v kostele svat\u00fdch Cyrila a Metod\u011bje br\u00e1nili n\u011bkolik hodin a na v\u00fdzvy, aby se vzdali ohromn\u00e9 p\u0159esile N\u011bmc\u016f odpov\u00eddali: \u201eJsme \u010ce\u0161i! Nikdy se nevzd\u00e1me, sly\u0161\u00edte? Nikdy!\u201c Para\u0161utist\u00e9 sv\u016fj slib splnili, t\u0159i padli v boji a zbyl\u00ed \u010dty\u0159i nakonec v bezv\u00fdchodn\u00e9 situaci zvolili smrt.<\/p>\n<p>K\u00e9\u017e by i dnes pro n\u00e1s v\u0161echny platilo: \u201eJsme \u010ce\u0161i! Nikdy se nevzd\u00e1me, sly\u0161\u00edte? Nikdy!\u201c I dnes zde m\u00e1me sv\u00e9 \u010durdy, kte\u0159\u00ed pracuj\u00ed na tom, abychom nebyli svobodn\u00fdm suver\u00e9nn\u00edm n\u00e1rodem a abychom byli znovu Protektor\u00e1tem nyn\u00ed \u010ctvrt\u00e9 \u0159\u00ed\u0161e, kter\u00e1 m\u00e1 sv\u00e9 centrum v Berl\u00edn\u011b a Bruselu. A j\u00e1 potent\u00e1t\u016fm z Bruselu a Berl\u00edna, kte\u0159\u00ed n\u00e1s cht\u011bj\u00ed porobit, vzkazuji a opakuji stejn\u011b jako vlastene\u010dt\u00ed para\u0161utist\u00e9: \u201eJsme \u010ce\u0161i! Nikdy se nevzd\u00e1me, sly\u0161\u00edte? Nikdy!\u201c<\/p>\n<p>Radim Fiala , SPD<\/p>\n<p>&nbsp;<\/p>\n","protected":false},"excerpt":{"rendered":"<p>P\u0159ipom\u00edn\u00e1me si pam\u00e1tku \u010desk\u00fdch para\u0161utist\u016f, kte\u0159\u00ed se pod\u00edleli na operaci vedouc\u00ed k atent\u00e1tu na zastupuj\u00edc\u00edho&#8230;<\/p>\n","protected":false},"author":2,"featured_media":670,"comment_status":"closed","ping_status":"closed","sticky":false,"template":"","format":"standard","meta":[],"categories":[6],"tags":[670,506,77],"_links":{"self":[{"href":"https:\/\/www.infokuryr.cz\/n\/wp-json\/wp\/v2\/posts\/2657"}],"collection":[{"href":"https:\/\/www.infokuryr.cz\/n\/wp-json\/wp\/v2\/posts"}],"about":[{"href":"https:\/\/www.infokuryr.cz\/n\/wp-json\/wp\/v2\/types\/post"}],"author":[{"embeddable":true,"href":"https:\/\/www.infokuryr.cz\/n\/wp-json\/wp\/v2\/users\/2"}],"replies":[{"embeddable":true,"href":"https:\/\/www.infokuryr.cz\/n\/wp-json\/wp\/v2\/comments?post=2657"}],"version-history":[{"count":0,"href":"https:\/\/www.infokuryr.cz\/n\/wp-json\/wp\/v2\/posts\/2657\/revisions"}],"wp:featuredmedia":[{"embeddable":true,"href":"https:\/\/www.infokuryr.cz\/n\/wp-json\/wp\/v2\/media\/670"}],"wp:attachment":[{"href":"https:\/\/www.infokuryr.cz\/n\/wp-json\/wp\/v2\/media?parent=2657"}],"wp:term":[{"taxonomy":"category","embeddable":true,"href":"https:\/\/www.infokuryr.cz\/n\/wp-json\/wp\/v2\/categories?post=2657"},{"taxonomy":"post_tag","embeddable":true,"href":"https:\/\/www.infokuryr.cz\/n\/wp-json\/wp\/v2\/tags?post=2657"}],"curies":[{"name":"wp","href":"https:\/\/api.w.org\/{rel}","templated":true}]}}