{"id":2656,"date":"2021-06-20T04:50:51","date_gmt":"2021-06-20T02:50:51","guid":{"rendered":"http:\/\/www.infokuryr.cz\/n\/?p=2656"},"modified":"2021-06-20T04:50:51","modified_gmt":"2021-06-20T02:50:51","slug":"povazuji-ji-za-tragicky-omyl-evropske-historie-klaus-u-prilezitosti-80-narozenin-promluvil-o-eu","status":"publish","type":"post","link":"https:\/\/www.infokuryr.cz\/n\/2021\/06\/20\/povazuji-ji-za-tragicky-omyl-evropske-historie-klaus-u-prilezitosti-80-narozenin-promluvil-o-eu\/","title":{"rendered":"\u201ePova\u017euji ji za tragick\u00fd omyl evropsk\u00e9 historie.\u201c Klaus u p\u0159\u00edle\u017eitosti 80. narozenin promluvil o EU"},"content":{"rendered":"<div id=\"fb-root\"><\/div>\n<p><strong>V\u00e1clav Klaus v\u010dera oslavil sv\u00e9 80. narozeniny na Pra\u017esk\u00e9m hrad\u011b za p\u0159\u00edtomnosti \u00fa\u0159aduj\u00edc\u00edho prezidenta Milo\u0161e Zemana. P\u0159i t\u00e9to p\u0159\u00edle\u017eitosti poskytl velk\u00fd \u201ebilan\u010dn\u00ed\u201c rozhovor.<\/strong><\/p>\n<p>B\u00fdval\u00fd prezident poskytl rozhovor Pr\u00e1vu, jeho \u010d\u00e1st byla\u00a0zve\u0159ejn\u011bna\u00a0na port\u00e1lu Novinky.cz. Redaktor se V\u00e1clava Klause ptal, zdali by dnes byl pro vystoupen\u00ed zem\u011b z EU i p\u0159esto, \u017ee tehdy uv\u00e1d\u011bl, \u017ee \u010cesko nem\u00e1 alternativu ne\u017e do unie vstoupit.<\/p>\n<p>\u201eTo stra\u0161n\u011b z\u00e1le\u017e\u00ed na \u010dasov\u00e9 dimenzi, kam tu ot\u00e1zku zasad\u00edme. Trv\u00e1m na tom, \u017ee m\u00e9 v\u00fdhrady v\u016f\u010di EU byly stejn\u00e9 v roce 1991, 1994, 1998, stejn\u011b jako v roce 2021. Pova\u017euji ji za tragick\u00fd omyl evropsk\u00e9 historie. Mus\u00edm ale vz\u00edt realitu. Abyste mohl n\u011bco prosadit, mus\u00edte m\u00edt politickou podporu a tehdy nebyla jin\u00e1 cesta. Byli jsme mlad\u00e1, nov\u00e1, postkomunistick\u00e1 zem\u011b a nemohli jsme si vyskakovat,\u201c \u0159ekl v rozhovoru b\u00fdval\u00fd prezident s t\u00edm, \u017ee \u201ejsme cht\u011bli b\u00fdt sou\u010d\u00e1st\u00ed svobodn\u00e9 Evropy a jinak to nebylo mo\u017en\u00e9\u201c.<\/p>\n<p>Podle jeho slov je ale dne\u0161n\u00ed Evropsk\u00e1 unie velmi jin\u00e1 ne\u017e ta, do n\u00ed\u017e \u010cesk\u00e1\u00a0republika\u00a0vstupovala.<\/p>\n<p>\u201eDnes je to ale trochu jin\u00e9. EU ud\u011blala \u0159adu veleto\u010d\u016f, Lisabonskou smlouvou se kvalitativn\u011b zm\u011bnila. Spousta lid\u00ed u n\u00e1s nen\u00ed schopn\u00e1 o EU diskutovat racion\u00e1ln\u011b politologick\u00fdm zp\u016fsobem. Muselo by se st\u00e1t n\u011bco fat\u00e1ln\u011b dramatick\u00e9ho, aby to lidi pochopili,\u201c konstatoval pro Pr\u00e1vo b\u00fdval\u00fd prezident.<\/p>\n<p>Jedn\u00edm z t\u00e9mat, kter\u00e9ho se V\u00e1clav Klaus dotkl, bylo i rozd\u011blen\u00ed \u010ceskoslovenska. Podle jeho slov brzy po revoluci pochopil, \u017ee Slovensko si p\u0159eje j\u00edt vlastn\u00ed cestou a on nedok\u00e1\u017ee udr\u017eet federaci.<\/p>\n<p>\u201eJ\u00e1 byl odchovanec \u017eit\u00ed v \u010ceskoslovensku. Moje man\u017eelka je Slovenka, na Slovensko jsem jezdil v\u00edc ne\u017e kdokoliv jin\u00fd. Deset let jsem hr\u00e1l \u010deskoslovenskou basketbalovou ligu. Znal jsem Slovensko podstatn\u011b v\u00edc ne\u017e pr\u016fm\u011brn\u00fd \u010cech, proti Slovensku jsem nic nem\u011bl,\u201c prohl\u00e1sil a dodal: \u201eDlouho jsem myslel, \u017ee se mi poda\u0159\u00ed Slovensko udr\u017eet. Byl jsem jedin\u00fd politik, kter\u00fd \u0161el kandidovat na Slovensko. (\u2026) Dokonce jsem na Slovensko p\u0159ivedl i ODS. Usiloval jsem o to, abychom spole\u010dn\u00fd st\u00e1t udr\u017eeli, ale pak jsem zjistil, \u017ee to nen\u00ed mo\u017en\u00e9. \u017de Slovensko si p\u0159eje m\u00edt onu pov\u011bstnou hv\u011bzdi\u010dku na vlajce EU. Pochopil jsem, \u017ee nen\u00ed d\u016fvod Slovensku v br\u00e1nit, te\u010dka.\u201c<\/p>\n<p><strong>O V\u00e1clavu Havlovi<\/strong><\/p>\n<p>V rozhovoru publikovan\u00e9m na port\u00e1lu Novinky promluvil tak\u00e9 o b\u00fdval\u00e9m\u00a0prezidentovi\u00a0V\u00e1clavu Havlovi. Ten, podle jeho slov, nem\u011bl r\u00e1d trh, nebo\u0165 trh osoby jako Havel nikdy nedocen\u00ed tak, jak oni sami cen\u00ed sami sebe.<\/p>\n<p>\u201eSv\u011bt jsme oba opravdu vid\u011bli jinak. On necht\u011bl politick\u00e9 strany, myslel, \u017ee nastane idylick\u00e1 ob\u010dansk\u00e1 spole\u010dnost. Nem\u011bl r\u00e1d trh. Intelektu\u00e1lov\u00e9 jeho typu trh nemaj\u00ed r\u00e1di, proto\u017ee je neocen\u00ed. Maj\u00ed pocit, \u017ee jejich hodnota je daleko vy\u0161\u0161\u00ed ne\u017e jejich cena na trhu,\u201c \u0159ekl b\u00fdval\u00fd prezident Klaus o sv\u00e9m p\u0159edch\u016fdci.<\/p>\n<p>Dodal, \u017ee pr\u00fd V\u00e1clav Havel v \u010cesku zanechal \u201esilnou stopu\u201c a jeho n\u00e1sledovn\u00edci v\u00a0zemi\u00a0po\u0159\u00e1d jsou.<\/p>\n<p><a href=\"https:\/\/cz.sputniknews.com\/20210619\/povazuji-ji-za-tragicky-omyl-evropske-historie-klaus-u-prilezitosti-80-narozenin-promluvil-o-eu-14887767.html\">ZDROJ<\/a><\/p>\n<p>&nbsp;<\/p>\n","protected":false},"excerpt":{"rendered":"<p>V\u00e1clav Klaus v\u010dera oslavil sv\u00e9 80. narozeniny na Pra\u017esk\u00e9m hrad\u011b za p\u0159\u00edtomnosti \u00fa\u0159aduj\u00edc\u00edho prezidenta Milo\u0161e&#8230;<\/p>\n","protected":false},"author":2,"featured_media":1468,"comment_status":"closed","ping_status":"closed","sticky":false,"template":"","format":"standard","meta":[],"categories":[6],"tags":[76,41,581,459],"_links":{"self":[{"href":"https:\/\/www.infokuryr.cz\/n\/wp-json\/wp\/v2\/posts\/2656"}],"collection":[{"href":"https:\/\/www.infokuryr.cz\/n\/wp-json\/wp\/v2\/posts"}],"about":[{"href":"https:\/\/www.infokuryr.cz\/n\/wp-json\/wp\/v2\/types\/post"}],"author":[{"embeddable":true,"href":"https:\/\/www.infokuryr.cz\/n\/wp-json\/wp\/v2\/users\/2"}],"replies":[{"embeddable":true,"href":"https:\/\/www.infokuryr.cz\/n\/wp-json\/wp\/v2\/comments?post=2656"}],"version-history":[{"count":0,"href":"https:\/\/www.infokuryr.cz\/n\/wp-json\/wp\/v2\/posts\/2656\/revisions"}],"wp:featuredmedia":[{"embeddable":true,"href":"https:\/\/www.infokuryr.cz\/n\/wp-json\/wp\/v2\/media\/1468"}],"wp:attachment":[{"href":"https:\/\/www.infokuryr.cz\/n\/wp-json\/wp\/v2\/media?parent=2656"}],"wp:term":[{"taxonomy":"category","embeddable":true,"href":"https:\/\/www.infokuryr.cz\/n\/wp-json\/wp\/v2\/categories?post=2656"},{"taxonomy":"post_tag","embeddable":true,"href":"https:\/\/www.infokuryr.cz\/n\/wp-json\/wp\/v2\/tags?post=2656"}],"curies":[{"name":"wp","href":"https:\/\/api.w.org\/{rel}","templated":true}]}}