{"id":26552,"date":"2023-04-20T01:16:17","date_gmt":"2023-04-19T23:16:17","guid":{"rendered":"http:\/\/www.infokuryr.cz\/n\/?p=26552"},"modified":"2023-04-19T18:54:02","modified_gmt":"2023-04-19T16:54:02","slug":"vlada-prchla-z-uradu-vlady-presouvame-se-pred-parlament","status":"publish","type":"post","link":"https:\/\/www.infokuryr.cz\/n\/2023\/04\/20\/vlada-prchla-z-uradu-vlady-presouvame-se-pred-parlament\/","title":{"rendered":"Vl\u00e1da prchla z \u00da\u0159adu vl\u00e1dy, p\u0159esouv\u00e1me se p\u0159ed Parlament"},"content":{"rendered":"<div id=\"fb-root\"><\/div>\n<div class=\"introtext\">\n<p><span style=\"font-size: 18pt;\"><strong>Report\u00e1\u017e &#8222;jedeme d\u00e1l&#8220; vst\u0159\u00edc demisi nejzlo\u010dinn\u011bj\u0161\u00ed vl\u00e1dy v d\u011bjin\u00e1ch \u010cech\u016f!<\/strong><\/span><\/p>\n<\/div>\n<div class=\"fulltext\">\n<p><strong>Jenom bleskov\u00e1 uk\u00e1zka, co se nyn\u00ed autenticky d\u011bje pobl\u00ed\u017e Parlamentu \u010cesk\u00e9 republiky,<\/strong>\u00a0kam p\u0159ich\u00e1z\u00ed dal\u0161\u00ed lid\u00e9 a \u017e\u00e1daj\u00ed demisi vl\u00e1dy. Oteplilo se, tak lid\u00e9 &#8211;\u00a0<strong>sledova\u010di \u010cesk\u00e9 neprolhan\u00e9 televize<\/strong>\u00a0&#8211; Pra\u017ean\u00e9, se p\u0159ich\u00e1z\u00ed pod\u00edvat na dezol\u00e1ty, povale\u010de a \u00fadajn\u00e9 neh\u00e1kes.<\/p>\n<p>\u017de se st\u0159\u00edd\u00e1me na sm\u011bny a ka\u017ed\u00fd d\u0159e (mimo t\u011bch nejstar\u0161\u00edch v d\u016fchodu), aby u\u017eivil zlo\u010dinnou vl\u00e1du a kdy\u017e zbyde, i svoji rodinu?<\/p>\n<p>Nevad\u00ed, stejn\u011b jsme proru\u0161t\u00ed dezol\u00e1ti, placen\u00ed za ruble od Putina,<strong> jak drze ozn\u00e1mil p\u0159edseda vl\u00e1dy Fiala!<\/strong><\/p>\n<p><img decoding=\"async\" loading=\"lazy\" class=\"aligncenter\" src=\"https:\/\/www.skrytapravda.cz\/images\/blogy\/805\/2023\/svoboda\/IMG_0494_48374.webp\" alt=\"IMG 0494 48374\" width=\"751\" height=\"475\" \/><\/p>\n<p><img decoding=\"async\" class=\"aligncenter\" src=\"https:\/\/www.skrytapravda.cz\/images\/blogy\/805\/2023\/svoboda\/001_c5e27.webp\" alt=\"001 c5e27\" \/><\/p>\n<p><img decoding=\"async\" class=\"aligncenter\" src=\"https:\/\/www.skrytapravda.cz\/images\/blogy\/805\/2023\/svoboda\/003_0a74a.webp\" alt=\"003 0a74a\" \/><\/p>\n<p><img decoding=\"async\" class=\"aligncenter\" src=\"https:\/\/www.skrytapravda.cz\/images\/blogy\/805\/2023\/svoboda\/004_b6ce2.webp\" alt=\"004 b6ce2\" \/><\/p>\n<p>A vrac\u00edme se zp\u011bt na Malostransk\u00e9 n\u00e1m\u011bst\u00ed.<\/p>\n<\/div>\n<p><a href=\"https:\/\/www.skrytapravda.cz\/z-domova\/1185-vlada-prchla-z-uradu-vlady-presouvame-se-pred-parlament\">Petr Pokorn\u00fd<\/a><\/p>\n<p>&nbsp;<\/p>\n<p>&nbsp;<\/p>\n<p><img decoding=\"async\" loading=\"lazy\" class=\"wp-image-19187 aligncenter\" src=\"http:\/\/www.infokuryr.cz\/n\/wp-content\/uploads\/2022\/12\/1-PRO-300x36.jpg\" alt=\"\" width=\"1267\" height=\"152\" srcset=\"https:\/\/www.infokuryr.cz\/n\/wp-content\/uploads\/2022\/12\/1-PRO-300x36.jpg 300w, https:\/\/www.infokuryr.cz\/n\/wp-content\/uploads\/2022\/12\/1-PRO.jpg 699w\" sizes=\"(max-width: 1267px) 100vw, 1267px\" \/><\/p>\n<p>&nbsp;<\/p>\n<p>&nbsp;<\/p>\n","protected":false},"excerpt":{"rendered":"<p>Report\u00e1\u017e &#8222;jedeme d\u00e1l&#8220; vst\u0159\u00edc demisi nejzlo\u010dinn\u011bj\u0161\u00ed vl\u00e1dy v d\u011bjin\u00e1ch \u010cech\u016f! Jenom bleskov\u00e1 uk\u00e1zka, co se&#8230;<\/p>\n","protected":false},"author":2,"featured_media":26553,"comment_status":"closed","ping_status":"closed","sticky":false,"template":"","format":"standard","meta":[],"categories":[6],"tags":[1450,29,557,95,99],"_links":{"self":[{"href":"https:\/\/www.infokuryr.cz\/n\/wp-json\/wp\/v2\/posts\/26552"}],"collection":[{"href":"https:\/\/www.infokuryr.cz\/n\/wp-json\/wp\/v2\/posts"}],"about":[{"href":"https:\/\/www.infokuryr.cz\/n\/wp-json\/wp\/v2\/types\/post"}],"author":[{"embeddable":true,"href":"https:\/\/www.infokuryr.cz\/n\/wp-json\/wp\/v2\/users\/2"}],"replies":[{"embeddable":true,"href":"https:\/\/www.infokuryr.cz\/n\/wp-json\/wp\/v2\/comments?post=26552"}],"version-history":[{"count":1,"href":"https:\/\/www.infokuryr.cz\/n\/wp-json\/wp\/v2\/posts\/26552\/revisions"}],"predecessor-version":[{"id":26554,"href":"https:\/\/www.infokuryr.cz\/n\/wp-json\/wp\/v2\/posts\/26552\/revisions\/26554"}],"wp:featuredmedia":[{"embeddable":true,"href":"https:\/\/www.infokuryr.cz\/n\/wp-json\/wp\/v2\/media\/26553"}],"wp:attachment":[{"href":"https:\/\/www.infokuryr.cz\/n\/wp-json\/wp\/v2\/media?parent=26552"}],"wp:term":[{"taxonomy":"category","embeddable":true,"href":"https:\/\/www.infokuryr.cz\/n\/wp-json\/wp\/v2\/categories?post=26552"},{"taxonomy":"post_tag","embeddable":true,"href":"https:\/\/www.infokuryr.cz\/n\/wp-json\/wp\/v2\/tags?post=26552"}],"curies":[{"name":"wp","href":"https:\/\/api.w.org\/{rel}","templated":true}]}}