{"id":26539,"date":"2023-04-20T01:08:16","date_gmt":"2023-04-19T23:08:16","guid":{"rendered":"http:\/\/www.infokuryr.cz\/n\/?p=26539"},"modified":"2023-04-19T15:45:59","modified_gmt":"2023-04-19T13:45:59","slug":"na-mzv-ciny-podporili-macronuv-plan-urovnani-ukrajinske-krize","status":"publish","type":"post","link":"https:\/\/www.infokuryr.cz\/n\/2023\/04\/20\/na-mzv-ciny-podporili-macronuv-plan-urovnani-ukrajinske-krize\/","title":{"rendered":"Na MZV \u010c\u00edny podpo\u0159ili Macron\u016fv pl\u00e1n urovn\u00e1n\u00ed ukrajinsk\u00e9 krize"},"content":{"rendered":"<div id=\"fb-root\"><\/div>\n<p><strong>\u010c\u00edna podporuje evropskou stranu v jej\u00ed snaze napomoci co nejrychlej\u0161\u00edmu obnoven\u00ed jedn\u00e1n\u00ed o Ukrajin\u011b, prohl\u00e1sil na st\u0159ede\u010dn\u00edm br\u00edfinku ofici\u00e1ln\u00ed mluv\u010d\u00ed Ministerstva zahrani\u010d\u00ed \u010c\u00edny Wang Wen-pin.<\/strong><\/p>\n<p>Agentura Bloomberg d\u0159\u00edve s odvol\u00e1n\u00edm na informovan\u00e9 zdroje ozn\u00e1mila, \u017ee francouzsk\u00fd prezident Emmanuel Macron hodl\u00e1 p\u0159edlo\u017eit \u010cLR pl\u00e1n, kter\u00fd m\u016f\u017ee podle jeho n\u00e1zoru napomoci jedn\u00e1n\u00ed mezi Ruskem a Ukrajinou. Podot\u00fdk\u00e1 se, \u017ee Macron na\u0159\u00eddil sv\u00e9mu diplomatick\u00e9mu poradci Emmanuelu Bonneovi, aby pracoval s vedouc\u00edm kancel\u00e1\u0159e komise pro zahrani\u010dn\u00ed v\u011bci \u00daV Komunistick\u00e9 strany \u010c\u00edny Wang I na vytvo\u0159en\u00ed z\u00e1kladu pro jedn\u00e1n\u00ed.<\/p>\n<p>\u201e\u010c\u00edna podporuje evropskou stranu v jej\u00ed snaze vych\u00e1zej\u00edc z vlastn\u00edch fundament\u00e1ln\u00edch a dlouhodob\u00fdch z\u00e1jm\u016f napom\u00e1hat co nejrychlej\u0161\u00edmu obnoven\u00ed jedn\u00e1n\u00ed s ohledem na rozumn\u00e9 obavy v\u0161ech stran, vytv\u00e1\u0159et vyv\u00e1\u017een\u00fd a stabiln\u00ed syst\u00e9m bezpe\u010dnosti v Evrop\u011b,\u201c \u0159ekl Wang Wen-pin, kdy\u017e komentoval tyto zpr\u00e1vy.<\/p>\n<p>Podotkl rovn\u011b\u017e, \u017ee v pr\u016fb\u011bhu sv\u00e9 n\u00e1v\u0161t\u011bvy v \u010c\u00edn\u011b si vym\u011bnil Macron s p\u0159edsedou \u010cLR Si \u0164in-pchingem n\u00e1zory na ukrajinsk\u00fd probl\u00e9m.<\/p>\n<p>Moskva nejednou pouk\u00e1zala na to, \u017ee je p\u0159ipravena na jedn\u00e1n\u00ed, Kyjev v\u0161ak jedn\u00e1n\u00ed zak\u00e1zal na z\u00e1konod\u00e1rn\u00e9 \u00farovni. Volodymyr Zelenskyj na sch\u016fzce G20 \u0159ekl, \u017ee \u201e\u017e\u00e1dn\u00fd Minsk 3 nebude\u201c. Mluv\u010d\u00ed prezidenta RF Dmitrij Peskov na to \u0159ekl, \u017ee tato slova \u201enaprosto potvrzuj\u00ed\u201c neochotu Kyjeva jednat. Z\u00e1pad neust\u00e1le vyz\u00fdv\u00e1 RF k jedn\u00e1n\u00edm, na n\u011b\u017e je Moskva ochotna p\u0159istoupit, p\u0159itom se ale na Z\u00e1pad\u011b ignoruje st\u00e1l\u00e9 odm\u00edtnut\u00ed Kyjeva jednat. St\u00e1l\u00fd z\u00e1stupce RF p\u0159i OSN Vasilij N\u011bbenzja ve sv\u00e9m rozhovoru prohl\u00e1sil, \u017ee Moskva je ochotna projednat n\u00e1vrhy Kyjeva na urovn\u00e1n\u00ed, kter\u00e9 by braly ohled na n\u00e1vrhy rusk\u00e9 strany a na re\u00e1lnou situaci, ukrajinsk\u00fd re\u017eim v\u0161ak o to nem\u00e1 z\u00e1jem.<\/p>\n<p>V Kremlu d\u0159\u00edve prohl\u00e1sili, \u017ee p\u0159edpoklady k p\u0159eveden\u00ed situace na Ukrajin\u011b na m\u00edrov\u00e9 koleje v sou\u010dasn\u00e9 dob\u011b nejsou, naprostou prioritou pro Rusko je dosa\u017een\u00ed c\u00edl\u016f speci\u00e1ln\u00ed operace, v sou\u010dasn\u00e9 dob\u011b je to mo\u017en\u00e9 jen vojenskou cestou. Dodali tam, \u017ee RF vysoce oce\u0148uje \u00fasil\u00ed v\u0161ech zem\u00ed, kter\u00e9 se pokou\u0161\u00ed p\u0159ev\u00e9st urovn\u00e1n\u00ed konfliktu na Ukrajin\u011b na m\u00edrov\u00e9 koleje, to ale zat\u00edm nen\u00ed mo\u017en\u00e9. Jak prohl\u00e1sili v Kremlu, situace na Ukrajin\u011b m\u016f\u017ee p\u0159ej\u00edt na m\u00edrov\u00e9 koleje za podm\u00ednky, \u017ee bude br\u00e1n ohled na faktickou situaci a na nov\u00e9 reality, v\u0161echny po\u017eadavky Moskvy jsou dob\u0159e zn\u00e1my.<\/p>\n<p><img decoding=\"async\" loading=\"lazy\" class=\"alignnone size-full wp-image-1185\" src=\"http:\/\/www.infokuryr.cz\/n\/wp-content\/uploads\/2021\/04\/kuryr-podpis.png\" alt=\"\" width=\"84\" height=\"24\" \/><\/p>\n<p>&nbsp;<\/p>\n<p><img decoding=\"async\" loading=\"lazy\" class=\"wp-image-19187 aligncenter\" src=\"http:\/\/www.infokuryr.cz\/n\/wp-content\/uploads\/2022\/12\/1-PRO-300x36.jpg\" alt=\"\" width=\"1250\" height=\"150\" srcset=\"https:\/\/www.infokuryr.cz\/n\/wp-content\/uploads\/2022\/12\/1-PRO-300x36.jpg 300w, https:\/\/www.infokuryr.cz\/n\/wp-content\/uploads\/2022\/12\/1-PRO.jpg 699w\" sizes=\"(max-width: 1250px) 100vw, 1250px\" \/><\/p>\n<p>&nbsp;<\/p>\n<p>&nbsp;<\/p>\n","protected":false},"excerpt":{"rendered":"<p>\u010c\u00edna podporuje evropskou stranu v jej\u00ed snaze napomoci co nejrychlej\u0161\u00edmu obnoven\u00ed jedn\u00e1n\u00ed o Ukrajin\u011b, prohl\u00e1sil&#8230;<\/p>\n","protected":false},"author":2,"featured_media":5571,"comment_status":"closed","ping_status":"closed","sticky":false,"template":"","format":"standard","meta":[],"categories":[7],"tags":[30,130,565,1505,26],"_links":{"self":[{"href":"https:\/\/www.infokuryr.cz\/n\/wp-json\/wp\/v2\/posts\/26539"}],"collection":[{"href":"https:\/\/www.infokuryr.cz\/n\/wp-json\/wp\/v2\/posts"}],"about":[{"href":"https:\/\/www.infokuryr.cz\/n\/wp-json\/wp\/v2\/types\/post"}],"author":[{"embeddable":true,"href":"https:\/\/www.infokuryr.cz\/n\/wp-json\/wp\/v2\/users\/2"}],"replies":[{"embeddable":true,"href":"https:\/\/www.infokuryr.cz\/n\/wp-json\/wp\/v2\/comments?post=26539"}],"version-history":[{"count":0,"href":"https:\/\/www.infokuryr.cz\/n\/wp-json\/wp\/v2\/posts\/26539\/revisions"}],"wp:featuredmedia":[{"embeddable":true,"href":"https:\/\/www.infokuryr.cz\/n\/wp-json\/wp\/v2\/media\/5571"}],"wp:attachment":[{"href":"https:\/\/www.infokuryr.cz\/n\/wp-json\/wp\/v2\/media?parent=26539"}],"wp:term":[{"taxonomy":"category","embeddable":true,"href":"https:\/\/www.infokuryr.cz\/n\/wp-json\/wp\/v2\/categories?post=26539"},{"taxonomy":"post_tag","embeddable":true,"href":"https:\/\/www.infokuryr.cz\/n\/wp-json\/wp\/v2\/tags?post=26539"}],"curies":[{"name":"wp","href":"https:\/\/api.w.org\/{rel}","templated":true}]}}