{"id":26528,"date":"2023-04-20T01:03:23","date_gmt":"2023-04-19T23:03:23","guid":{"rendered":"http:\/\/www.infokuryr.cz\/n\/?p=26528"},"modified":"2023-04-19T15:24:27","modified_gmt":"2023-04-19T13:24:27","slug":"jindrich-kulhavy-cesi-vladu-nezajimaji","status":"publish","type":"post","link":"https:\/\/www.infokuryr.cz\/n\/2023\/04\/20\/jindrich-kulhavy-cesi-vladu-nezajimaji\/","title":{"rendered":"Jind\u0159ich Kulhav\u00fd: \u010ce\u0161i vl\u00e1du nezaj\u00edmaj\u00ed?"},"content":{"rendered":"<div id=\"fb-root\"><\/div>\n<p><span class=\"anotation\">P\u0159\u00edpad ukrajinsk\u00e9 kontaminovan\u00e9 p\u0161enice logicky rozh\u00fdb\u00e1v\u00e1 \u010deskou spole\u010dnost. Tentokr\u00e1t se oz\u00fdvaj\u00ed i jinak s\u00a0vl\u00e1dou kolaboruj\u00edc\u00ed m\u00e9dia. Mo\u017en\u00e1 redaktor\u016fm doch\u00e1z\u00ed, \u017ee i oni a p\u0159\u00edslu\u0161n\u00edci jejich rodin jsou z\u00e1visl\u00ed na tom, co se u n\u00e1s prod\u00e1v\u00e1 v\u00a0obchodech a je \u010cech\u016fm ur\u010deno ke konzumaci. P\u0159itom nejde jen o z\u00e1vadn\u00e9 obilniny, ale problematick\u00e9 m\u016f\u017ee b\u00fdt i maso a dost mo\u017en\u00e1 zelenina poch\u00e1zej\u00edc\u00ed z\u00a0ukrajinsk\u00fdch chov\u016f a v\u00fdkrmen.<\/span><\/p>\n<div id=\"pagetext\">\n<p>\u00a0\u00a0Jestli\u017ee na\u0161i region\u00e1ln\u00ed soused\u00e9 ukrajinskou komoditu v\u00a0podob\u011b p\u0161enice odm\u00edtnuli, na\u0161e vl\u00e1da \u00fasty ministra Metnara m\u00edn\u00ed v\u00a0dovozu kontaminovan\u00e9 p\u0161enice pokra\u010dovat. \u017dlutomodr\u00e9 uva\u017eov\u00e1n\u00ed P\u011btikoalice tak vystoupalo na dal\u0161\u00ed level, tentokr\u00e1te u\u017e je jasn\u00e9, \u017ee ji zdrav\u00ed a \u017eivot ob\u010dan\u016f \u010cesk\u00e9 republiky v\u016fbec nezaj\u00edm\u00e1. Ukazuje se to u\u017e p\u0159i ml\u010den\u00ed kolem bruselsk\u00e9ho schvalov\u00e1n\u00ed mo\u017enosti vrhnout na potravinov\u00fd trh hmyz v\u00a0r\u016fzn\u00fdch \u00faprav\u00e1ch. Nyn\u00ed je tu tedy obil\u00ed v\u00a0podstat\u011b vhodn\u00e9 jen k\u00a0p\u00e1len\u00ed v\u00a0kotl\u00edch. K\u00a0n\u00e1m v\u0161ak na rozd\u00edl od Polska, Ma\u010farska a Slovenska bude dov\u00e1\u017eeno za \u00fa\u010delem zpracov\u00e1n\u00ed v\u00a0potravin\u00e1\u0159sk\u00e9m pr\u016fmyslu. Tak\u017ee by se vz\u00e1p\u011bt\u00ed objevilo v\u00a0mouce \u010di pe\u010divu a dal\u0161\u00edch potravin\u00e1ch, k\u00a0nim\u017e p\u0161enici pot\u0159ebujete. Ani ke krmen\u00ed hospod\u00e1\u0159sk\u00fdch zv\u00ed\u0159at v\u0161ak tento produkt z\u00a0ukrajinsk\u00fdch pol\u00ed nen\u00ed vhodn\u00fd, proto\u017ee n\u00e1sledn\u011b by do\u0161lo k\u00a0znehodnocen\u00ed masn\u00fdch v\u00fdrobk\u016f. Z\u00a0\u010deho\u017e z\u00e1rove\u0148 vypl\u00fdv\u00e1, \u017ee dov\u00e1\u017eet maso z\u00a0Ukrajiny je stejn\u011b nebezpe\u010dn\u00e9, jako u samotn\u00e9 p\u0161enice.<\/p>\n<p>Bruselu je \u00fapln\u011b jedno, co do n\u00e1s na\u0161e vl\u00e1da pust\u00ed. Naopak, bude r\u00e1d, kdy\u017e v\u00a0r\u00e1mci EU n\u011bkdo toto nyn\u00ed u\u017e odpadn\u00ed obil\u00ed odebere, z\u00e1rove\u0148 lze t\u011b\u017eko o\u010dek\u00e1vat, \u017ee by to bylo N\u011bmecko, Francie \u010di dal\u0161\u00ed ,,vysp\u011bl\u00e9\u201c eurounijn\u00ed st\u00e1ty. Fiala tak z\u00a0n\u00e1s op\u011bt ud\u011blal spodinu EU, kterou krmit lze \u010d\u00edmkoliv. U\u017e nesta\u010d\u00ed, \u017ee z\u00a0na\u0161ich pen\u011bz a poskytnut\u00fdch \u00fav\u011br\u016f dotujeme Zelensk\u00e9ho a ute\u010dence p\u0159ed rukov\u00e1n\u00edm na vojnu a dal\u0161\u00ed vychytral\u00e9 Ukrajince, ani\u017e bychom se byli schopni postarat o vlastn\u00ed seniory, samo\u017eivitelky a soci\u00e1ln\u011b slab\u00e9 spoluob\u010dany, nyn\u00ed m\u00e1 b\u00fdt cel\u00fd n\u00e1rod vystaven riziku otravy. Bohu\u017eel, to si v\u0161ichni ti vyv\u011b\u0161ovatel\u00e9 \u017elutomodr\u00fdch vlajek neuv\u011bdomuj\u00ed, ideologie jim je bli\u017e\u0161\u00ed ne\u017e vlastn\u00ed zdrav\u00ed.<\/p>\n<p>Je ot\u00e1zkou, \u010deho v\u0161eho je P\u011btikoalice schopn\u00e1. Asi jsme sv\u011bdky postupn\u00e9 likvidace na\u0161\u00ed kr\u00e1sn\u00e9 zem\u011b. Zadlu\u017eov\u00e1n\u00ed je astronomick\u00e9, \u00facta k\u00a0vlastn\u00edm ob\u010dan\u016fm nulov\u00e1, sebev\u011bdom\u00ed vl\u00e1dy neot\u0159esiteln\u00e9 a zahrani\u010dn\u00ed respekt k\u00a0n\u00e1m je nulov\u00fd. Dopracovali jsme se k\u00a0tomu, \u017ee za p\u00e1r let nebudeme na \u00farovni N\u011bmecka, ale sp\u00ed\u0161e se pot\u00e1p\u00edme k\u00a0\u00farovni Afriky. Ukrajina n\u00e1s d\u00edky Fialovi t\u00e1hne ke dnu. Tupci stoj\u00edc\u00ed kolem Novotn\u00e9ho v\u00a0ned\u011bli u Muzea nejsou schopni pochopit v\u016fbec nic. Jejich kr\u00e1tkozrakost vych\u00e1zej\u00edc\u00ed z\u00a0nen\u00e1visti v\u016f\u010di Rusku a \u010c\u00edn\u011b podporovan\u00e9 m\u00e9dii a liber\u00e1ly. \u017dijeme v\u00a0blb\u00e9 dob\u011b.<\/p>\n<p><a href=\"https:\/\/www.inadhled.live\/uvaha-dne\/cesi-vladu-nezajimaji-\/\">Jind\u0159ich Kulhav\u00fd<\/a><\/p>\n<p><img decoding=\"async\" loading=\"lazy\" class=\"alignnone size-medium wp-image-22653\" src=\"http:\/\/www.infokuryr.cz\/n\/wp-content\/uploads\/2023\/02\/jindra-kulhavy-221x300.jpg\" alt=\"\" width=\"221\" height=\"300\" srcset=\"https:\/\/www.infokuryr.cz\/n\/wp-content\/uploads\/2023\/02\/jindra-kulhavy-221x300.jpg 221w, https:\/\/www.infokuryr.cz\/n\/wp-content\/uploads\/2023\/02\/jindra-kulhavy.jpg 311w\" sizes=\"(max-width: 221px) 100vw, 221px\" \/><\/p>\n<p>_____________________<\/p>\n<\/div>\n<p>&nbsp;<\/p>\n<p>&nbsp;<\/p>\n<p><img decoding=\"async\" loading=\"lazy\" class=\"wp-image-19187 aligncenter\" src=\"http:\/\/www.infokuryr.cz\/n\/wp-content\/uploads\/2022\/12\/1-PRO-300x36.jpg\" alt=\"\" width=\"1250\" height=\"150\" srcset=\"https:\/\/www.infokuryr.cz\/n\/wp-content\/uploads\/2022\/12\/1-PRO-300x36.jpg 300w, https:\/\/www.infokuryr.cz\/n\/wp-content\/uploads\/2022\/12\/1-PRO.jpg 699w\" sizes=\"(max-width: 1250px) 100vw, 1250px\" \/><\/p>\n<p>&nbsp;<\/p>\n<p>&nbsp;<\/p>\n","protected":false},"excerpt":{"rendered":"<p>P\u0159\u00edpad ukrajinsk\u00e9 kontaminovan\u00e9 p\u0161enice logicky rozh\u00fdb\u00e1v\u00e1 \u010deskou spole\u010dnost. Tentokr\u00e1t se oz\u00fdvaj\u00ed i jinak s\u00a0vl\u00e1dou kolaboruj\u00edc\u00ed&#8230;<\/p>\n","protected":false},"author":2,"featured_media":14256,"comment_status":"closed","ping_status":"closed","sticky":false,"template":"","format":"standard","meta":[],"categories":[6],"tags":[670,158,3167,2006,99],"_links":{"self":[{"href":"https:\/\/www.infokuryr.cz\/n\/wp-json\/wp\/v2\/posts\/26528"}],"collection":[{"href":"https:\/\/www.infokuryr.cz\/n\/wp-json\/wp\/v2\/posts"}],"about":[{"href":"https:\/\/www.infokuryr.cz\/n\/wp-json\/wp\/v2\/types\/post"}],"author":[{"embeddable":true,"href":"https:\/\/www.infokuryr.cz\/n\/wp-json\/wp\/v2\/users\/2"}],"replies":[{"embeddable":true,"href":"https:\/\/www.infokuryr.cz\/n\/wp-json\/wp\/v2\/comments?post=26528"}],"version-history":[{"count":0,"href":"https:\/\/www.infokuryr.cz\/n\/wp-json\/wp\/v2\/posts\/26528\/revisions"}],"wp:featuredmedia":[{"embeddable":true,"href":"https:\/\/www.infokuryr.cz\/n\/wp-json\/wp\/v2\/media\/14256"}],"wp:attachment":[{"href":"https:\/\/www.infokuryr.cz\/n\/wp-json\/wp\/v2\/media?parent=26528"}],"wp:term":[{"taxonomy":"category","embeddable":true,"href":"https:\/\/www.infokuryr.cz\/n\/wp-json\/wp\/v2\/categories?post=26528"},{"taxonomy":"post_tag","embeddable":true,"href":"https:\/\/www.infokuryr.cz\/n\/wp-json\/wp\/v2\/tags?post=26528"}],"curies":[{"name":"wp","href":"https:\/\/api.w.org\/{rel}","templated":true}]}}