{"id":26527,"date":"2023-04-20T01:02:43","date_gmt":"2023-04-19T23:02:43","guid":{"rendered":"http:\/\/www.infokuryr.cz\/n\/?p=26527"},"modified":"2023-04-19T15:16:32","modified_gmt":"2023-04-19T13:16:32","slug":"americka-media-spojene-staty-se-snazi-izolovat-cinu","status":"publish","type":"post","link":"https:\/\/www.infokuryr.cz\/n\/2023\/04\/20\/americka-media-spojene-staty-se-snazi-izolovat-cinu\/","title":{"rendered":"Americk\u00e1 m\u00e9dia: Spojen\u00e9 st\u00e1ty se sna\u017e\u00ed izolovat \u010c\u00ednu"},"content":{"rendered":"<div id=\"fb-root\"><\/div>\n<p data-spm-anchor-id=\"C01140752918.PaZNIkA0prFD.0.i2\">17. dubna zve\u0159ejnil list New York Times \u010dl\u00e1nek s n\u00e1zvem \u201eSpojen\u00e9 st\u00e1ty se sna\u017e\u00ed izolovat \u010c\u00ednu, zat\u00edmco n\u011bmeck\u00e9 spole\u010dnosti se p\u0159ibli\u017euj\u00ed \u010c\u00edn\u011b\u201c. \u010cl\u00e1nek uv\u00e1d\u00ed, \u017ee stejn\u011b jako Spojen\u00e9 st\u00e1ty se sna\u017e\u00ed p\u0159eru\u0161it ekonomick\u00e9 vazby s \u010c\u00ednou, dva mocn\u00e9 \u201emotory\u201c n\u011bmeck\u00e9 ekonomiky \u2013 Volkswagen Group a chemick\u00e1 spole\u010dnost BASF, roz\u0161i\u0159uj\u00ed sv\u00e9 rozs\u00e1hl\u00e9 investice v \u010c\u00edn\u011b.<\/p>\n<p>\u010cl\u00e1nek poukazuje na to, \u017ee Volkswagen Group, kter\u00e1 m\u00e1 v\u00edce ne\u017e \u010dty\u0159icet tov\u00e1ren v \u010c\u00edn\u011b, ozn\u00e1mila nov\u00fd pl\u00e1n poskytovat modely na m\u00edru po\u017eadavk\u016fm \u010d\u00ednsk\u00fdch z\u00e1kazn\u00edk\u016f a z\u00e1rove\u0148 investovat miliardy americk\u00fdch dolar\u016f ve spolupr\u00e1ci s m\u00edstn\u00edmi podniky a v\u00fdrobn\u00edmi z\u00e1kladnami. Spole\u010dnost BASF, kter\u00e1 m\u00e1 t\u0159icet v\u00fdrobn\u00edch z\u00e1vod\u016f v \u010c\u00edn\u011b, sou\u010dasn\u011b investuje deset miliard eur do pl\u00e1nov\u00e1n\u00ed vybudov\u00e1n\u00ed nov\u00e9 chemick\u00e9 v\u00fdrobn\u00ed z\u00e1kladny v \u010c\u00edn\u011b.<\/p>\n<p data-spm-anchor-id=\"C01140752918.PaZNIkA0prFD.0.i1\">\u010cl\u00e1nek uv\u00e1d\u00ed, \u017ee mnoho v\u00fdznamn\u00fdch n\u011bmeck\u00fdch podnikatel\u016f si uv\u011bdomuje, \u017ee takov\u00e9 investice v \u010c\u00edn\u011b jsou v rozporu s americkou ekonomickou izolac\u00ed \u010c\u00edny, ale v\u011b\u0159\u00ed, \u017ee investice a spolupr\u00e1ce v \u010c\u00edn\u011b jsou kl\u00ed\u010dov\u00e9 pro rozvoj jejich spole\u010dnost\u00ed v Evrop\u011b.<\/p>\n<p data-spm-anchor-id=\"C01140752918.PaZNIkA0prFD.0.i1\"><img decoding=\"async\" loading=\"lazy\" class=\"alignnone size-full wp-image-1185\" src=\"http:\/\/www.infokuryr.cz\/n\/wp-content\/uploads\/2021\/04\/kuryr-podpis.png\" alt=\"\" width=\"84\" height=\"24\" \/><\/p>\n<p data-spm-anchor-id=\"C01140752918.PaZNIkA0prFD.0.i1\">\n<p data-spm-anchor-id=\"C01140752918.PaZNIkA0prFD.0.i1\"><img decoding=\"async\" loading=\"lazy\" class=\"wp-image-19187 aligncenter\" src=\"http:\/\/www.infokuryr.cz\/n\/wp-content\/uploads\/2022\/12\/1-PRO-300x36.jpg\" alt=\"\" width=\"1267\" height=\"152\" srcset=\"https:\/\/www.infokuryr.cz\/n\/wp-content\/uploads\/2022\/12\/1-PRO-300x36.jpg 300w, https:\/\/www.infokuryr.cz\/n\/wp-content\/uploads\/2022\/12\/1-PRO.jpg 699w\" sizes=\"(max-width: 1267px) 100vw, 1267px\" \/><\/p>\n<p data-spm-anchor-id=\"C01140752918.PaZNIkA0prFD.0.i1\">\n<p data-spm-anchor-id=\"C01140752918.PaZNIkA0prFD.0.i1\">\n","protected":false},"excerpt":{"rendered":"<p>17. dubna zve\u0159ejnil list New York Times \u010dl\u00e1nek s n\u00e1zvem \u201eSpojen\u00e9 st\u00e1ty se sna\u017e\u00ed izolovat&#8230;<\/p>\n","protected":false},"author":2,"featured_media":1274,"comment_status":"closed","ping_status":"closed","sticky":false,"template":"","format":"standard","meta":[],"categories":[7],"tags":[30,1685,158,37],"_links":{"self":[{"href":"https:\/\/www.infokuryr.cz\/n\/wp-json\/wp\/v2\/posts\/26527"}],"collection":[{"href":"https:\/\/www.infokuryr.cz\/n\/wp-json\/wp\/v2\/posts"}],"about":[{"href":"https:\/\/www.infokuryr.cz\/n\/wp-json\/wp\/v2\/types\/post"}],"author":[{"embeddable":true,"href":"https:\/\/www.infokuryr.cz\/n\/wp-json\/wp\/v2\/users\/2"}],"replies":[{"embeddable":true,"href":"https:\/\/www.infokuryr.cz\/n\/wp-json\/wp\/v2\/comments?post=26527"}],"version-history":[{"count":0,"href":"https:\/\/www.infokuryr.cz\/n\/wp-json\/wp\/v2\/posts\/26527\/revisions"}],"wp:featuredmedia":[{"embeddable":true,"href":"https:\/\/www.infokuryr.cz\/n\/wp-json\/wp\/v2\/media\/1274"}],"wp:attachment":[{"href":"https:\/\/www.infokuryr.cz\/n\/wp-json\/wp\/v2\/media?parent=26527"}],"wp:term":[{"taxonomy":"category","embeddable":true,"href":"https:\/\/www.infokuryr.cz\/n\/wp-json\/wp\/v2\/categories?post=26527"},{"taxonomy":"post_tag","embeddable":true,"href":"https:\/\/www.infokuryr.cz\/n\/wp-json\/wp\/v2\/tags?post=26527"}],"curies":[{"name":"wp","href":"https:\/\/api.w.org\/{rel}","templated":true}]}}