{"id":26525,"date":"2023-04-20T01:01:01","date_gmt":"2023-04-19T23:01:01","guid":{"rendered":"http:\/\/www.infokuryr.cz\/n\/?p=26525"},"modified":"2023-04-20T04:46:00","modified_gmt":"2023-04-20T02:46:00","slug":"intel-odklada-tovarnu-na-vyrobu-cipu-v-nemecku-v-hodnote-17-miliard-eur-a-pozaduje-vice-penez-z-berlina-protoze-naklady-na-energii-stoupaji","status":"publish","type":"post","link":"https:\/\/www.infokuryr.cz\/n\/2023\/04\/20\/intel-odklada-tovarnu-na-vyrobu-cipu-v-nemecku-v-hodnote-17-miliard-eur-a-pozaduje-vice-penez-z-berlina-protoze-naklady-na-energii-stoupaji\/","title":{"rendered":"Intel odkl\u00e1d\u00e1 tov\u00e1rnu na v\u00fdrobu \u010dip\u016f v N\u011bmecku v hodnot\u011b 17 miliard eur a po\u017eaduje v\u00edce pen\u011bz z Berl\u00edna, proto\u017ee n\u00e1klady na energii stoupaj\u00ed"},"content":{"rendered":"<div id=\"fb-root\"><\/div>\n<p><span style=\"font-size: 18pt;\"><strong>N\u011bmeck\u00e1 vl\u00e1da a americk\u00fd v\u00fdrobce \u010dip\u016f Intel cht\u011bj\u00ed partnerstv\u00ed za vlastn\u00edch podm\u00ednek<\/strong><\/span><\/p>\n<p>Americk\u00fd gigant Intel na v\u00fdrobu \u010dip\u016f odlo\u017eil svou ob\u0159\u00ed investici pobl\u00ed\u017e Magdeburgu s t\u00edm, \u017ee pokud N\u011bmecko neposkytne v\u011bt\u0161\u00ed podporu, p\u0159ehodnot\u00ed sv\u00e9 pl\u00e1ny.\u00a0Berl\u00edn chce za podporu projektu zaplatit, ale na opl\u00e1tku o\u010dek\u00e1v\u00e1\u00a0<a class=\"ek-link\" href=\"https:\/\/makronom.mandiner.hu\/cikk\/20230417_intel_nemet_beruhazas_chipgyartas_meghiusul_makronom\">je\u0161t\u011b v\u011bt\u0161\u00ed<\/a>\u00a0investice.<\/p>\n<p>Intel ji\u017e d\u0159\u00edve pl\u00e1noval investovat 17 miliard eur do vybudov\u00e1n\u00ed nejv\u011bt\u0161\u00ed tov\u00e1rny na v\u00fdrobu \u010dip\u016f v EU pobl\u00ed\u017e Magdeburgu.\u00a0Loni na ja\u0159e novinku osobn\u011b ozn\u00e1mil n\u011bmeck\u00fd kancl\u00e9\u0159 Olaf Scholz a dodal, \u017ee investice bude miln\u00edkem v obnov\u011b oslaben\u00fdch dodavatelsk\u00fdch \u0159et\u011bzc\u016f a stane se ba\u0161tou evropsk\u00e9 v\u00fdroby \u010dip\u016f.\u00a0P\u0159edsedkyn\u011b Evropsk\u00e9 komise Ursula von der Leyenov\u00e1 u\u017e kancl\u00e9\u0159ku sm\u011ble zv\u00fd\u0161ila a prohl\u00e1sila, \u017ee investice Intelu pomohou EU do roku 2030 tvo\u0159it 20 procent celosv\u011btov\u00e9 v\u00fdroby polovodi\u010d\u016f.<\/p>\n<h2 class=\"wp-block-heading\">Prozat\u00edm na led\u011b<\/h2>\n<p>Stavba m\u011bla za\u010d\u00edt letos na ja\u0159e a limitem bylo nebe: P\u016fvodn\u00ed my\u0161lenkou bylo spustit \u0161est tov\u00e1ren po cel\u00e9 Evrop\u011b v celkov\u00e9 hodnot\u011b 80 miliard eur.\u00a0Pak se cel\u00fd projekt zastavil.\u00a0Intel m\u011bl rozpo\u010det na prvn\u00ed investici ve v\u00fd\u0161i 17 miliard EUR a N\u011bmecko by do toho vlo\u017eilo tak\u00e9 6,8 miliardy EUR, ale kdy\u017e byla dohoda dohodnuta, nemluvilo se o p\u0159\u00ed\u0161ern\u00fdch cen\u00e1ch energi\u00ed, inflaci a vlekl\u00e9 v\u00e1lce na\u00a0<a class=\"ek-link\" href=\"https:\/\/rmx.news\/czech-republic\/the-germans-are-one-of-the-main-reasons-behind-the-eus-energy-crisis-says-czech-mep\/\">Ukrajin\u011b<\/a>\u00a0. .<\/p>\n<p>Tyto negativn\u00ed faktory jsou v\u0161ak tak siln\u00e9, \u017ee Intel po\u010d\u00edt\u00e1 s t\u00edm, \u017ee n\u00e1klady na spu\u0161t\u011bn\u00ed by jen za prvn\u00ed polovinu roku vzrostly o p\u0159ibli\u017en\u011b 3 miliardy eur.\u00a0Firma proto v prosinci lo\u0148sk\u00e9ho roku ozn\u00e1mila, \u017ee investice do\u010dasn\u011b odlo\u017e\u00ed, ale bude nad\u00e1le sledovat v\u00fdvoj na evropsk\u00e9m trhu a ekonomice.<\/p>\n<p>Ve skute\u010dnosti se stalo to, \u017ee Intel na p\u0159\u00edkladu Bidenova protekcionistick\u00e9ho z\u00e1kona, kter\u00fd dotuje v\u00fdrobu a pr\u016fmysl v USA ve v\u00fd\u0161i stovek miliard, nen\u00e1padn\u011b nazna\u010dil N\u011bmecku, \u017ee kdyby byl Berl\u00edn stejn\u011b \u0161t\u011bdr\u00fd k pen\u011bz\u016fm jako USA, mohl by b\u00fdt ochotn\u00fd rychleji a konstruktivn\u011bji p\u0159em\u00fd\u0161let o evropsk\u00e9m trhu.<\/p>\n<p>Zoufal\u00e1 situace vedla Berl\u00edn k tomu, aby n\u011bkolik m\u011bs\u00edc\u016f uva\u017eoval o sv\u00fdch vlastn\u00edch rozpo\u010dtov\u00fdch z\u00e1sad\u00e1ch, kter\u00e9 ji\u017e byly zpochybn\u011bny gigantick\u00fdmi\u00a0<a class=\"ek-link\" href=\"https:\/\/rmx.news\/article\/germany-could-go-from-an-industrial-country-to-an-industrial-museum-due-to-worsening-energy-crisis\/\">p\u016fj\u010dkami,<\/a>\u00a0kter\u00e9 si vzal na p\u0159ekon\u00e1n\u00ed bou\u0159e energetick\u00e9 krize.\u00a0Intel se nakonec unavilo \u010dek\u00e1n\u00edm a v \u00fanoru se znovu obr\u00e1til na tv\u016frce politik, tentokr\u00e1t s konkr\u00e9tn\u00ed my\u0161lenkou: do o\u010dek\u00e1van\u00e9 dotace zapo\u010d\u00edtal p\u0159edpokl\u00e1danou po\u010d\u00e1te\u010dn\u00ed ztr\u00e1tu ve v\u00fd\u0161i 3,2 miliardy eur, a proto o\u010dek\u00e1val celkov\u00fd p\u0159\u00edsp\u011bvek N\u011bmecka ve v\u00fd\u0161i 10 miliard eur.<\/p>\n<p>Berl\u00edn diplomaticky ml\u010d\u00ed, ale z\u00e1kulisn\u00ed jedn\u00e1n\u00ed za\u010dala \u0159e\u0161it to, co kabinety ministra hospod\u00e1\u0159stv\u00ed jemn\u011b nazvaly \u201emezera v rozpo\u010dtu projektu\u201c.\u00a0Podle zpr\u00e1v n\u011bmeck\u00e1 vl\u00e1da poskytne po\u017eadovan\u00fdch 10 miliard eur.\u00a0Pro ve\u0159ejn\u00e9 financov\u00e1n\u00ed t\u00e9to velikosti je nutn\u00fd souhlas Bruselu, ale ten bude ud\u011blen okam\u017eit\u011b, proto\u017ee jsou v s\u00e1zce evropsk\u00e9 z\u00e1jmy mimo N\u011bmecko.\u00a0Bude v\u0161ak ud\u011blena pouze za podm\u00ednky, \u017ee Intel tak\u00e9 v\u00edce investuje a nav\u00fd\u0161\u00ed sv\u016fj pl\u00e1novan\u00fd rozpo\u010det.<\/p>\n<p>Jin\u00fdmi slovy, dohoda bude o tom, \u017ee se ob\u011b strany setkaj\u00ed na p\u016fli cesty.<\/p>\n<p><img decoding=\"async\" loading=\"lazy\" class=\"alignnone size-full wp-image-1185\" src=\"http:\/\/www.infokuryr.cz\/n\/wp-content\/uploads\/2021\/04\/kuryr-podpis.png\" alt=\"\" width=\"84\" height=\"24\" \/><\/p>\n<p>&nbsp;<\/p>\n<p><img decoding=\"async\" loading=\"lazy\" class=\"wp-image-19187 aligncenter\" src=\"http:\/\/www.infokuryr.cz\/n\/wp-content\/uploads\/2022\/12\/1-PRO-300x36.jpg\" alt=\"\" width=\"1325\" height=\"159\" srcset=\"https:\/\/www.infokuryr.cz\/n\/wp-content\/uploads\/2022\/12\/1-PRO-300x36.jpg 300w, https:\/\/www.infokuryr.cz\/n\/wp-content\/uploads\/2022\/12\/1-PRO.jpg 699w\" sizes=\"(max-width: 1325px) 100vw, 1325px\" \/><\/p>\n<p>&nbsp;<\/p>\n<p>&nbsp;<\/p>\n","protected":false},"excerpt":{"rendered":"<p>N\u011bmeck\u00e1 vl\u00e1da a americk\u00fd v\u00fdrobce \u010dip\u016f Intel cht\u011bj\u00ed partnerstv\u00ed za vlastn\u00edch podm\u00ednek Americk\u00fd gigant Intel&#8230;<\/p>\n","protected":false},"author":2,"featured_media":26564,"comment_status":"closed","ping_status":"closed","sticky":false,"template":"","format":"standard","meta":[],"categories":[7],"tags":[341,4796,84,37,1867],"_links":{"self":[{"href":"https:\/\/www.infokuryr.cz\/n\/wp-json\/wp\/v2\/posts\/26525"}],"collection":[{"href":"https:\/\/www.infokuryr.cz\/n\/wp-json\/wp\/v2\/posts"}],"about":[{"href":"https:\/\/www.infokuryr.cz\/n\/wp-json\/wp\/v2\/types\/post"}],"author":[{"embeddable":true,"href":"https:\/\/www.infokuryr.cz\/n\/wp-json\/wp\/v2\/users\/2"}],"replies":[{"embeddable":true,"href":"https:\/\/www.infokuryr.cz\/n\/wp-json\/wp\/v2\/comments?post=26525"}],"version-history":[{"count":0,"href":"https:\/\/www.infokuryr.cz\/n\/wp-json\/wp\/v2\/posts\/26525\/revisions"}],"wp:featuredmedia":[{"embeddable":true,"href":"https:\/\/www.infokuryr.cz\/n\/wp-json\/wp\/v2\/media\/26564"}],"wp:attachment":[{"href":"https:\/\/www.infokuryr.cz\/n\/wp-json\/wp\/v2\/media?parent=26525"}],"wp:term":[{"taxonomy":"category","embeddable":true,"href":"https:\/\/www.infokuryr.cz\/n\/wp-json\/wp\/v2\/categories?post=26525"},{"taxonomy":"post_tag","embeddable":true,"href":"https:\/\/www.infokuryr.cz\/n\/wp-json\/wp\/v2\/tags?post=26525"}],"curies":[{"name":"wp","href":"https:\/\/api.w.org\/{rel}","templated":true}]}}