{"id":26524,"date":"2023-04-20T00:59:34","date_gmt":"2023-04-19T22:59:34","guid":{"rendered":"http:\/\/www.infokuryr.cz\/n\/?p=26524"},"modified":"2023-04-19T15:05:56","modified_gmt":"2023-04-19T13:05:56","slug":"eu-od-dohody-o-obili-k-protestum-o-obili","status":"publish","type":"post","link":"https:\/\/www.infokuryr.cz\/n\/2023\/04\/20\/eu-od-dohody-o-obili-k-protestum-o-obili\/","title":{"rendered":"EU: Od dohody o obil\u00ed k protest\u016fm o obil\u00ed"},"content":{"rendered":"<div id=\"fb-root\"><\/div>\n<h3><span style=\"font-size: 18pt;\">EU je pobou\u0159ena v\u00fdchodoevropsk\u00fdmi rozhodnut\u00edmi o ukrajinsk\u00e9m obil\u00ed<\/span><\/h3>\n<p><span>Protesty v\u00fdchodoevropsk\u00fdch farm\u00e1\u0159\u016f proti dovozu obil\u00ed z Ukrajiny a nedostate\u010dn\u00e1 reakce Evropsk\u00e9 komise p\u0159im\u011bly \u0159adu zem\u00ed k zaveden\u00ed jednostrann\u00fdch omezen\u00ed dovozu ukrajinsk\u00fdch zem\u011bd\u011blsk\u00fdch produkt\u016f.\u00a0U\u017e je za to kritizovala Evropsk\u00e1 komise, ale po\u010det zem\u00ed, kter\u00e9 takto rozhoduj\u00ed, m\u016f\u017ee jen nar\u016fstat.\u00a0TASS informuje o tom, jak obt\u00ed\u017en\u00e1 situace ve v\u00fdchodn\u00ed Evrop\u011b vznikla a jak se pokou\u0161ej\u00ed ji \u0159e\u0161it.<\/span><\/p>\n<h4><span style=\"font-size: 18pt;\">Jednostrann\u00e1 omezen\u00ed<\/span><\/h4>\n<p><span>Situace s ukrajinsk\u00fdm obil\u00edm se stala pro v\u00fdchodoevropsk\u00e9 zem\u011b jedn\u00edm z nejv\u011bt\u0161\u00edch probl\u00e9m\u016f.\u00a0Zaplaven\u00ed trh\u016f v \u0159ad\u011b zem\u00ed m\u00e1 pro m\u00edstn\u00ed farm\u00e1\u0159e ni\u010div\u00e9 d\u016fsledky.\u00a0Kv\u016fli nep\u0159\u00edjemnostem, kter\u00e9 to zp\u016fsobilo, byly Polsko a Ma\u010farsko nuceny zak\u00e1zat dod\u00e1vky zem\u011bd\u011blsk\u00fdch produkt\u016f z Ukrajiny do \u010dervna 2023.\u00a0Zem\u011b tato opat\u0159en\u00ed od\u016fvodnily t\u00edm, \u017ee Evropsk\u00e1 komise nereagovala na jej\u00ed v\u00fdzvy k evropsk\u00e9 pomoci pro ma\u010farsk\u00e9 a polsk\u00e9 zem\u011bd\u011blce, kte\u0159\u00ed utrp\u011bli zna\u010dn\u00e9 ztr\u00e1ty.<\/span><\/p>\n<p><span>S podobn\u00fdm rozhodnut\u00edm n\u00e1sledovalo i Slovensko.\u00a0Podobn\u00e1 opat\u0159en\u00ed zva\u017euje i Bulharsko.<\/span><\/p>\n<p><span>Evropsk\u00e1 komise ozna\u010dila jednostrann\u00e9 z\u00e1kazy dod\u00e1vek produkt\u016f z Ukrajiny za nep\u0159ijateln\u00e9.<\/span><\/p>\n<p><span>&#8222;V t\u00e9to souvislosti si mysl\u00edme, \u017ee je d\u016fle\u017eit\u00e9 m\u00edt na pam\u011bti, \u017ee obchodn\u00ed politika EU spad\u00e1 do v\u00fdlu\u010dn\u00e9 pravomoci cel\u00e9 Unie, tak\u017ee jak\u00e1koli jednostrann\u00e1 akce je nep\u0159ijateln\u00e1,&#8220; zd\u016fraznila Komise.<\/span><\/p>\n<h4><span style=\"font-size: 18pt;\">Evropou se \u0161\u00ed\u0159\u00ed protesty proti obil\u00ed<\/span><\/h4>\n<p><span>Kr\u00e1tce p\u0159ed zaveden\u00edm restrikc\u00ed t\u011bmito zem\u011bmi vypukly ve v\u00fdchodn\u00ed Evrop\u011b protesty proti dod\u00e1vk\u00e1m ukrajinsk\u00e9ho obil\u00ed ur\u010den\u00e9ho k tranzitu do t\u0159et\u00edch zem\u00ed, proto\u017ee jeho \u010d\u00e1st z\u016fst\u00e1v\u00e1 na \u00fazem\u00ed v\u00fdchodoevropsk\u00fdch zem\u00ed a konkuruje m\u00edstn\u00edmu obil\u00ed.<\/span><\/p>\n<p><span>Podle \u00fadaj\u016f, kter\u00e9 Evropsk\u00e9 rad\u011b p\u0159edlo\u017eily Polsko, Bulharsko, \u010cesk\u00e1 republika, Ma\u010farsko, Rumunsko a Slovensko, se dovoz p\u0161enice z Ukrajiny od roku 2021 zv\u00fd\u0161il stokr\u00e1t nebo dokonce tis\u00edckr\u00e1t.<\/span><\/p>\n<p><span>Od ledna do listopadu lo\u0148sk\u00e9ho roku nav\u00edc vzrostl dovoz kuku\u0159ice z Ukrajiny do sousedn\u00edch evropsk\u00fdch zem\u00ed z n\u011bkolika tis\u00edc na n\u011bkolik milion\u016f tun.\u00a0Zat\u00edmco dovoz do Polska v listopadu 2021 \u010dinil 6000 tun, ve stejn\u00e9m obdob\u00ed v roce 2022 \u010dinil 1,6 milionu tun.\u00a0Dovoz do Ma\u010farska \u010dinil v roce 2022 v\u00edce ne\u017e 900 000 tun oproti 5 000 tun\u00e1m v roce 2021, do Bulharska to bylo 16 700 tun oproti 361 000 tun\u00e1m v p\u0159edchoz\u00edm roce.\u00a0Slovensko loni p\u0159ijalo 250 000 tun, zat\u00edmco v roce 2021 to bylo t\u00e9m\u011b\u0159 nula.\u00a0Rumunsko v roce 2022 obdr\u017eelo 1,02 milionu tun, ale dokument neobsahuje \u00fadaje za rok 2021.<\/span><\/p>\n<p><span>Krom\u011b toho se prudce zv\u00fd\u0161il dovoz dal\u0161\u00edch zem\u011bd\u011blsk\u00fdch produkt\u016f z Ukrajiny, v\u010detn\u011b cukru, dr\u016fbe\u017e\u00edho masa, mouky, n\u011bkter\u00fdch ml\u00e9\u010dn\u00fdch v\u00fdrobk\u016f, slune\u010dnicov\u00fdch semen nebo \u0159epky.<\/span><\/p>\n<p><span>Ji\u017e m\u011bs\u00edce prob\u00edhaj\u00ed ve v\u00fdchodn\u00ed Evrop\u011b masov\u00e9 protesty proti prudk\u00e9mu n\u00e1r\u016fstu dovozu.\u00a0Pol\u0161t\u00ed zem\u011bd\u011blci zvl\u00e1\u0161t\u011b aktivn\u011b vyjad\u0159ovali sv\u016fj negativn\u00ed postoj k t\u00e9to situaci.\u00a0V r\u00e1mci demonstrac\u00ed zablokovali silnice u hrani\u010dn\u00edch p\u0159echod\u016f Dorohusk a Grebenne a nepustili kamiony ze sousedn\u00ed zem\u011b.\u00a0U\u017e v \u00fanoru Agropolska o t\u011bchto akc\u00edch, kter\u00e9 organizovalo Sdru\u017een\u00ed \u201eZrazen\u00e1 vesnice\u201c, psala.\u00a0Jejich p\u0159edstavitel\u00e9 dali jasn\u011b najevo, \u017ee jejich protest byl apolitick\u00fd: po\u017eadovali pouze zas\u00edl\u00e1n\u00ed obil\u00ed z Polska do jin\u00fdch zem\u00ed \u2013 africk\u00fdch a bl\u00edzkov\u00fdchodn\u00edch zem\u00ed.<\/span><\/p>\n<p><span>Nyn\u00ed prob\u00edhaj\u00ed protesty i v dal\u0161\u00edch zem\u00edch regionu.\u00a07. dubna uspo\u0159\u00e1dali rumun\u0161t\u00ed farm\u00e1\u0159i podobn\u00e9 akce v Bukure\u0161ti a dal\u0161\u00edch m\u011bstech a na hrani\u010dn\u00edch p\u0159echodech.\u00a0Po\u017eadovali, aby je vl\u00e1da chr\u00e1nila p\u0159ed dovozem levn\u00e9ho obil\u00ed z Ukrajiny, kter\u00e9 se podle m\u00edstn\u00edch m\u00e9di\u00ed \u010dasto prod\u00e1v\u00e1 o 70 procent pod rumunsk\u00fdmi cenami.<\/span><\/p>\n<p><span>\u201eM\u00e1me r\u016fzn\u00e9 v\u00fdrobn\u00ed n\u00e1klady.\u00a0Dodr\u017eujeme sledovatelnost produkt\u016f a chemick\u00e9 normy, abychom spot\u0159ebitel\u016fm mohli nab\u00edzet \u010dist\u00e9 produkty.\u00a0To neplat\u00ed pro obil\u00ed dov\u00e1\u017een\u00e9 ze zem\u00ed mimo EU.\u00a0Je geneticky modifikovan\u00fd a vyjmut\u00fd z fytosanit\u00e1rn\u00edch kontrol a cel,\u201c protestoval demonstrant na kontroln\u00edm stanovi\u0161ti v Nadlaku v z\u00e1padorumunsk\u00e9m kraji Arad.<\/span><\/p>\n<p><span>Ve stejn\u00fd den za\u010dali bulhar\u0161t\u00ed farm\u00e1\u0159i blokovat kontroln\u00ed stanovi\u0161t\u011b na hranici s Rumunskem.\u00a0V d\u016fsledku protest\u016f se na severu zem\u011b vytvo\u0159ily z\u00e1cpy se stovkami kamion\u016f.\u00a0Demonstranti po\u017eadovali zm\u011bnu pravidel pro dovoz zbo\u017e\u00ed z Ukrajiny a nez\u00e1vislou kontrolu, proto\u017ee bulharsk\u00e9 v\u00fdrobky ji\u017e nejsou konkurenceschopn\u00e9 kv\u016fli n\u00edzk\u00fdm cen\u00e1m ukrajinsk\u00fdch v\u00fdrobk\u016f.<\/span><\/p>\n<h4><span style=\"font-size: 18pt;\">Pro\u010d probl\u00e9my vznikly<\/span><\/h4>\n<p><span>Pot\u00e9, co Rusko zah\u00e1jilo vojenskou operaci, \u010delil Kyjev omezen\u00edm v\u00fdvozu obil\u00ed p\u0159es \u010dernomo\u0159sk\u00e9 p\u0159\u00edstavy, co\u017e p\u0159im\u011blo Ukrajinu k hled\u00e1n\u00ed alternativn\u00edch cest p\u0159epravy p\u0159es zem\u011b EU.<\/span><\/p>\n<p><span>\u010cernomo\u0159sk\u00e1 iniciativa (Dohoda o obilnin\u00e1ch) byla podeps\u00e1na v Istanbulu 22. \u010dervence 2022, aby se p\u0159ede\u0161lo riziku celosv\u011btov\u00e9 potravinov\u00e9 krize.\u00a0Velk\u00e1 \u010d\u00e1st dod\u00e1vek by m\u011bla sm\u011b\u0159ovat do rozvojov\u00fdch zem\u00ed, ale ve skute\u010dnosti velk\u00e1 \u010d\u00e1st obil\u00ed z Ukrajiny m\u00ed\u0159\u00ed do EU a ne do nejchud\u0161\u00edch zem\u00ed.<\/span><\/p>\n<p><span>Podle OSN vyvezlo k za\u010d\u00e1tku b\u0159ezna 2023 asi 780 lod\u00ed z ukrajinsk\u00fdch p\u0159\u00edstav\u016f kolem 23 milion\u016f tun obil\u00ed.\u00a0Asi 52,6 procenta z toho p\u0159ipadlo do Evropy a St\u0159edn\u00ed Asie, 24,8 procenta do Asie a Tichomo\u0159\u00ed, 14,3 procenta do St\u0159edn\u00edho v\u00fdchodu a Severn\u00ed Ameriky a pouze 2,6 procenta do subsaharsk\u00e9 Afriky.<\/span><\/p>\n<p><span>Ru\u0161t\u00ed p\u0159edstavitel\u00e9 opakovan\u011b upozor\u0148uj\u00ed, \u017ee druh\u00e1 \u010d\u00e1st dohody o obil\u00ed \u2013 memorandum o podpo\u0159e rusk\u00fdch zem\u011bd\u011blsk\u00fdch produkt\u016f a hnojiv na sv\u011btov\u00fdch trz\u00edch \u2013 kter\u00e1 se zab\u00fdv\u00e1 exportem z Ruska, nebude realizov\u00e1na.\u00a0V tomto memorandu podepsan\u00e9m mezi Ruskem a OSN se Moskva zav\u00e1zala pokra\u010dovat v dod\u00e1vk\u00e1ch zem\u011bd\u011blsk\u00fdch produkt\u016f a organizace se zav\u00e1zala pracovat na zru\u0161en\u00ed omezen\u00ed t\u011bchto dod\u00e1vek.<\/span><\/p>\n<p><span>Prezident Vladimir Putin na konci z\u00e1\u0159\u00ed ozna\u010dil situaci za \u201enaprost\u00fd podvod\u201c.\u00a0Pouk\u00e1zal na to, \u017ee z v\u00edce ne\u017e 200 lod\u00ed p\u0159epravuj\u00edc\u00edch obil\u00ed byly pouze \u010dty\u0159i nasazeny v r\u00e1mci programu pomoci OSN.<\/span><\/p>\n<p><span>Ukrajinsk\u00e9 obil\u00ed bylo aktivn\u011b dod\u00e1v\u00e1no do EU je\u0161t\u011b p\u0159ed uzav\u0159en\u00edm dohody o obilnin\u00e1ch.\u00a0EU a Ukrajina podepsaly v roce 2016 komplexn\u00ed a prohloubenou dohodu o voln\u00e9m obchodu, kter\u00e1 pozastavila cla a dan\u011b na mnoho ukrajinsk\u00fdch zem\u011bd\u011blsk\u00fdch produkt\u016f.\u00a0V\u00fdvoz z Ukrajiny do EU v kv\u011btnu lo\u0148sk\u00e9ho roku usnadnily takzvan\u00e9 Solidarity Lines &#8211; pozemn\u00ed trasy, kter\u00e9 p\u0159epravuj\u00ed obil\u00ed z Ukrajiny do EU a palivo a vojenskou techniku \u200b\u200bzp\u011bt.\u00a0Pr\u00e1v\u011b tato opat\u0159en\u00ed vedla k v\u00fdrazn\u00e9mu n\u00e1r\u016fstu dovozu potravin do Evropy.<\/span><\/p>\n<p><span>\u201eZna\u010dn\u00fd dovoz produkt\u016f z jednoho zdroje b\u011bhem n\u00e1rodn\u00edch sklizn\u00ed zp\u016fsobil naru\u0161en\u00ed trhu ve v\u0161ech posti\u017een\u00fdch \u010dlensk\u00fdch st\u00e1tech.\u00a0\u010c\u00e1st dovezen\u00e9ho obil\u00ed jde na dom\u00e1c\u00ed zpracov\u00e1n\u00ed krmiva, co\u017e m\u00e1 za n\u00e1sledek ni\u017e\u0161\u00ed popt\u00e1vku po dom\u00e1c\u00edm obil\u00ed,\u201c st\u00e1lo v prohl\u00e1\u0161en\u00ed Evropsk\u00e9 rad\u011b, kter\u00e9 obsahovalo informace z posti\u017een\u00fdch v\u00fdchodoevropsk\u00fdch zem\u00ed zasa\u017een\u00fdch zv\u00fd\u0161en\u00fdm dovozem.<\/span><\/p>\n<h4><span style=\"font-size: 18pt;\">Co vl\u00e1dy d\u011blaj\u00ed<\/span><\/h4>\n<p><span>Vl\u00e1dy t\u011bchto zem\u00ed se sna\u017e\u00ed p\u0159ijmout r\u016fzn\u00e1 opat\u0159en\u00ed k uklidn\u011bn\u00ed situace.\u00a0Polsko, Bulharsko, \u010cesk\u00e1 republika, Ma\u010farsko, Rumunsko a Slovensko podle dokumentu Evropsk\u00e9 rady navrhly \u0159adu opat\u0159en\u00ed ke zlep\u0161en\u00ed situace, v\u010detn\u011b kompenzac\u00ed pro zem\u011bd\u011blce, uzav\u0159en\u00ed linek solidarity, z\u0159\u00edzen\u00ed skladovac\u00edch za\u0159\u00edzen\u00ed pro p\u0159ebyte\u010dn\u00e9 zem\u011bd\u011blsk\u00e9 zbo\u017e\u00ed a nov\u00e9 dopravn\u00ed koridory v\u010detn\u011b \u017eeleznice.<\/span><\/p>\n<p><span>Polsk\u00e9 ministerstvo zem\u011bd\u011blstv\u00ed ji\u017e po\u017e\u00e1dalo vl\u00e1du o finan\u010dn\u00ed podporu posti\u017een\u00fdm zem\u011bd\u011blc\u016fm, zem\u011bd\u011blci v\u0161ak toto opat\u0159en\u00ed pova\u017euj\u00ed za nedostate\u010dn\u00e9 a po\u017eaduj\u00ed syst\u00e9mov\u00e9 \u0159e\u0161en\u00ed.<\/span><\/p>\n<p><span>Polsk\u00fd premi\u00e9r Mateusz Morawiecki koncem b\u0159ezna ozn\u00e1mil sv\u016fj z\u00e1m\u011br prodat nahromad\u011bn\u00e9 ukrajinsk\u00e9 obil\u00ed \u201ev severn\u00ed Africe, na Bl\u00edzk\u00e9m v\u00fdchod\u011b, kam vlastn\u011b pat\u0159\u00ed\u201c a nechat unijn\u00ed komisi omezit dod\u00e1vky.<\/span><\/p>\n<p><span>Polsk\u00fd gener\u00e1ln\u00ed prokur\u00e1tor a ministr spravedlnosti Zbigniew Ziobro na konci b\u0159ezna vyzval polskou vl\u00e1du, aby v EU zah\u00e1jila procedury ke znovuzaveden\u00ed cel na ukrajinsk\u00e9 dod\u00e1vky obil\u00ed.<\/span><\/p>\n<p><span>Poslanci polsk\u00fdch opozi\u010dn\u00edch stran z\u00e1rove\u0148 vyzvali k z\u00e1kazu dovozu ukrajinsk\u00e9ho obil\u00ed a dal\u0161\u00edch zem\u011bd\u011blsk\u00fdch produkt\u016f do zem\u011b.\u00a0Tento n\u00e1vrh p\u0159edlo\u017eil zejm\u00e9na Krzysztof Bosak, poslanec Konfedera\u010dn\u00ed strany.\u00a0\u201eZtr\u00e1ty pro ekonomiku jdou do miliard.\u00a0Je to opravdu velk\u00fd ekonomick\u00fd skand\u00e1l,\u201c \u0159ekl.<\/span><\/p>\n<p><span>Vzhledem k sou\u010dasn\u00e9 situaci se Ma\u010farsko rozhodlo zp\u0159\u00edsnit kontroly tranzitn\u00edch z\u00e1silek obil\u00ed z Ukrajiny p\u0159es sv\u00e9 \u00fazem\u00ed.\u00a0Jak vysv\u011btlil ministr zem\u011bd\u011blstv\u00ed Istvan Nagy, je t\u0159eba zajistit, aby se obil\u00ed skute\u010dn\u011b dostalo do c\u00edlov\u00fdch zem\u00ed a nez\u016fstalo na st\u0159edoevropsk\u00fdch trz\u00edch.\u00a0Navrhl tak\u00e9, aby EU obnovila cla a omezen\u00ed objemu na ukrajinsk\u00e9 obil\u00ed.<\/span><\/p>\n<h4><span style=\"font-size: 18pt;\">EU slibuje pomoc<\/span><\/h4>\n<p><span>Komisa\u0159 EU pro zem\u011bd\u011blstv\u00ed Janusz Wojciechowski na konci b\u0159ezna ozn\u00e1mil, \u017ee Evropsk\u00e1 komise hodl\u00e1 poskytnout pomoc zem\u011bd\u011blc\u016fm z Rumunska, Bulharska a Polska.\u00a0Celkov\u00fd bal\u00edk \u010din\u00ed p\u0159ibli\u017en\u011b 56 milion\u016f eur: 29,5 milion\u016f eur je vy\u010dlen\u011bno pro Polsko, p\u0159es 16 milion\u016f eur pro Bulharsko a p\u0159es 10 milion\u016f eur pro Rumunsko.<\/span><\/p>\n<p><span>Ma\u010farsko a Slovensko neobdr\u017eely \u017e\u00e1dnou podporu, proto\u017ee jejich spole\u010dn\u00fd dovoz a dom\u00e1c\u00ed produkce nep\u0159es\u00e1hly p\u011btilet\u00fd pr\u016fm\u011br.<\/span><\/p>\n<p><span>Evropsk\u00e1 komise nehodl\u00e1 znovu zav\u00e1d\u011bt obchodn\u00ed cla v\u016f\u010di Ukrajin\u011b.\u00a0Evropsk\u00e1 komise v \u00fanoru navrhla prodlou\u017een\u00ed tohoto opat\u0159en\u00ed do \u010dervna p\u0159\u00ed\u0161t\u00edho roku.\u00a0Komise to od\u016fvod\u0148uje p\u0159\u00e1n\u00edm zm\u00edrnit obt\u00ed\u017enou situaci, v n\u00ed\u017e se ukrajin\u0161t\u00ed v\u00fdrobci a v\u00fdvozci v d\u016fsledku konfliktu nach\u00e1zej\u00ed.<\/span><\/p>\n<h4><span style=\"font-size: 18pt;\">Co bylo doposud provedeno?<\/span><\/h4>\n<p><span>Ukrajinsk\u00fd ministr zem\u011bd\u011blstv\u00ed Nikolaj Solskij \u0159ekl 7. dubna po sch\u016fzce se sv\u00fdm polsk\u00fdm prot\u011bj\u0161kem Robertem Telusem, \u017ee Ukrajina nebude vyv\u00e1\u017eet obil\u00ed do Polska a\u017e do nov\u00e9 obchodn\u00ed sez\u00f3ny, kter\u00e1 za\u010d\u00edn\u00e1 1. \u010dervence.\u00a0Jak up\u0159esnil Telus, jde o to, aby se neomezoval tranzit ukrajinsk\u00e9ho obil\u00ed p\u0159es Polsko do t\u0159et\u00edch zem\u00ed.\u00a0Minist\u0159i se dohodli na zp\u0159\u00edsn\u011bn\u00ed kontrol, aby se zabr\u00e1nilo ukl\u00e1d\u00e1n\u00ed obil\u00ed na polsk\u00e9m \u00fazem\u00ed.<\/span><\/p>\n<p><span>Kr\u00e1tce p\u0159edt\u00edm Mateusz Morawiecki uvedl, \u017ee v\u011bt\u0161ina obil\u00ed p\u0159epravovan\u00e9ho z Ukrajiny do Polska byla v tranzitu.\u00a0Tvrdil tak\u00e9, \u017ee z\u00e1silky klesly p\u011btkr\u00e1t a\u017e \u0161estkr\u00e1t.\u00a0Premi\u00e9r vysv\u011btlil, \u017ee sklady v Polsku byly vypr\u00e1zdn\u011bn\u00e9 a \u017ee je tam m\u00edsto pro polsk\u00e9 obil\u00ed.<\/span><\/p>\n<p><span>Pol\u0161t\u00ed farm\u00e1\u0159i p\u0159itom tvrdili, \u017ee se nic neud\u011blalo.\u00a0\u201eMysleli jsme si, \u017ee n\u00e1s ministr bude br\u00e1t v\u00e1\u017en\u011b, ale opak byl pravdou.\u00a0Hrani\u010dn\u00ed p\u0159echod [obil\u00ed] pokra\u010duje.\u00a0Dokonce se to zrychlilo,\u201c \u0159ekl Marcin Sobczuk, \u0161\u00e9f Svazu farm\u00e1\u0159\u016f Zamo\u015b\u0107, v rozhovoru pro polsk\u00fd zpravodajsk\u00fd web Interia.\u00a0Pouk\u00e1zal na to, \u017ee v\u011bt\u0161ina zbo\u017e\u00ed proch\u00e1z\u00ed nekontrolovan\u011b, \u201ev lep\u0161\u00edm p\u0159\u00edpad\u011b se kontroluje jen ka\u017ed\u00fd druh\u00fd vag\u00f3n\u201c.<\/span><\/p>\n<p><img decoding=\"async\" loading=\"lazy\" class=\"alignnone size-full wp-image-1185\" src=\"http:\/\/www.infokuryr.cz\/n\/wp-content\/uploads\/2021\/04\/kuryr-podpis.png\" alt=\"\" width=\"84\" height=\"24\" \/><\/p>\n<p>&nbsp;<\/p>\n<p>&nbsp;<\/p>\n<p><img decoding=\"async\" loading=\"lazy\" class=\"wp-image-19187 aligncenter\" src=\"http:\/\/www.infokuryr.cz\/n\/wp-content\/uploads\/2022\/12\/1-PRO-300x36.jpg\" alt=\"\" width=\"1250\" height=\"150\" srcset=\"https:\/\/www.infokuryr.cz\/n\/wp-content\/uploads\/2022\/12\/1-PRO-300x36.jpg 300w, https:\/\/www.infokuryr.cz\/n\/wp-content\/uploads\/2022\/12\/1-PRO.jpg 699w\" sizes=\"(max-width: 1250px) 100vw, 1250px\" \/><\/p>\n<p>&nbsp;<\/p>\n<p>&nbsp;<\/p>\n","protected":false},"excerpt":{"rendered":"<p>EU je pobou\u0159ena v\u00fdchodoevropsk\u00fdmi rozhodnut\u00edmi o ukrajinsk\u00e9m obil\u00ed Protesty v\u00fdchodoevropsk\u00fdch farm\u00e1\u0159\u016f proti dovozu obil\u00ed z&#8230;<\/p>\n","protected":false},"author":2,"featured_media":13593,"comment_status":"closed","ping_status":"closed","sticky":false,"template":"","format":"standard","meta":[],"categories":[6],"tags":[41,283,2023,815,26],"_links":{"self":[{"href":"https:\/\/www.infokuryr.cz\/n\/wp-json\/wp\/v2\/posts\/26524"}],"collection":[{"href":"https:\/\/www.infokuryr.cz\/n\/wp-json\/wp\/v2\/posts"}],"about":[{"href":"https:\/\/www.infokuryr.cz\/n\/wp-json\/wp\/v2\/types\/post"}],"author":[{"embeddable":true,"href":"https:\/\/www.infokuryr.cz\/n\/wp-json\/wp\/v2\/users\/2"}],"replies":[{"embeddable":true,"href":"https:\/\/www.infokuryr.cz\/n\/wp-json\/wp\/v2\/comments?post=26524"}],"version-history":[{"count":0,"href":"https:\/\/www.infokuryr.cz\/n\/wp-json\/wp\/v2\/posts\/26524\/revisions"}],"wp:featuredmedia":[{"embeddable":true,"href":"https:\/\/www.infokuryr.cz\/n\/wp-json\/wp\/v2\/media\/13593"}],"wp:attachment":[{"href":"https:\/\/www.infokuryr.cz\/n\/wp-json\/wp\/v2\/media?parent=26524"}],"wp:term":[{"taxonomy":"category","embeddable":true,"href":"https:\/\/www.infokuryr.cz\/n\/wp-json\/wp\/v2\/categories?post=26524"},{"taxonomy":"post_tag","embeddable":true,"href":"https:\/\/www.infokuryr.cz\/n\/wp-json\/wp\/v2\/tags?post=26524"}],"curies":[{"name":"wp","href":"https:\/\/api.w.org\/{rel}","templated":true}]}}