{"id":26520,"date":"2023-04-19T12:05:09","date_gmt":"2023-04-19T10:05:09","guid":{"rendered":"http:\/\/www.infokuryr.cz\/n\/?p=26520"},"modified":"2023-04-19T12:05:09","modified_gmt":"2023-04-19T10:05:09","slug":"americky-konzervativec-usa-trestaji-madarsko-za-to-ze-odmitlo-eskalovat-konfrontaci-s-ruskem","status":"publish","type":"post","link":"https:\/\/www.infokuryr.cz\/n\/2023\/04\/19\/americky-konzervativec-usa-trestaji-madarsko-za-to-ze-odmitlo-eskalovat-konfrontaci-s-ruskem\/","title":{"rendered":"Americk\u00fd konzervativec: USA trestaj\u00ed Ma\u010farsko za to, \u017ee odm\u00edtlo eskalovat konfrontaci s Ruskem"},"content":{"rendered":"<div id=\"fb-root\"><\/div>\n<p><strong>Navzdory form\u00e1ln\u00edm spojeneck\u00fdm vztah\u016fm Spojen\u00e9 st\u00e1ty zvy\u0161uj\u00ed ekonomick\u00fd a politick\u00fd tlak na ma\u010farskou vl\u00e1du.\u00a0D\u016fvodem je touha Budape\u0161ti prosazovat vlastn\u00ed nez\u00e1vislou politiku a vyhnout se prohlubov\u00e1n\u00ed konfliktu s Moskvou a jej\u00edmi partnery, p\u00ed\u0161e sloupka\u0159 pro The American Conservative Sohrab Ahmari.<\/strong><\/p>\n<p>Minul\u00fd t\u00fdden USA uvalily sankce na Mezin\u00e1rodn\u00ed investi\u010dn\u00ed banku (IIB) se s\u00eddlem v Budape\u0161ti, jej\u00edm\u017e \u010dlenem je Rusko.\u00a0Poprv\u00e9 od za\u010d\u00e1tku speci\u00e1ln\u00ed operace na Ukrajin\u011b Washington za\u00fato\u010dil na organizaci s\u00eddl\u00edc\u00ed na \u00fazem\u00ed sv\u00e9ho evropsk\u00e9ho spojence v NATO, a potvrdil tak \u00fapadek americko-ma\u010farsk\u00fdch vztah\u016f, p\u00ed\u0161e sloupka\u0159 The American Conservative Sohrab Ahmari.<\/p>\n<p>Odstran\u011bn\u00ed IIB \u2013 a pl\u00e1ny na \u0161ir\u0161\u00ed sankce v\u016f\u010di okruhu ma\u010farsk\u00e9ho prezidenta Viktora Orb\u00e1na \u2013 jsou p\u0159ipom\u00ednkou obrovsk\u00e9 finan\u010dn\u00ed s\u00edly, kterou maj\u00ed Spojen\u00e9 st\u00e1ty k dispozici, \u0159ekl.\u00a0St\u00e1le \u010dast\u011bji tento vliv vyu\u017e\u00edvaj\u00ed k potrest\u00e1n\u00ed sebemen\u0161\u00edho vybo\u010den\u00ed z cesty ideologick\u00e9ho konfliktu s \u201enov\u00fdm v\u00fdchodn\u00edm blokem\u201c \u2013 vznikaj\u00edc\u00ed konstelac\u00ed mocnost\u00ed od \u010c\u00edny po Ji\u017en\u00ed Afriku, Braz\u00edlii a Rusko, kter\u00e9 odm\u00edtaj\u00ed americkou unipol\u00e1rn\u00ed hegemonii.<\/p>\n<p>Soud\u011b podle rychl\u00e9ho v\u00fdb\u011bru finan\u010dn\u00edch prost\u0159edk\u016f z IIB Budape\u0161\u0165 v\u011bd\u011bla, \u017ee organizace upadne do sankce. Ma\u010farsk\u00e9 ministerstvo hospod\u00e1\u0159sk\u00e9ho rozvoje poznamenalo, \u017ee banka ji\u017e nem\u00e1 pro zemi, kter\u00e1 je nyn\u00ed hluboce integrov\u00e1na do evropsk\u00e9ho trhu, velk\u00fd v\u00fdznam, zd\u016fraz\u0148uje Ahmari.<\/p>\n<p>Mnohem znepokojiv\u011bj\u0161\u00ed jsou podle n\u011bj pl\u00e1ny USA uvalit sankce na \u0159adu prominentn\u00edch osobnost\u00ed spojen\u00fdch s Orb\u00e1nem a vl\u00e1dn\u00ed stranou Fidesz.\u00a0N\u00e1vrh z\u00e1kona se p\u0159ipravuje od lo\u0148sk\u00e9ho roku a o\u010dek\u00e1v\u00e1 se, \u017ee p\u0159\u00ed\u0161t\u00ed m\u011bs\u00edc bude p\u0159edlo\u017een k hlasov\u00e1n\u00ed v Kongresu, kde pravd\u011bpodobn\u011b z\u00edsk\u00e1 \u0161irokou podporu.<\/p>\n<p>St\u00e1le nen\u00ed p\u0159esn\u011b jasn\u00e9, za jak\u00e9 proh\u0159e\u0161ky cht\u011bj\u00ed ameri\u010dt\u00ed z\u00e1konod\u00e1rci Ma\u010farsko potrestat.\u00a0S nejv\u011bt\u0161\u00ed pravd\u011bpodobnost\u00ed budou odkazovat na korupci, \u201epr\u00e1vn\u00ed st\u00e1t\u201c a pr\u00e1va LGBT.\u00a0A\u010dkoli ka\u017ed\u00fd v\u00ed, \u017ee skute\u010dn\u00fdm d\u016fvodem je neochota Budape\u0161ti \u201e\u00a0<em>ud\u011blat cokoliv pro protirusk\u00e9 rozho\u0159\u010den\u00ed<\/em>\u00a0\u201c, v\u011b\u0159\u00ed autor \u010dl\u00e1nku.<\/p>\n<p>Obvin\u011bn\u00ed Ma\u010farska lze podle publicisty klidn\u011b vzn\u00e9st i proti jin\u00fdm zem\u00edm.\u00a0Nap\u0159\u00edklad, pokud n\u011bkde existuj\u00ed politicky nezaujat\u00e9 soudy, pak toto m\u00edsto je\u0161t\u011b nebylo nalezeno.\u00a0Podle Transparency International je nav\u00edc vn\u00edm\u00e1n\u00ed zkorumpovan\u00fdch vl\u00e1dn\u00edch \u00fa\u0159edn\u00edk\u016f mnohem vy\u0161\u0161\u00ed v sousedn\u00edm Rumunsku, na Slovensku a v Bulharsku.<\/p>\n<p>Pokud jde o svobodu tisku, Orban skute\u010dn\u011b z\u00edskal vliv na mnoho m\u00e9di\u00ed prost\u0159ednictv\u00edm sv\u00fdch superbohat\u00fdch spojenc\u016f.\u00a0\u201e\u00a0<em>Stejn\u011b ale v USA relativn\u011b mal\u00fd po\u010det oligarch\u016f \u2013 promi\u0148te, \u201epodnikatel\u016f\u201c \u2013 ovl\u00e1d\u00e1 v\u011bt\u0161inu mainstreamov\u00fdch m\u00e9di\u00ed<\/em>\u00a0,\u201c upozor\u0148uje\u00a0<em>autor<\/em>\u00a0\u010dl\u00e1nku.<\/p>\n<p>Fidesz skute\u010dn\u011b p\u0159ijal z\u00e1kony omezuj\u00edc\u00ed v\u00fduku gender ideologie na \u0161kol\u00e1ch, co\u017e odr\u00e1\u017e\u00ed konzervativn\u00ed kulturn\u00ed n\u00e1zory zem\u011b, ale Ma\u010farsko nen\u00ed Sa\u00fadsk\u00e1 Ar\u00e1bie, kde policie se nezam\u011b\u0159uje na gaye. a p\u0159esto je to Budape\u0161\u0165, a nikoli Rij\u00e1d, kdo \u010del\u00ed americk\u00fdm sankc\u00edm, zd\u016fraz\u0148uje publicista.<\/p>\n<p>\u201c\u00a0<em>Ne, skute\u010dn\u00fdm zlo\u010dinem Ma\u010farska<\/em>\u00a0(v o\u010d\u00edch Washingtonu. &#8211;\u00a0<em>InfKur<\/em>\u00a0)\u00a0<em>je to, \u017ee se dr\u017e\u00ed starom\u00f3dn\u00edho p\u0159esv\u011bd\u010den\u00ed, \u017ee zem\u011b maj\u00ed pr\u00e1vo jednat jako nez\u00e1visl\u00e9, suver\u00e9nn\u00ed n\u00e1rody.\u00a0\u017de by Evropa mo\u017en\u00e1 nem\u011bla podn\u011bcovat potenci\u00e1ln\u00ed jadernou konfrontaci s Ruskem.\u00a0\u017de konflikt, jako je ten ukrajinsk\u00fd, je nejl\u00e9pe vid\u011bt realistickou geopolitickou optikou, sp\u00ed\u0161e ne\u017e p\u0159\u00edli\u0161 ideologickou viz\u00ed, kter\u00e1 stav\u00ed \u201esvobodu\u201c proti \u201enesvobod\u011b\u201c<\/em>\u00a0, uzav\u00edr\u00e1 Akhmari.<\/p>\n<p><img decoding=\"async\" loading=\"lazy\" class=\"alignnone size-full wp-image-1185\" src=\"http:\/\/www.infokuryr.cz\/n\/wp-content\/uploads\/2021\/04\/kuryr-podpis.png\" alt=\"\" width=\"84\" height=\"24\" \/><\/p>\n<p>&nbsp;<\/p>\n<p>&nbsp;<\/p>\n<p><img decoding=\"async\" loading=\"lazy\" class=\"wp-image-19187 aligncenter\" src=\"http:\/\/www.infokuryr.cz\/n\/wp-content\/uploads\/2022\/12\/1-PRO-300x36.jpg\" alt=\"\" width=\"1250\" height=\"150\" srcset=\"https:\/\/www.infokuryr.cz\/n\/wp-content\/uploads\/2022\/12\/1-PRO-300x36.jpg 300w, https:\/\/www.infokuryr.cz\/n\/wp-content\/uploads\/2022\/12\/1-PRO.jpg 699w\" sizes=\"(max-width: 1250px) 100vw, 1250px\" \/><\/p>\n<p>&nbsp;<\/p>\n<p>&nbsp;<\/p>\n","protected":false},"excerpt":{"rendered":"<p>Navzdory form\u00e1ln\u00edm spojeneck\u00fdm vztah\u016fm Spojen\u00e9 st\u00e1ty zvy\u0161uj\u00ed ekonomick\u00fd a politick\u00fd tlak na ma\u010farskou vl\u00e1du.\u00a0D\u016fvodem je&#8230;<\/p>\n","protected":false},"author":2,"featured_media":26521,"comment_status":"closed","ping_status":"closed","sticky":false,"template":"","format":"standard","meta":[],"categories":[7],"tags":[2164,78,125,48,37],"_links":{"self":[{"href":"https:\/\/www.infokuryr.cz\/n\/wp-json\/wp\/v2\/posts\/26520"}],"collection":[{"href":"https:\/\/www.infokuryr.cz\/n\/wp-json\/wp\/v2\/posts"}],"about":[{"href":"https:\/\/www.infokuryr.cz\/n\/wp-json\/wp\/v2\/types\/post"}],"author":[{"embeddable":true,"href":"https:\/\/www.infokuryr.cz\/n\/wp-json\/wp\/v2\/users\/2"}],"replies":[{"embeddable":true,"href":"https:\/\/www.infokuryr.cz\/n\/wp-json\/wp\/v2\/comments?post=26520"}],"version-history":[{"count":0,"href":"https:\/\/www.infokuryr.cz\/n\/wp-json\/wp\/v2\/posts\/26520\/revisions"}],"wp:featuredmedia":[{"embeddable":true,"href":"https:\/\/www.infokuryr.cz\/n\/wp-json\/wp\/v2\/media\/26521"}],"wp:attachment":[{"href":"https:\/\/www.infokuryr.cz\/n\/wp-json\/wp\/v2\/media?parent=26520"}],"wp:term":[{"taxonomy":"category","embeddable":true,"href":"https:\/\/www.infokuryr.cz\/n\/wp-json\/wp\/v2\/categories?post=26520"},{"taxonomy":"post_tag","embeddable":true,"href":"https:\/\/www.infokuryr.cz\/n\/wp-json\/wp\/v2\/tags?post=26520"}],"curies":[{"name":"wp","href":"https:\/\/api.w.org\/{rel}","templated":true}]}}