{"id":26518,"date":"2023-04-19T11:53:39","date_gmt":"2023-04-19T09:53:39","guid":{"rendered":"http:\/\/www.infokuryr.cz\/n\/?p=26518"},"modified":"2023-04-19T11:53:39","modified_gmt":"2023-04-19T09:53:39","slug":"brusel-vcera-uvalil-zvlastni-poplatky-na-bydleni-nejvice-budou-platit-cesi-top-09-jasa-fiala-radeji-prchl-z-republiky","status":"publish","type":"post","link":"https:\/\/www.infokuryr.cz\/n\/2023\/04\/19\/brusel-vcera-uvalil-zvlastni-poplatky-na-bydleni-nejvice-budou-platit-cesi-top-09-jasa-fiala-radeji-prchl-z-republiky\/","title":{"rendered":"Brusel v\u010dera uvalil zvl\u00e1\u0161tn\u00ed poplatky na bydlen\u00ed! Nejv\u00edce budou platit \u010ce\u0161i! TOP-09 j\u00e1s\u00e1! Fiala rad\u011bji prchl z republiky!"},"content":{"rendered":"<div id=\"fb-root\"><\/div>\n<p><em>Uvalen\u00ed nov\u00fdch poplatk\u016f na vyt\u00e1p\u011bn\u00ed, chlazen\u00ed a je\u017ed\u011bn\u00ed zv\u00fd\u0161\u00ed v\u0161em ob\u010dan\u016fm EU jejich \u017eivotn\u00ed n\u00e1klady, a to je donut\u00ed, aby\u00a0 si koupili: elektromobily, elektrick\u00e1 tepeln\u00e1 \u010derpadla, a p\u0159estav\u011bli sv\u00e1 obydl\u00ed!\u00a0<\/em><a href=\"https:\/\/euobserver.com\/green-economy\/156929\">Takto drasticky v\u010dera Brusel zd\u016fvodnil sv\u00e9 rozhodnut\u00ed zpoplatnit bydlen\u00ed, teplo a dopravu v\u0161em sv\u00fdm ob\u010dan\u016fm<\/a>!<\/p>\n<p><em>Sou\u010dasn\u00e1 ekologick\u00e1 modernizace sv\u011bta se na Z\u00e1pad\u011b stala v\u00fdsadou bohat\u00fdch, kter\u00e1 nem\u00e1 nic spole\u010dn\u00e9ho s oby\u010dejn\u00fdmi lidmi. Naopak z\u00e1kladn\u00ed rys \u010d\u00ednsk\u00e9 ekologick\u00e9 modernizace je dosa\u017een\u00ed spole\u010dn\u00e9 prosperity pro v\u0161echny \u010d\u00ednsk\u00e9 lidi.\u00a0<\/em><a href=\"https:\/\/www.globaltimes.cn\/page\/202304\/1289354.shtml\">Tak v\u010dera shrnula KS-\u010c\u00edny instrukt\u00e1\u017e<\/a>, kterou dal p\u0159ed p\u00e1r dny prezident Xi Jinping prezidentu Macronovi, kdy\u017e mu p\u0159edv\u00e1d\u011bl pro obyvatele \u010cesko-Slovenska absolutn\u011b neuv\u011b\u0159iteln\u00fd pokrok a prosperitu ve zvl\u00e1\u0161tn\u00ed oblasti \u010c\u00edny Guangdong.<\/p>\n<p><img decoding=\"async\" loading=\"lazy\" class=\"wp-image-3855 aligncenter\" src=\"https:\/\/www.michalapetr.com\/wp-content\/uploads\/2023\/04\/e3d5c2b4-55fb-4f61-8c5e-df7229e5b206.jpeg\" sizes=\"(max-width: 1200px) 100vw, 1200px\" srcset=\"https:\/\/www.michalapetr.com\/wp-content\/uploads\/2023\/04\/e3d5c2b4-55fb-4f61-8c5e-df7229e5b206.jpeg 1200w, https:\/\/www.michalapetr.com\/wp-content\/uploads\/2023\/04\/e3d5c2b4-55fb-4f61-8c5e-df7229e5b206-300x180.jpeg 300w, https:\/\/www.michalapetr.com\/wp-content\/uploads\/2023\/04\/e3d5c2b4-55fb-4f61-8c5e-df7229e5b206-1030x618.jpeg 1030w, https:\/\/www.michalapetr.com\/wp-content\/uploads\/2023\/04\/e3d5c2b4-55fb-4f61-8c5e-df7229e5b206-768x461.jpeg 768w, https:\/\/www.michalapetr.com\/wp-content\/uploads\/2023\/04\/e3d5c2b4-55fb-4f61-8c5e-df7229e5b206-705x423.jpeg 705w, https:\/\/www.michalapetr.com\/wp-content\/uploads\/2023\/04\/e3d5c2b4-55fb-4f61-8c5e-df7229e5b206-450x270.jpeg 450w\" alt=\"\" width=\"613\" height=\"368\" \/><\/p>\n<p>(<a href=\"http:\/\/www.xinhuanet.com\/english\/2018-06\/29\/c_137288270_27.htm\">Na tomto odkaze si m\u016f\u017eete prohl\u00ed\u017eet dvojit\u00e9 fotografie vedle sebe<\/a>. Prvn\u00ed foto zachycuje stejn\u00e9 m\u00edsto v dob\u011b sametov\u00e9 revoluce, druh\u00e9 foto je po\u0159\u00edzeno ze stejn\u00e9ho \u00fahlu ned\u00e1vno. Obyvatel\u016fm b\u00fdval\u00e9ho \u010ceskoslovenska se z t\u011bch pohled\u016f mus\u00ed tajit dech! Nic nedokazuje Bruselskou stagnaci l\u00e9pe, ne\u017e pokrok, kter\u00fd \u010c\u00edna za 40 let dos\u00e1hla, a \u010cesko ani Slovensko ne! P\u0159\u00edklad z alba dvojit\u00fdch fotografi\u00ed: V\u00fdroba televiz\u00ed v 90 letech, a robotick\u00e1 linka na v\u00fdrobu televiz\u00ed dnes! V \u010cesku v\u00fdroba televiz\u00ed zkrachovala Philips \u2013 Hranice, a nebo se odst\u011bhovala do Egypta Panasonic \u2013 Plze\u0148. Robotickou linku tady nikdo nepostavil! Ale poplatky vyb\u00edrat, to um\u00ed! )<\/p>\n<p><img decoding=\"async\" loading=\"lazy\" class=\"size-full wp-image-3854 aligncenter\" src=\"https:\/\/www.michalapetr.com\/wp-content\/uploads\/2023\/04\/137288270_15302285348271n.jpg\" sizes=\"(max-width: 661px) 100vw, 661px\" srcset=\"https:\/\/www.michalapetr.com\/wp-content\/uploads\/2023\/04\/137288270_15302285348271n.jpg 661w, https:\/\/www.michalapetr.com\/wp-content\/uploads\/2023\/04\/137288270_15302285348271n-220x300.jpg 220w, https:\/\/www.michalapetr.com\/wp-content\/uploads\/2023\/04\/137288270_15302285348271n-518x705.jpg 518w, https:\/\/www.michalapetr.com\/wp-content\/uploads\/2023\/04\/137288270_15302285348271n-450x613.jpg 450w\" alt=\"\" width=\"661\" height=\"900\" \/><\/p>\n<p>&nbsp;<\/p>\n<p>V\u010dera 18. dubna bruselsk\u00fd parlament rozhodl, \u017ee od roku 2027 uval\u00ed vysok\u00e9 poplatky na bydlen\u00ed a dopravu! Poplatky budou platit v\u0161ichni obyvatel\u00e9 byt\u016f a v\u0161ichni, kdo se budou muset n\u011bkam dopravovat, i MHD! T\u0159eba do pr\u00e1ce!\u00a0<a href=\"https:\/\/www.irozhlas.cz\/ekonomika\/emisni-povolenky-uhlikove-clo-eu_2304181343_ako\">\u010cesk\u00e1 vl\u00e1dn\u00ed strana TOP-09 v\u016fdkyn\u011b Pekarov\u00e9 Adamov\u00e9 z uvalen\u00ed poplatk\u016f, kter\u00e9 budou pro \u010cechy na rozd\u00edl od ostatn\u00edch Evropan\u016f obzvl\u00e1\u0161t\u011b vysok\u00e9, j\u00e1sala!<\/a>\u00a0\u010cesk\u00fd premi\u00e9r Petr Fiala z ODS dal zase v\u010dera rad\u011bji p\u0159ednost\u00a0<a href=\"https:\/\/twitter.com\/P_Fiala\/status\/1648317475312869377\/photo\/1\">fotografov\u00e1n\u00ed s domorodci ozdoben\u00fdmi p\u00e9\u0159ov\u00fdmi \u010delenkami<\/a>, m\u00edsto toho, aby nejnov\u011bj\u0161\u00ed, v\u016f\u010di \u010cech\u016fm drastick\u00e9 diskrimina\u010dn\u00ed na\u0159\u00edzen\u00ed Bruselu kritizoval, a ozn\u00e1mil, co proti n\u011bmu podnikne! Nen\u00ed divu, \u017ee Fiala tak najednou prchl z republiky do trop\u016f, proto\u017ee podle nejnov\u011bj\u0161\u00ed statistiky OECD je \u010cesko nejhor\u0161\u00ed zem\u00ed v dostupnosti bydlen\u00ed, a jedinou zem\u00ed OECD,\u00a0<a href=\"https:\/\/www.oecd.org\/els\/family\/HM1-1-Housing-stock-and-construction.pdf\">kde se po\u010det byt\u016f za posledn\u00edch 10 let nejv\u00edce dramaticky sn\u00ed\u017eil<\/a>! Podle zatajovan\u00e9ho dokumentu Bruselu se ka\u017ed\u00fd 8 \u010cech ob\u00e1v\u00e1, (<a href=\"https:\/\/www.stateofhousing.eu\/The_State_of_Housing_in_the_EU_2021.pdf\">str.20<\/a>), \u017ee se bude muset ze sv\u00e9ho bytu vyst\u011bhovat, proto\u017ee u\u017e na jeho \u00fahradu nebude m\u00edt pen\u00edze! Je tedy na \u010dase, se na v\u0161echny nejnov\u011bj\u0161\u00ed jobovky z Bruselu, ze kter\u00fdch m\u00e1 radost jen parta asoci\u00e1l\u016f z TOP-09, pod\u00edvat bl\u00ed\u017ee!<\/p>\n<p>Sou\u010dasn\u00e1 cena\u00a0<a href=\"https:\/\/en.wikipedia.org\/wiki\/EU_Allowance\">povolenky za 1 tunu CO2<\/a>\u00a0je nyn\u00ed na burze rekordn\u00edch 100 EUR.\u00a0<a href=\"https:\/\/www.autolexicon.net\/cs\/articles\/vypocet-emisi-co2\/\">P\u0159i j\u00edzd\u011b autem na naftov\u00fd motor vyrob\u00edte 2,64 kg CO2 z ka\u017ed\u00e9ho spot\u0159ebovan\u00e9ho litru nafty<\/a>. Z toho plyne, \u017ee nov\u011b byste m\u011bli p\u0159i koupi ka\u017ed\u00e9ho litru nafty do sv\u00e9ho auta, (podle sou\u010dasn\u00e9 ceny povolenky ETS I 100 EUR za tunu CO2), zaplatit nov\u00fd poplatek ETS II ve v\u00fd\u0161i 6.60 CZK na litr nafty. Obdobn\u00e9 poplatky budou uvaleny i za vyt\u00e1p\u011bn\u00ed dom\u016f a byt\u016f. Pro ur\u010den\u00ed v\u00fd\u0161e ceny poplatku ETS II bude rozhoduj\u00edc\u00ed, \u010d\u00edm vyt\u00e1p\u00edte, a u elekt\u0159iny, z \u010deho je vyrobena!<\/p>\n<p>Brusel hodl\u00e1 nov\u011b na poplatc\u00edch ETS vybrat od ob\u010dan\u016f 700 miliard EUR, to je 40 000 CZK z ka\u017ed\u00e9ho Evropana. Aby Brusel obalamutil lid, vymyslel tzv. soci\u00e1ln\u00ed fond na pomoc nebo\u017e\u00e1k\u016fm, kte\u0159\u00ed nebudou m\u00edt pen\u00edze na poplatky, a bude jim hrozit vyst\u011bhov\u00e1n\u00ed, nebo zmrznut\u00ed. Do tohoto soci\u00e1ln\u00edho fondu ov\u0161em Brusel p\u0159id\u011blil pouze 3750 CZK na ob\u010dana, tedy 9% hodnoty vybran\u00fdch poplatk\u016f!<\/p>\n<p><a href=\"https:\/\/www.komunalniekologie.cz\/info\/revize-systemu-eu-obchodovani-s-emisnimi-povolenkami\">Z vyhl\u00e1\u0161en\u00ed poplatk\u016f ETS 2<\/a>\u00a0a ze z\u0159\u00edzen\u00ed tohoto bruselsk\u00e9ho fondu a m\u011bl radost tak\u00e9 \u010desk\u00fd fialov\u00fd v\u00fdte\u010dn\u00edk, ministr Mari\u00e1n Jure\u010dka z KD\u00da-\u010cSL. Ten se po\u0161etile radoval, \u017ee \u010cesko dostane z vybran\u00fdch poplatk\u016f ETS 2 celkem 100 miliard CZK, (9500 CZK na jednoho obyvatele \u010cR), a vysv\u011btloval lidem, \u017ee nemus\u00ed m\u00edt strach ani z Drahoty vyvolan\u00e9 poplatky ETS 2, proto\u017ee 50 miliard CZK dostanou na soci\u00e1ln\u00edch d\u00e1vk\u00e1ch, (4 250 na \u010cecha), a \u017ee ani nemus\u00ed m\u00edt strach z vyst\u011bhov\u00e1n\u00ed, proto\u017ee 50 miliard dostanou na zateplen\u00ed byt\u016f a tepeln\u00e1 \u010derpadla, (4 250 na \u010cecha). Zateplen\u00ed jednoho bytu, \u010di domu p\u0159itom bude st\u00e1t i n\u011bkolik milion\u016f.\u00a0<a href=\"https:\/\/www.cez.cz\/cs\/technologie\/fotovoltaika\/produkty\/fotovoltaika-s-tepelnym-cerpadlem\">Tepeln\u00e9 \u010derpadlo pro d\u016fm o 120 metrech obytn\u00e9 plochy stoj\u00ed u\u017e te\u010f nejm\u00e9n\u011b 542 519 CZK po zapo\u010dten\u00ed v\u0161ech dotac<\/a>\u00ed, a Jure\u010dka m\u00e1 p\u0159itom ve fondu jen 4 250 CZK na \u010cecha!.<\/p>\n<p>Podle bruselsk\u00fdch v\u00fdpo\u010dt\u016f\u00a0 \u010ce\u0161i na poplatc\u00edch ETS odevzdaj\u00ed do Bruselu 40 000 CZK na hlavu ob\u010dana. Ale zp\u00e1tky dostanou jen 9 500 CZK na hlavu ob\u010dana, jak se pochv\u00e1lil ministr Jure\u010dka! A je\u0161t\u011b si maj\u00ed koupit za miliony nov\u00e9 elektromobily, nov\u00e1 elektro \u010derpadla a nov\u011b renovovat a zateplovat svoje byty a domy! Ob\u00e1v\u00e1m se, \u017ee Jure\u010dkovi to asi moc nemysl\u00ed,\u00a0<a href=\"https:\/\/www.cssd.cz\/aktualne\/aktuality\/pod-hranici-minimalni-dustojne-mzdy-pracuji-temer-dve-tretiny-zamestnancu\/\">proto\u017ee podle propo\u010dt\u016f expert\u016f<\/a>, abyste v \u010cesku mohli pokr\u00fdt n\u00e1klady na stravu, bydlen\u00ed, o\u0161acen\u00ed, dopravu, zdravotn\u00ed p\u00e9\u010di, vzd\u011bl\u00e1n\u00ed a voln\u00fd \u010das a d\u011bti a uspo\u0159it si minim\u00e1ln\u00ed \u010d\u00e1stku pro p\u0159\u00edpad neo\u010dek\u00e1van\u00fdch ud\u00e1lost\u00ed mus\u00edte oba dva v rodin\u011b vyd\u011bl\u00e1vat ka\u017ed\u00fd nejm\u00e9n\u011b 40 912 m\u011bs\u00ed\u010dn\u011b, a nebo 42 776 m\u011bs\u00ed\u010dn\u011b, kdy\u017e jste z Prahy! A tyto pen\u00edze pr\u00fd vyd\u011bl\u00e1v\u00e1 pouh\u00fdch 37% obyvatel \u010ceska! D\u00edky Jure\u010dkovu poplatku ETS 2, ze kter\u00e9ho se tak raduje, proto\u017ee ho v Bruselu za \u010cesko loni protla\u010dil, se op\u011bt dal\u0161\u00ed lid\u00e9 propadnou do chudoby, pod hranici d\u016fstojn\u00e9ho platu.\u00a0<a href=\"https:\/\/www.cssd.cz\/aktualne\/aktuality\/pod-hranici-minimalni-dustojne-mzdy-pracuji-temer-dve-tretiny-zamestnancu\/\">Jen za jedin\u00fd rok vl\u00e1dy lidojeda Fialy se u\u017e pod tuto \u00farove\u0148 d\u016fstojn\u00e9ho platu propadlo dal\u0161\u00edch 800 tis\u00edc lid\u00ed!<\/a>\u00a0A co teprve t\u011bch 50% pracuj\u00edc\u00edch, kte\u0159\u00ed d\u016fstojn\u00fd plat nikdy nem\u011bli.<\/p>\n<p><a href=\"https:\/\/euobserver.com\/green-economy\/156929\">Krom poplatk\u016f ETS II v\u010dera tak\u00e9 v Bruselu schv\u00e1lili novou da\u0148 CBAM<\/a>, a ta se bude vztahovat na v\u0161echno dov\u00e1\u017een\u00e9 zbo\u017e\u00ed, tedy hlavn\u011b na ocel, hnojiva, hlin\u00edk, cement, v\u00fdrobu elekt\u0159iny a vod\u00edk. P\u0159edstavte si, budete muset p\u0159estavovat sv\u00e9 byty a domy, abyste o n\u011b d\u00edky poplatk\u016fm ETS II nep\u0159i\u0161li, ale oni v\u00e1m uval\u00ed da\u0148 CBAM na hlin\u00edk, cement a \u017eelezo, kter\u00e9 pot\u0159ebujete nutn\u011b na p\u0159estavbu, a kter\u00e9 pot\u0159ebuj\u00ed v\u00fdrobci na v\u00fdrobu aut i \u010derpadel, \u010di \u010dehokoli! Potraviny jsou u\u017e te\u010f drah\u00e9, a oni je je\u0161t\u011b zdra\u017e\u00ed dan\u00ed CBAM na hnojiva! K tomu nen\u00ed u\u017e co dodat. B\u011b\u017ete demonstrovat, proto\u017ee je \u00fapln\u011b jedno, kdo Fialu svrhne, hor\u0161\u00ed to u\u017e nem\u016f\u017ee b\u00fdt!<\/p>\n<p>Poplatky ETS jsou neuv\u011b\u0159iteln\u011b asoci\u00e1ln\u00ed. Plat\u00ed je ka\u017ed\u00fd ob\u010dan, bez ohledu na to jak je bohat\u00fd \u010di chud\u00fd. Poplatky se d\u011bl\u00ed p\u0159ibli\u017en\u011b takto: 25% Bruselsk\u00e1 komise pro sebe! 25% si ponech\u00e1 ka\u017ed\u00fd st\u00e1t z vybran\u00fdch pen\u011bz! 50% se vlo\u017e\u00ed do speci\u00e1ln\u00edho fondu! V\u0161echny pen\u00edze se mus\u00ed pou\u017e\u00edt ale jen na dotace pro stavbu zelen\u00fdch zdroj\u016f elekt\u0159iny, zateplov\u00e1n\u00ed, \u010di elektromobilitu. Bohat\u00ed jedinci, hlavn\u011b miliard\u00e1\u0159i a milion\u00e1\u0159i, tak zadarmo dostanou miliardy \u010di miliony na nov\u00e9 elektr\u00e1rny, \u010derpadla, rafinerie vod\u00edku, \u010di aby si koupili byty, za kter\u00e9 u\u017e jejich obyvatel\u00e9 nebudou moci platit poplatky. Majetek se tak p\u0159esune pomoc\u00ed poplatk\u016f od chud\u00fdch lid\u00ed prost\u0159ednictv\u00edm dotac\u00ed k bohat\u00fdm lidem. 70% lid\u00ed zchudne, 20% si nepom\u016f\u017ee, 9% si p\u0159ilep\u0161\u00ed a 1% shr\u00e1bne mnohamiliardov\u00fd jackpot v podob\u011b nov\u00fdch elektr\u00e1ren, v\u011btrn\u00edk\u016f a panelov\u00fdch dom\u016f pro chud\u00e1ky! Rozd\u00edl mezi \u010d\u00ednskou modernizac\u00ed podle prezidenta Xi Jinping a evropsk\u00fdm paskvilem Green Deal nakonec celou Evropu rozvr\u00e1t\u00ed soci\u00e1ln\u00edmi bou\u0159emi a b\u00eddou. Evropa p\u0159ijde o trhy pro sv\u016fj pr\u016fmysl, proto\u017ee u\u017e te\u010f je n\u011bmeck\u00fd pr\u016fmysl nekonkurenceschopn\u00fd, a st\u011bhuje se z Evropy.\u00a0<a href=\"https:\/\/www.tichyseinblick.de\/daili-es-sentials\/staatssekretaer-graichen-energieintensive-firmen-auswandern\/\">Podle p\u00e1r dn\u00ed star\u00e9ho vyj\u00e1d\u0159en\u00ed autor\u016f sou\u010dasn\u00e9 bruselsk\u00e9 politiky Green Deal se maj\u00ed pr\u016fmysln\u00edci i se sv\u00fdmi tov\u00e1rnami z Evropy doslova a okam\u017eit\u011b vykopat<\/a>! \u010c\u00edm se Evropan\u00e9 budou \u017eivit, a co budou j\u00edst, tyto g\u00e9nie nezaj\u00edm\u00e1!<\/p>\n<p><a href=\"https:\/\/www.michalapetr.com\/map-1654-brusel-vcera-uvalil-zvlastni-poplatky-na-bydleni-nejvice-budou-platit-cesi-top-09-jasa-fiala-radeji-prchl-z-republiky\/\">Michael Svato\u0161<\/a><\/p>\n<p>&nbsp;<\/p>\n<p>&nbsp;<\/p>\n<p><img decoding=\"async\" loading=\"lazy\" class=\"wp-image-19187 aligncenter\" src=\"http:\/\/www.infokuryr.cz\/n\/wp-content\/uploads\/2022\/12\/1-PRO-300x36.jpg\" alt=\"\" width=\"1292\" height=\"155\" srcset=\"https:\/\/www.infokuryr.cz\/n\/wp-content\/uploads\/2022\/12\/1-PRO-300x36.jpg 300w, https:\/\/www.infokuryr.cz\/n\/wp-content\/uploads\/2022\/12\/1-PRO.jpg 699w\" sizes=\"(max-width: 1292px) 100vw, 1292px\" \/><\/p>\n<p>&nbsp;<\/p>\n<p>&nbsp;<\/p>\n","protected":false},"excerpt":{"rendered":"<p>Uvalen\u00ed nov\u00fdch poplatk\u016f na vyt\u00e1p\u011bn\u00ed, chlazen\u00ed a je\u017ed\u011bn\u00ed zv\u00fd\u0161\u00ed v\u0161em ob\u010dan\u016fm EU jejich \u017eivotn\u00ed n\u00e1klady,&#8230;<\/p>\n","protected":false},"author":2,"featured_media":9034,"comment_status":"closed","ping_status":"closed","sticky":false,"template":"","format":"standard","meta":[],"categories":[6],"tags":[1042,632,41,1738],"_links":{"self":[{"href":"https:\/\/www.infokuryr.cz\/n\/wp-json\/wp\/v2\/posts\/26518"}],"collection":[{"href":"https:\/\/www.infokuryr.cz\/n\/wp-json\/wp\/v2\/posts"}],"about":[{"href":"https:\/\/www.infokuryr.cz\/n\/wp-json\/wp\/v2\/types\/post"}],"author":[{"embeddable":true,"href":"https:\/\/www.infokuryr.cz\/n\/wp-json\/wp\/v2\/users\/2"}],"replies":[{"embeddable":true,"href":"https:\/\/www.infokuryr.cz\/n\/wp-json\/wp\/v2\/comments?post=26518"}],"version-history":[{"count":1,"href":"https:\/\/www.infokuryr.cz\/n\/wp-json\/wp\/v2\/posts\/26518\/revisions"}],"predecessor-version":[{"id":26519,"href":"https:\/\/www.infokuryr.cz\/n\/wp-json\/wp\/v2\/posts\/26518\/revisions\/26519"}],"wp:featuredmedia":[{"embeddable":true,"href":"https:\/\/www.infokuryr.cz\/n\/wp-json\/wp\/v2\/media\/9034"}],"wp:attachment":[{"href":"https:\/\/www.infokuryr.cz\/n\/wp-json\/wp\/v2\/media?parent=26518"}],"wp:term":[{"taxonomy":"category","embeddable":true,"href":"https:\/\/www.infokuryr.cz\/n\/wp-json\/wp\/v2\/categories?post=26518"},{"taxonomy":"post_tag","embeddable":true,"href":"https:\/\/www.infokuryr.cz\/n\/wp-json\/wp\/v2\/tags?post=26518"}],"curies":[{"name":"wp","href":"https:\/\/api.w.org\/{rel}","templated":true}]}}