{"id":26511,"date":"2023-04-19T05:34:23","date_gmt":"2023-04-19T03:34:23","guid":{"rendered":"http:\/\/www.infokuryr.cz\/n\/?p=26511"},"modified":"2023-04-19T05:34:23","modified_gmt":"2023-04-19T03:34:23","slug":"global-times-unipolarni-svet-vedeny-usa-jiz-neexistuje","status":"publish","type":"post","link":"https:\/\/www.infokuryr.cz\/n\/2023\/04\/19\/global-times-unipolarni-svet-vedeny-usa-jiz-neexistuje\/","title":{"rendered":"Global Times: Unipol\u00e1rn\u00ed sv\u011bt veden\u00fd USA ji\u017e neexistuje"},"content":{"rendered":"<div id=\"fb-root\"><\/div>\n<p><strong>Unipol\u00e1rn\u00ed sv\u011bt veden\u00fd Spojen\u00fdmi st\u00e1ty ji\u017e neexistuje, Washington je zbo\u017en\u00fdm p\u0159\u00e1n\u00edm a v\u011b\u0159\u00ed, \u017ee v\u0161echny zem\u011b sv\u011bta budou opakovat americkou propagandu o konfliktu na Ukrajin\u011b, p\u00ed\u0161e \u010d\u00ednsk\u00fd list Global Times v \u010dl\u00e1nku zalo\u017een\u00e9m na rozhovoru se zam\u011bstnancem z \u010c\u00ednsk\u00e9 akademie soci\u00e1ln\u00edch v\u011bd Lu Xiang .<\/strong><\/p>\n<p><span>\u201eV multipol\u00e1rn\u00edm sv\u011bt\u011b nemohou USA shrom\u00e1\u017edit mnoho lid\u00ed pod sv\u00fdm vlivem, jak tomu bylo po studen\u00e9 v\u00e1lce. Unipol\u00e1rn\u00ed s\u00edla Spojen\u00fdch st\u00e1t\u016f ji\u017e neexistuje,\u201c uv\u00e1d\u00ed <\/span><span>text materi\u00e1lu.<\/span><\/p>\n<p><span>\u010cl\u00e1nek Global Times uv\u00e1d\u00ed, \u017ee pl\u00e1ny USA na oslaben\u00ed Ruska konfliktem na Ukrajin\u011b selhaly.\u00a0Washington je frustrov\u00e1n neschopnost\u00ed izolovat Ruskou federaci prost\u0159ednictv\u00edm konfliktu mezi Ruskem a Evropou a st\u00e1le v\u011bt\u0161\u00ed po\u010det zem\u00ed se odm\u00edt\u00e1 p\u0159ipojit k americk\u00e9mu postoji v t\u00e9to ot\u00e1zce a vyz\u00fdv\u00e1 k opu\u0161t\u011bn\u00ed ukrajinsk\u00e9ho hromad\u011bn\u00ed zbran\u00ed ve prosp\u011bch m\u00edrov\u00e9ho urovn\u00e1n\u00ed.<\/span><\/p>\n<p><span>\u201eUSA mus\u00ed uznat, \u017ee ne v\u0161echny glob\u00e1ln\u00ed probl\u00e9my lze vy\u0159e\u0161it jednodu\u0161e veden\u00edm NATO nebo ovl\u00e1dnut\u00edm bloku.\u00a0Pokud doufaj\u00ed, \u017ee v\u0161echny zem\u011b sv\u011bta budou opakovat americkou propagandu na Ukrajin\u011b, pak je to zbo\u017en\u00e9 p\u0159\u00e1n\u00ed v multipol\u00e1rn\u00edm sv\u011bt\u011b,\u201c uv\u00e1d\u00ed \u010dl\u00e1nek.<\/span><\/p>\n<p><span>\u010cl\u00e1nek nav\u00edc hovo\u0159\u00ed o rozporech mezi z\u00e1padn\u00edmi spojenci.\u00a0\u201eZat\u00edmco USA jsou st\u00e1le schopny v\u00e9st bloky a NATO jako jednotnou frontu, trhliny v takzvan\u00e9 jednotn\u00e9 front\u011b jsou st\u00e1le v\u011bt\u0161\u00ed a v\u011bt\u0161\u00ed.\u00a0Sv\u016fj n\u00e1zor ji\u017e vyj\u00e1d\u0159il francouzsk\u00fd prezident Emmanuel Macron a mezi spojenci USA bude jist\u011b v\u00edce disident\u016f,\u201c poznamen\u00e1v\u00e1 list.<\/span><\/p>\n<p><strong>V dne\u0161n\u00edm multipol\u00e1rn\u00edm sv\u011bt\u011b se Washingtonu nepoda\u0159\u00ed z\u00edskat v\u0161echny zem\u011b na svou stranu, poznamen\u00e1v\u00e1 \u010dl\u00e1nek.<\/strong><\/p>\n<p><span>&#8222;Spojen\u00e9 st\u00e1ty jsou jako jeden kmen, kter\u00fd nem\u016f\u017ee b\u00fdt podep\u0159en vratkou budovou, zvl\u00e1\u0161t\u011b spolu se siln\u011bj\u0161\u00edm hlasem ostatn\u00edch velk\u00fdch mocnost\u00ed volaj\u00edc\u00edch po m\u00edru,&#8220; uzav\u00edr\u00e1 publikace.<\/span><\/p>\n<p><img decoding=\"async\" loading=\"lazy\" class=\"alignnone size-full wp-image-1185\" src=\"http:\/\/www.infokuryr.cz\/n\/wp-content\/uploads\/2021\/04\/kuryr-podpis.png\" alt=\"\" width=\"84\" height=\"24\" \/><\/p>\n<p>&nbsp;<\/p>\n<p><img decoding=\"async\" loading=\"lazy\" class=\"wp-image-19187 aligncenter\" src=\"http:\/\/www.infokuryr.cz\/n\/wp-content\/uploads\/2022\/12\/1-PRO-300x36.jpg\" alt=\"\" width=\"1292\" height=\"155\" srcset=\"https:\/\/www.infokuryr.cz\/n\/wp-content\/uploads\/2022\/12\/1-PRO-300x36.jpg 300w, https:\/\/www.infokuryr.cz\/n\/wp-content\/uploads\/2022\/12\/1-PRO.jpg 699w\" sizes=\"(max-width: 1292px) 100vw, 1292px\" \/><\/p>\n<p>&nbsp;<\/p>\n<p>&nbsp;<\/p>\n","protected":false},"excerpt":{"rendered":"<p>Unipol\u00e1rn\u00ed sv\u011bt veden\u00fd Spojen\u00fdmi st\u00e1ty ji\u017e neexistuje, Washington je zbo\u017en\u00fdm p\u0159\u00e1n\u00edm a v\u011b\u0159\u00ed, \u017ee v\u0161echny&#8230;<\/p>\n","protected":false},"author":2,"featured_media":14382,"comment_status":"closed","ping_status":"closed","sticky":false,"template":"","format":"standard","meta":[],"categories":[7],"tags":[2164,1051,276,37],"_links":{"self":[{"href":"https:\/\/www.infokuryr.cz\/n\/wp-json\/wp\/v2\/posts\/26511"}],"collection":[{"href":"https:\/\/www.infokuryr.cz\/n\/wp-json\/wp\/v2\/posts"}],"about":[{"href":"https:\/\/www.infokuryr.cz\/n\/wp-json\/wp\/v2\/types\/post"}],"author":[{"embeddable":true,"href":"https:\/\/www.infokuryr.cz\/n\/wp-json\/wp\/v2\/users\/2"}],"replies":[{"embeddable":true,"href":"https:\/\/www.infokuryr.cz\/n\/wp-json\/wp\/v2\/comments?post=26511"}],"version-history":[{"count":0,"href":"https:\/\/www.infokuryr.cz\/n\/wp-json\/wp\/v2\/posts\/26511\/revisions"}],"wp:featuredmedia":[{"embeddable":true,"href":"https:\/\/www.infokuryr.cz\/n\/wp-json\/wp\/v2\/media\/14382"}],"wp:attachment":[{"href":"https:\/\/www.infokuryr.cz\/n\/wp-json\/wp\/v2\/media?parent=26511"}],"wp:term":[{"taxonomy":"category","embeddable":true,"href":"https:\/\/www.infokuryr.cz\/n\/wp-json\/wp\/v2\/categories?post=26511"},{"taxonomy":"post_tag","embeddable":true,"href":"https:\/\/www.infokuryr.cz\/n\/wp-json\/wp\/v2\/tags?post=26511"}],"curies":[{"name":"wp","href":"https:\/\/api.w.org\/{rel}","templated":true}]}}