{"id":26509,"date":"2023-04-19T05:29:24","date_gmt":"2023-04-19T03:29:24","guid":{"rendered":"http:\/\/www.infokuryr.cz\/n\/?p=26509"},"modified":"2023-04-19T05:29:24","modified_gmt":"2023-04-19T03:29:24","slug":"obludna-inflace-nuti-argentince-pracovat-na-skladce","status":"publish","type":"post","link":"https:\/\/www.infokuryr.cz\/n\/2023\/04\/19\/obludna-inflace-nuti-argentince-pracovat-na-skladce\/","title":{"rendered":"Obludn\u00e1 inflace nut\u00ed Argentince pracovat na skl\u00e1dce"},"content":{"rendered":"<div id=\"fb-root\"><\/div>\n<div class=\"article-intro\"><span><span style=\"font-size: 14pt;\"><strong>Hospod\u00e1\u0159sk\u00e1 krize p\u0159ipravila mnoho argentinsk\u00fdch obyvatel o pr\u00e1ci: nyn\u00ed mus\u00ed sb\u00edrat odpadky ze skl\u00e1dek a prod\u00e1vat je do recykla\u010dn\u00edch center, \u0159\u00edk\u00e1 France 24. Obrovsk\u00fd rozpo\u010dtov\u00fd deficit zem\u011b vedl k devalvaci a v d\u016fsledku toho k inflaci, kter\u00e1 v ro\u010dn\u00ed m\u00ed\u0159e p\u0159es 104 %.<\/strong><\/span><\/p>\n<p><\/span><\/div>\n<figure>\n<div class=\"embed\"><iframe loading=\"lazy\" title=\"Youtube video p\u0159ehr\u00e1va\u010d\" src=\"https:\/\/www.youtube.com\/embed\/3Gft-vFcT_g\" width=\"560\" height=\"315\" frameborder=\"0\" allowfullscreen=\"allowfullscreen\" data-mce-fragment=\"1\"><\/iframe><\/div>\n<\/figure>\n<div class=\"article-body\">\nOd otev\u0159en\u00ed skl\u00e1dky p\u0159ed p\u011bti lety sem denn\u011b chod\u00ed stovky pracovn\u00edk\u016f bez dokument\u016f, aby sh\u00e1n\u011bli recyklovateln\u00e9 materi\u00e1ly a d\u00e1le je prod\u00e1vali na v\u00e1hu.\u00a0N\u011bkte\u0159\u00ed jsou tu u\u017e dlouho \u2013 jako Pablo, kter\u00fd za\u010d\u00ednal ve 14.<\/p>\n<p>Tady \u017eivot nikdy nebyl snadn\u00fd, ale s inflac\u00ed nad 104 procent se to je\u0161t\u011b zhor\u0161ilo.<\/p>\n<p><strong>PABLO\u00a0<em>:<\/em><\/strong><em>\u00a0Pen\u00edze te\u010f nestoj\u00ed za nic a je to ka\u017ed\u00fdm dnem hor\u0161\u00ed.\u00a0Jsme st\u00e1le chud\u0161\u00ed, ale kdy\u017e tu pracujeme, m\u016f\u017eeme si alespo\u0148 koupit j\u00eddlo.<\/em><\/p>\n<p>Za vrakovi\u0161t\u011bm jsou nov\u00ed sb\u011bratel\u00e9, kter\u00e9 inflace a krize odsunula na vedlej\u0161\u00ed kolej, jako b\u00fdval\u00fd prodava\u010d Herman.<\/p>\n<p><strong>HERMAN:\u00a0<\/strong><em>Prod\u00e1val jsem dom\u00e1c\u00ed pot\u0159eby a v\u0161echno \u0161lo dob\u0159e.\u00a0A pak inflace prudce vzrostla a j\u00e1 jsem musel zav\u0159\u00edt obchod.\u00a0U\u017e sem chod\u00edm dva m\u011bs\u00edce.\u00a0Ne\u0159ekl bych, \u017ee jsem si zvykl.\u00a0Tak\u00e9 bych ne\u0159ekl, \u017ee se mi to l\u00edb\u00ed, ale pot\u0159ebuji pen\u00edze.<\/em><\/p>\n<p>Sb\u011bratel si m\u016f\u017ee vyd\u011blat a\u017e 20 eur za den, co\u017e je dvojn\u00e1sobek minim\u00e1ln\u00ed mzdy v Argentin\u011b, kter\u00e1 zcela odepsala.\u00a0Inflace zas\u00e1hla v\u0161echny spole\u010densk\u00e9 vrstvy a v\u0161echny sf\u00e9ry \u017eivota.<\/p>\n<p>Damian di Pace je ekonom a specialista v t\u00e9to oblasti.<\/p>\n<p><strong>DAMIAN DI PACE, ekonom:\u00a0<\/strong><em>Pod\u00edvejte<\/em>\u00a0,\u00a0<em>cel\u00e9 menu je psan\u00e9 ru\u010dn\u011b, proto\u017ee ceny se m\u011bn\u00ed t\u00e9m\u011b\u0159 ka\u017ed\u00fd den.<\/em><\/p>\n<p>B\u011bhem p\u011bti let vysko\u010dila meziro\u010dn\u00ed inflace v Argentin\u011b z 20 procent na 104 procent.<\/p>\n<p><strong>DAMIAN DI PACE:\u00a0<\/strong><em>V jak\u00e9m za\u010darovan\u00e9m kruhu se Argentina ocitla?\u00a0Obrovsk\u00fd rozpo\u010dtov\u00fd deficit \u017eiven\u00fd tiskem pen\u011bz.\u00a0Nakonec vyvolal devalvaci na\u0161\u00ed m\u011bny v\u016f\u010di dolaru a n\u00e1sledn\u011b inflaci, co\u017e vedlo k poklesu ekonomick\u00e9 aktivity, a to<\/em>\u00a0&#8211;\u00a0<em>k nejistot\u011b obyvatelstva.<\/em><\/p>\n<p>To, \u010deho se Argentinci nejv\u00edce ob\u00e1vaj\u00ed, je exponenci\u00e1ln\u00ed inflace a n\u00e1sledn\u00e9 zb\u00edda\u010den\u00ed.\u00a0V b\u0159eznu p\u0159ekonala inflace nov\u00fd m\u011bs\u00ed\u010dn\u00ed rekord a vzrostla o 7,7 procenta.<\/p>\n<p><span id=\"span-copy\">Datum vys\u00edl\u00e1n\u00ed 18. dubna 2023.<br \/>\n<\/span><\/div>\n<div><\/div>\n<div><\/div>\n<div>\n<img decoding=\"async\" loading=\"lazy\" class=\"wp-image-19187 aligncenter\" src=\"http:\/\/www.infokuryr.cz\/n\/wp-content\/uploads\/2022\/12\/1-PRO-300x36.jpg\" alt=\"\" width=\"1292\" height=\"155\" srcset=\"https:\/\/www.infokuryr.cz\/n\/wp-content\/uploads\/2022\/12\/1-PRO-300x36.jpg 300w, https:\/\/www.infokuryr.cz\/n\/wp-content\/uploads\/2022\/12\/1-PRO.jpg 699w\" sizes=\"(max-width: 1292px) 100vw, 1292px\" \/><\/div>\n<div><\/div>\n<div><\/div>\n","protected":false},"excerpt":{"rendered":"<p>Hospod\u00e1\u0159sk\u00e1 krize p\u0159ipravila mnoho argentinsk\u00fdch obyvatel o pr\u00e1ci: nyn\u00ed mus\u00ed sb\u00edrat odpadky ze skl\u00e1dek a&#8230;<\/p>\n","protected":false},"author":2,"featured_media":26510,"comment_status":"closed","ping_status":"closed","sticky":false,"template":"","format":"standard","meta":[],"categories":[7],"tags":[756,683,371,3080],"_links":{"self":[{"href":"https:\/\/www.infokuryr.cz\/n\/wp-json\/wp\/v2\/posts\/26509"}],"collection":[{"href":"https:\/\/www.infokuryr.cz\/n\/wp-json\/wp\/v2\/posts"}],"about":[{"href":"https:\/\/www.infokuryr.cz\/n\/wp-json\/wp\/v2\/types\/post"}],"author":[{"embeddable":true,"href":"https:\/\/www.infokuryr.cz\/n\/wp-json\/wp\/v2\/users\/2"}],"replies":[{"embeddable":true,"href":"https:\/\/www.infokuryr.cz\/n\/wp-json\/wp\/v2\/comments?post=26509"}],"version-history":[{"count":0,"href":"https:\/\/www.infokuryr.cz\/n\/wp-json\/wp\/v2\/posts\/26509\/revisions"}],"wp:featuredmedia":[{"embeddable":true,"href":"https:\/\/www.infokuryr.cz\/n\/wp-json\/wp\/v2\/media\/26510"}],"wp:attachment":[{"href":"https:\/\/www.infokuryr.cz\/n\/wp-json\/wp\/v2\/media?parent=26509"}],"wp:term":[{"taxonomy":"category","embeddable":true,"href":"https:\/\/www.infokuryr.cz\/n\/wp-json\/wp\/v2\/categories?post=26509"},{"taxonomy":"post_tag","embeddable":true,"href":"https:\/\/www.infokuryr.cz\/n\/wp-json\/wp\/v2\/tags?post=26509"}],"curies":[{"name":"wp","href":"https:\/\/api.w.org\/{rel}","templated":true}]}}