{"id":26506,"date":"2023-04-19T04:51:46","date_gmt":"2023-04-19T02:51:46","guid":{"rendered":"http:\/\/www.infokuryr.cz\/n\/?p=26506"},"modified":"2023-04-19T04:51:46","modified_gmt":"2023-04-19T02:51:46","slug":"proc-vysoce-postaveni-americti-urednici-mluvi-o-cine-kdyz-jedou-do-argentiny","status":"publish","type":"post","link":"https:\/\/www.infokuryr.cz\/n\/2023\/04\/19\/proc-vysoce-postaveni-americti-urednici-mluvi-o-cine-kdyz-jedou-do-argentiny\/","title":{"rendered":"Pro\u010d vysoce postaven\u00ed ameri\u010dt\u00ed \u00fa\u0159edn\u00edci mluv\u00ed o \u010c\u00edn\u011b, kdy\u017e jedou do Argentiny?"},"content":{"rendered":"<div id=\"fb-root\"><\/div>\n<p data-spm-anchor-id=\"C01140752918.Pq1poEUXqS9i.0.i1\">\u201eVelitelka americk\u00e9ho ji\u017en\u00edho velitelstv\u00ed Laura Richardsonov\u00e1 vedla rozhovory s argentinsk\u00fdmi \u00fa\u0159edn\u00edky o vlivu \u010c\u00edny v latinskoamerick\u00e9m regionu.\u201c Argentinsk\u00e1 m\u00e9dia 17. dubna m\u00edstn\u00edho \u010dasu komentovala jedn\u00e1n\u00ed mezi USA a Argentinou, kter\u00e1 se konala t\u00e9ho\u017e dne. D\u0159\u00edve druh\u00e1 nejv\u00fdznamn\u011bj\u0161\u00ed osobnost ministerstva zahrani\u010d\u00ed USA a v\u00fdkonn\u00e1 n\u00e1m\u011bstkyn\u011b ministra zahrani\u010d\u00ed Wendy Shermanov\u00e1 nav\u0161t\u00edvila Buenos Aires a po\u017eadovala, aby Argentina \u201ebyla opatrn\u00e1\u201c p\u0159i rozvoji vztah\u016f s \u010c\u00ednou.<\/p>\n<p>\u201eSpojen\u00e9 st\u00e1ty se sna\u017e\u00ed oslabit vztah mezi \u010c\u00ednou a Argentinou,\u201c uvedl argentinsk\u00fd list \u201eP\u00e1gina 12\u201c, kdy\u017e komentoval c\u00edl \u010dast\u00fdch n\u00e1v\u0161t\u011bv americk\u00fdch \u00fa\u0159edn\u00edk\u016f v Argentin\u011b. M\u00e9dia tak\u00e9 zd\u016fraznila, \u017ee se zd\u00e1, \u017ee Spojen\u00e9 st\u00e1ty neust\u00e1le sleduj\u00ed \u010d\u00ednskou spolupr\u00e1ci v latinskoamerick\u00e9m regionu, zejm\u00e9na s Argentinou. A\u0165 u\u017e se jedn\u00e1 o 5G, stanici pro v\u00fdzkum hlubok\u00e9ho vesm\u00edru Neuqu\u00e9n nebo projekt jadern\u00e9 energie, norm\u00e1ln\u00ed spolupr\u00e1ce mezi \u010c\u00ednou a Argentinou je trnem v oku pro Spojen\u00e9 st\u00e1ty.<\/p>\n<p>Pro\u010d to USA d\u011blaj\u00ed? Podle anal\u00fdzy argentinsk\u00fdch sd\u011blovac\u00edch prost\u0159edk\u016f americk\u00fd prezident Joe Biden po p\u0159evzet\u00ed \u00fa\u0159adu pos\u00edlil politiku sv\u00e9ho p\u0159edch\u016fdce potla\u010dovat a omezovat \u010c\u00ednu a nen\u00ed ochoten vid\u011bt rozvoj \u010c\u00edny v Latinsk\u00e9 Americe ani glob\u00e1ln\u011b. Argentina je v\u00fdznamnou latinskoamerickou zem\u00ed. V posledn\u00edch letech se p\u0159\u00e1telsk\u00e1 spolupr\u00e1ce mezi \u010c\u00ednou a Argentinou neust\u00e1le prohlubuje. V \u00fanoru roku 2022 se Argentina stala prvn\u00ed v\u00fdznamnou latinskoamerickou zem\u00ed, kter\u00e1 se ofici\u00e1ln\u011b p\u0159ipojila k iniciativ\u011b P\u00e1smo a stezka. Jedn\u00e1 se o pragmatickou spolupr\u00e1ci se vz\u00e1jemn\u00fdm respektem a vz\u00e1jemn\u00fdm prosp\u011bchem mezi rozvojov\u00fdmi zem\u011bmi. V o\u010d\u00edch Spojen\u00fdch st\u00e1t\u016f v\u0161ak \u010d\u00ednsko-argentinsk\u00e1 spolupr\u00e1ce zpochyb\u0148uje jejich z\u00e1jmy a ohro\u017euje jejich hegemonii, tak\u017ee se uch\u00fdlily ke v\u0161em prost\u0159edk\u016fm, aby j\u00ed br\u00e1nily.<\/p>\n<p>\u201eSpojen\u00e9 st\u00e1ty nest\u00e1hly n\u016f\u017e, kter\u00fd dr\u017e\u00ed Argentin\u011b na krku.\u201c Koment\u00e1\u0159 argentinsk\u00fdch m\u00e9di\u00ed odhaluje dal\u0161\u00ed d\u016fvod: Monroeova doktr\u00edna st\u00e1le funguje. Pot\u00e9, co Spojen\u00e9 st\u00e1ty p\u0159edlo\u017eily v roce 1823 Monroeovu doktr\u00ednu, n\u00e1sil\u00edm klasifikovaly Latinskou Ameriku jako vlastn\u00ed dvorek a neumo\u017enily j\u00ed nez\u00e1visle komunikovat s ciz\u00edmi zem\u011bmi. V listopadu roku 2013 John Kerry, tehdej\u0161\u00ed americk\u00fd ministr zahrani\u010d\u00ed, ve sv\u00e9m projevu v Organizaci americk\u00fdch st\u00e1t\u016f uvedl, \u017ee \u201e\u00e9ra Monroeovy doktr\u00edny skon\u010dila\u201c. Ale uplynulo t\u00e9m\u011b\u0159 deset let a fakta lidem \u0159\u00edkaj\u00ed, \u017ee Spojen\u00e9 st\u00e1ty se st\u00e1le sna\u017e\u00ed ovl\u00e1dat latinskoamerick\u00fd region, kter\u00fd se tak stal jejich \u201ecentrem dod\u00e1vek surovin\u201c, \u201etrhem pro jejich produkty\u201c a \u201ekulturn\u00ed koloni\u00ed\u201c.<\/p>\n<p data-spm-anchor-id=\"C01140752918.Pq1poEUXqS9i.0.i2\">Tentokr\u00e1t je ale situace jin\u00e1 ne\u017e v minulosti. Latinskoamerick\u00e9 zem\u011b tou\u017e\u00ed po jednot\u011b, spolupr\u00e1ci a rozvoji a hlasy pro nez\u00e1vislost a autonomii jsou st\u00e1le siln\u011bj\u0161\u00ed. V \u010dervnu minul\u00e9ho roku byl 9. Summit Ameriky organizovan\u00fd Spojen\u00fdmi st\u00e1ty \u0161iroce bojkotov\u00e1n latinskoamerick\u00fdmi zem\u011bmi, co\u017e z n\u011bj ud\u011blalo summit s nejni\u017e\u0161\u00ed \u00fa\u010dast\u00ed mezi l\u00eddry. V lednu tohoto roku zve\u0159ejnil 7. Summit Spole\u010denstv\u00ed latinskoamerick\u00fdch a karibsk\u00fdch st\u00e1t\u016f Deklaraci z Buenos Aires, kter\u00e1 dos\u00e1hla konsenzu na pevn\u00e9m boji proti zahrani\u010dn\u00edmu vm\u011b\u0161ov\u00e1n\u00ed a hegemonismu.<\/p>\n<p>Na konci 19. stolet\u00ed b\u00fdval\u00fd mexick\u00fd prezident Porfirio D\u00edaz \u0159ekl, \u017ee jeho zem\u011b je \u201ep\u0159\u00edli\u0161 daleko od nebe a p\u0159\u00edli\u0161 bl\u00edzko Spojen\u00fdm st\u00e1t\u016fm.\u201c To, co se dnes d\u011bje v regionu Latinsk\u00e9 Ameriky, potvrzuje n\u00e1zor argentinsk\u00fdch m\u00e9di\u00ed: \u201eV sou\u010dasn\u00e9 dob\u011b, kdy zem\u011b rozv\u00edjej\u00edc\u00edch se trh\u016f usiluj\u00ed o rozvoj, m\u016f\u017ee Latinsk\u00e1 Amerika zm\u011bnit historick\u00fd osud, \u017ee je p\u0159\u00edli\u0161 bl\u00edzko Spojen\u00fdm st\u00e1t\u016fm.\u201c<\/p>\n<p><img decoding=\"async\" loading=\"lazy\" class=\"alignnone size-full wp-image-1185\" src=\"http:\/\/www.infokuryr.cz\/n\/wp-content\/uploads\/2021\/04\/kuryr-podpis.png\" alt=\"\" width=\"84\" height=\"24\" \/><\/p>\n<p>&nbsp;<\/p>\n<p><img decoding=\"async\" loading=\"lazy\" class=\"wp-image-19187 aligncenter\" src=\"http:\/\/www.infokuryr.cz\/n\/wp-content\/uploads\/2022\/12\/1-PRO-300x36.jpg\" alt=\"\" width=\"1300\" height=\"156\" srcset=\"https:\/\/www.infokuryr.cz\/n\/wp-content\/uploads\/2022\/12\/1-PRO-300x36.jpg 300w, https:\/\/www.infokuryr.cz\/n\/wp-content\/uploads\/2022\/12\/1-PRO.jpg 699w\" sizes=\"(max-width: 1300px) 100vw, 1300px\" \/><\/p>\n<p>&nbsp;<\/p>\n<p>&nbsp;<\/p>\n","protected":false},"excerpt":{"rendered":"<p>\u201eVelitelka americk\u00e9ho ji\u017en\u00edho velitelstv\u00ed Laura Richardsonov\u00e1 vedla rozhovory s argentinsk\u00fdmi \u00fa\u0159edn\u00edky o vlivu \u010c\u00edny v&#8230;<\/p>\n","protected":false},"author":2,"featured_media":22651,"comment_status":"closed","ping_status":"closed","sticky":false,"template":"","format":"standard","meta":[],"categories":[7],"tags":[756,29,37,814],"_links":{"self":[{"href":"https:\/\/www.infokuryr.cz\/n\/wp-json\/wp\/v2\/posts\/26506"}],"collection":[{"href":"https:\/\/www.infokuryr.cz\/n\/wp-json\/wp\/v2\/posts"}],"about":[{"href":"https:\/\/www.infokuryr.cz\/n\/wp-json\/wp\/v2\/types\/post"}],"author":[{"embeddable":true,"href":"https:\/\/www.infokuryr.cz\/n\/wp-json\/wp\/v2\/users\/2"}],"replies":[{"embeddable":true,"href":"https:\/\/www.infokuryr.cz\/n\/wp-json\/wp\/v2\/comments?post=26506"}],"version-history":[{"count":0,"href":"https:\/\/www.infokuryr.cz\/n\/wp-json\/wp\/v2\/posts\/26506\/revisions"}],"wp:featuredmedia":[{"embeddable":true,"href":"https:\/\/www.infokuryr.cz\/n\/wp-json\/wp\/v2\/media\/22651"}],"wp:attachment":[{"href":"https:\/\/www.infokuryr.cz\/n\/wp-json\/wp\/v2\/media?parent=26506"}],"wp:term":[{"taxonomy":"category","embeddable":true,"href":"https:\/\/www.infokuryr.cz\/n\/wp-json\/wp\/v2\/categories?post=26506"},{"taxonomy":"post_tag","embeddable":true,"href":"https:\/\/www.infokuryr.cz\/n\/wp-json\/wp\/v2\/tags?post=26506"}],"curies":[{"name":"wp","href":"https:\/\/api.w.org\/{rel}","templated":true}]}}