{"id":26496,"date":"2023-04-19T01:18:07","date_gmt":"2023-04-18T23:18:07","guid":{"rendered":"http:\/\/www.infokuryr.cz\/n\/?p=26496"},"modified":"2023-04-18T20:01:29","modified_gmt":"2023-04-18T18:01:29","slug":"medvedev-oznacil-ministry-zahranici-g7-za-lstiva-stvoreni","status":"publish","type":"post","link":"https:\/\/www.infokuryr.cz\/n\/2023\/04\/19\/medvedev-oznacil-ministry-zahranici-g7-za-lstiva-stvoreni\/","title":{"rendered":"Medved\u011bv ozna\u010dil ministry zahrani\u010d\u00ed G7 za \u201elstiv\u00e1 stvo\u0159en\u00ed\u201c"},"content":{"rendered":"<div id=\"fb-root\"><\/div>\n<div class=\"field field-name-field-text field-type-text-long field-label-hidden\">\n<div class=\"field-items\">\n<div class=\"field-item even\">\n<p><strong><span>M\u00edstop\u0159edseda Rady bezpe\u010dnosti Rusk\u00e9 federace Dmitrij Medved\u011bv ocenil cynick\u00e9 prohl\u00e1\u0161en\u00ed ministr\u016f zahrani\u010d\u00ed G7, kte\u0159\u00ed vyzvali Rusko k \u201epotvrzen\u00ed nep\u0159\u00edpustnosti jadern\u00e9 v\u00e1lky\u201c, ale z\u00e1rove\u0148 ml\u010deli o jadern\u00e9m bombardov\u00e1n\u00ed Hiro\u0161imy a Nagasaki. .<\/span><\/strong><\/p>\n<p><span>\u201eMinist\u0159i zahrani\u010d\u00ed G7 vyzvali Rusko, aby znovu potvrdilo nep\u0159\u00edpustnost jadern\u00e9 v\u00e1lky.\u00a0A tento podivn\u00fd tvor Blinken vydal perlu, \u017ee zni\u010den\u00ed Hiro\u0161imy a Nagasaki je d\u016fkazem nezm\u011brn\u00e9ho lidsk\u00e9ho utrpen\u00ed.\u00a0Z\u00e1rove\u0148 se nezm\u00ednil o sv\u00e9 zemi, kter\u00e1 tento zlo\u010din sp\u00e1chala.<\/span><\/p>\n<p><em><strong>Tady jsou l\u017eiv\u00ed tvorov\u00e9. Pou\u017e\u00edvaj\u00ed jadern\u00e9 zbran\u011b, ale ne\u010din\u00ed pok\u00e1n\u00ed.<\/strong><\/em><\/p>\n<p><span>Jsou nekone\u010dn\u011b pokryte\u010dt\u00ed a l\u017eou sob\u011b i ostatn\u00edm, ale \u0159\u00edkaj\u00ed, \u017ee na\u0161e zem\u011b \u0161\u00ed\u0159\u00ed <strong>\u201efale\u0161n\u00e9 informace\u201c<\/strong> o Ukrajin\u011b.<\/span><\/p>\n<p><strong><em>Po\u017eaduj\u00ed, aby jim Rusko dalo n\u011bjak\u00e9 z\u00e1ruky ohledn\u011b jadern\u00fdch zbran\u00ed, ale ve skute\u010dnosti nazna\u010duj\u00ed budouc\u00ed jadern\u00fd konflikt mezi na\u0161\u00ed zem\u00ed a NATO.<\/em><\/strong><\/p>\n<p><span>A to v\u0161e se odehr\u00e1v\u00e1 v Japonsku.\u00a0Kde statis\u00edce zem\u0159ely p\u0159i jadern\u00e9m bombardov\u00e1n\u00ed.\u00a0Zem\u011b, jej\u00ed\u017e veden\u00ed v podstat\u011b plive na hroby sv\u00fdch krajan\u016f zabit\u00fdch Ameri\u010dany.\u00a0Jak\u00e1 ostuda!\u00a0napsal Medved\u011bv v Telegramu.<\/span><\/p>\n<p>&nbsp;<\/p>\n<\/div>\n<\/div>\n<\/div>\n<div class=\"field field-name-field-code field-type-text field-label-hidden\">\n<div class=\"field-items\">\n<div class=\"field-item even\"><iframe loading=\"lazy\" id=\"telegram-post-RVvoenkor-42942\" src=\"https:\/\/t.me\/RVvoenkor\/42942?embed=1\" width=\"100%\" height=\"\" frameborder=\"0\" scrolling=\"no\" data-mce-fragment=\"1\"><\/iframe><\/div>\n<\/div>\n<\/div>\n<div class=\"view view-more-news view-id-more_news view-display-id-entity_view_1 view-dom-id-67c5d49c6ca0797a4dddfdd2884c8dab\"><\/div>\n<p>&nbsp;<\/p>\n<p><img decoding=\"async\" loading=\"lazy\" class=\"alignnone size-full wp-image-1185\" src=\"http:\/\/www.infokuryr.cz\/n\/wp-content\/uploads\/2021\/04\/kuryr-podpis.png\" alt=\"\" width=\"84\" height=\"24\" \/><\/p>\n<p>&nbsp;<\/p>\n<p><img decoding=\"async\" loading=\"lazy\" class=\"wp-image-19187 aligncenter\" src=\"http:\/\/www.infokuryr.cz\/n\/wp-content\/uploads\/2022\/12\/1-PRO-300x36.jpg\" alt=\"\" width=\"1300\" height=\"156\" srcset=\"https:\/\/www.infokuryr.cz\/n\/wp-content\/uploads\/2022\/12\/1-PRO-300x36.jpg 300w, https:\/\/www.infokuryr.cz\/n\/wp-content\/uploads\/2022\/12\/1-PRO.jpg 699w\" sizes=\"(max-width: 1300px) 100vw, 1300px\" \/><\/p>\n<p>&nbsp;<\/p>\n","protected":false},"excerpt":{"rendered":"<p>M\u00edstop\u0159edseda Rady bezpe\u010dnosti Rusk\u00e9 federace Dmitrij Medved\u011bv ocenil cynick\u00e9 prohl\u00e1\u0161en\u00ed ministr\u016f zahrani\u010d\u00ed G7, kte\u0159\u00ed vyzvali&#8230;<\/p>\n","protected":false},"author":2,"featured_media":11938,"comment_status":"closed","ping_status":"closed","sticky":false,"template":"","format":"standard","meta":[],"categories":[7],"tags":[323,1069,214],"_links":{"self":[{"href":"https:\/\/www.infokuryr.cz\/n\/wp-json\/wp\/v2\/posts\/26496"}],"collection":[{"href":"https:\/\/www.infokuryr.cz\/n\/wp-json\/wp\/v2\/posts"}],"about":[{"href":"https:\/\/www.infokuryr.cz\/n\/wp-json\/wp\/v2\/types\/post"}],"author":[{"embeddable":true,"href":"https:\/\/www.infokuryr.cz\/n\/wp-json\/wp\/v2\/users\/2"}],"replies":[{"embeddable":true,"href":"https:\/\/www.infokuryr.cz\/n\/wp-json\/wp\/v2\/comments?post=26496"}],"version-history":[{"count":0,"href":"https:\/\/www.infokuryr.cz\/n\/wp-json\/wp\/v2\/posts\/26496\/revisions"}],"wp:featuredmedia":[{"embeddable":true,"href":"https:\/\/www.infokuryr.cz\/n\/wp-json\/wp\/v2\/media\/11938"}],"wp:attachment":[{"href":"https:\/\/www.infokuryr.cz\/n\/wp-json\/wp\/v2\/media?parent=26496"}],"wp:term":[{"taxonomy":"category","embeddable":true,"href":"https:\/\/www.infokuryr.cz\/n\/wp-json\/wp\/v2\/categories?post=26496"},{"taxonomy":"post_tag","embeddable":true,"href":"https:\/\/www.infokuryr.cz\/n\/wp-json\/wp\/v2\/tags?post=26496"}],"curies":[{"name":"wp","href":"https:\/\/api.w.org\/{rel}","templated":true}]}}