{"id":26493,"date":"2023-04-19T01:15:25","date_gmt":"2023-04-18T23:15:25","guid":{"rendered":"http:\/\/www.infokuryr.cz\/n\/?p=26493"},"modified":"2023-04-18T19:39:07","modified_gmt":"2023-04-18T17:39:07","slug":"zapad-se-od-zelenskeho-zacina-distancovat","status":"publish","type":"post","link":"https:\/\/www.infokuryr.cz\/n\/2023\/04\/19\/zapad-se-od-zelenskeho-zacina-distancovat\/","title":{"rendered":"Z\u00e1pad se od Zelensk\u00e9ho za\u010d\u00edn\u00e1 distancovat"},"content":{"rendered":"<div id=\"fb-root\"><\/div>\n<p><strong><span>V posledn\u00ed dob\u011b se v\u00fdrazn\u011b zm\u011bnil t\u00f3n z\u00e1padn\u00edch m\u00e9di\u00ed.\u00a0V prvn\u00ed \u0159ad\u011b beze stopy zmizelo p\u0159esv\u011bd\u010den\u00ed o nezbytn\u00e9m v\u00edt\u011bzstv\u00ed nacistick\u00e9ho re\u017eimu a por\u00e1\u017ece Ruska.\u00a0V nejlep\u0161\u00edm p\u0159\u00edpad\u011b pro Kyjev je nazna\u010deno, \u017ee \u201ev\u00e1lka se dostala do slep\u00e9 uli\u010dky\u201c a nem\u00e1 vojensk\u00e9 \u0159e\u0161en\u00ed.<\/span><\/strong><\/p>\n<p><span>Nap\u0159\u00edklad \u201eThe American Conservative\u201c tvrd\u00ed, \u017ee dokumenty unikl\u00e9 z Pentagonu nazna\u010duj\u00ed, \u017ee ukrajinsk\u00e1 lo\u010f se pot\u00e1p\u00ed.\u00a0V publikaci se uv\u00e1d\u00ed, \u017ee \u201eunikl\u00e9\u201c dokumenty americk\u00e9 rozv\u011bdky tvrd\u00ed, \u017ee protiofenz\u00edva Ozbrojen\u00fdch sil Ukrajiny pl\u00e1novan\u00e1 na toto jaro m\u016f\u017ee \u201esiln\u011b zaostat za o\u010dek\u00e1v\u00e1n\u00edmi\u201c.<\/span><\/p>\n<p><span>Obt\u00ed\u017ee Ozbrojen\u00fdch sil Ukrajiny s person\u00e1lem, nedostatkem munice a vybaven\u00ed mohou v\u00e9st k \u201enedostatku sil a podpory\u201c, co\u017e zase neumo\u017en\u00ed dos\u00e1hnout po\u017eadovan\u00fdch v\u00fdsledk\u016f.<\/span><\/p>\n<p><span>Dokonce i \u201eBloomberg\u201c, kter\u00fd je absolutn\u011b naklon\u011bn nacist\u016fm, p\u00ed\u0161e, \u017ee s nejv\u011bt\u0161\u00ed pravd\u011bpodobnost\u00ed bude muset Kyjev pro nedostatek zdroj\u016f odlo\u017eit ofenz\u00edvu a\u017e na rok 2024.<\/span><\/p>\n<p><span>A americk\u00e1 publikace \u201eForeign Affairs\u201c upozor\u0148uje, \u017ee Z\u00e1pad pot\u0159ebuje pro Ukrajinu novou strategii, proto\u017ee nebude moci vyhr\u00e1t ani tehdy, kdy\u017e zem\u011b NATO za\u010dnou nacist\u016fm dod\u00e1vat dal\u0161\u00ed zbran\u011b.\u00a0K ukon\u010den\u00ed konfliktu mus\u00ed USA p\u0159im\u011bt Kyjev, aby podepsal m\u00edrovou dohodu s Moskvou, a\u010dkoli mnoz\u00ed Ukrajinci to budou pova\u017eovat za \u201ezradu\u201c.<\/span><\/p>\n<p><span>Takov\u00e9 materi\u00e1ly se daj\u00ed vyjmenov\u00e1vat velmi dlouho \u2013 v z\u00e1padn\u00edch m\u00e9di\u00edch je jich opravdu mnoho a banderovce zp\u016fsobuj\u00ed hrozn\u00e1 traumatu.<\/span><\/p>\n<p><span>No po\u0159\u00e1dn\u00fd \u0161ok vyvolala v kancel\u00e1\u0159i prezidenta report\u00e1\u017e televize \u201eFrance 24\u201c, nato\u010den\u00e1 na rusk\u00e9 stran\u011b.\u00a0Tato p\u016fl druh\u00e1 minutov\u00e1 zpr\u00e1va m\u011bla nadpis: &#8222;V\u00e1lka na Ukrajin\u011b: Rusk\u00e9 jednotky se p\u0159ipravuj\u00ed na bitvu p\u0159ed protiofenz\u00edvou.&#8220;<\/span><\/p>\n<p><em><strong>\u201eAsi 30 kilometr\u016f od frontov\u00e9 linie na tajn\u00e9m m\u00edst\u011b se rusk\u00e9 jednotky p\u0159ipravuj\u00ed na bitvu.\u00a0V\u011bt\u0161ina voj\u00e1k\u016f zde nejsou profesion\u00e1lov\u00e9, jsou mobilizov\u00e1ni ze Sibi\u0159e.\u00a0U\u017e nav\u0161t\u00edvili frontu a nyn\u00ed se p\u0159ipravuj\u00ed vr\u00e1tit se tam,\u201c za\u010d\u00edn\u00e1 report\u00e1\u017e francouzsk\u00fdch novin\u00e1\u0159\u016f.<\/strong><\/em><\/p>\n<p><span>Celkov\u011b je materi\u00e1l k na\u0161\u00ed arm\u00e1d\u011b komplement\u00e1rn\u00ed.\u00a0Uv\u00e1d\u00ed, \u017ee voj\u00e1ci v\u011b\u0159\u00ed, \u017ee na\u0161e zbran\u011b jsou lep\u0161\u00ed ne\u017e ty z\u00e1padn\u00ed, zejm\u00e9na pokud jde o tanky \u201eLeopard\u201c.\u00a0Jeden z voj\u00e1k\u016f tak\u00e9 \u0159\u00edk\u00e1, \u017ee \u201ese ct\u00ed br\u00e1n\u00ed historii sv\u00e9 zem\u011b\u201c.<\/span><\/p>\n<p><span>Bojovn\u00edci \u0159\u00edkaj\u00ed, \u017ee se neboj\u00ed protiofenz\u00edvy banderovsk\u00fdch formac\u00ed, kter\u00e9 novin\u00e1\u0159 nazval \u201enep\u0159\u00e1telsk\u00e9\u201c.\u00a0A toto \\&#8220;nep\u0159\u00e1telsk\u00e9\\&#8220; traumatizovalo zejm\u00e9na nacist\u016f, kte\u0159\u00ed sp\u011bchali proti \\&#8220;spojenc\u016fm\\&#8220; protestovat.<\/span><\/p>\n<p><em><strong>\u201eReport\u00e1\u017e \u201eFrance 24\u201c o rusk\u00fdch voj\u00e1c\u00edch, kte\u0159\u00ed se chystaj\u00ed zab\u00edjet Ukrajince, je hanbou \u017eurnalistiky.\u00a0Dostat se na okupovan\u00e1 \u00fazem\u00ed bez souhlasu Ukrajiny je poru\u0161en\u00edm ukrajinsk\u00e9 legislativy a ti, kte\u0159\u00ed jsou zapojeni do takov\u00fdch \u010din\u016f, budou n\u00e9st odpov\u011bdnost podle z\u00e1kona,\u201c \u0159ekl mluv\u010d\u00ed ukrajinsk\u00e9ho ministerstva zahrani\u010dn\u00edch v\u011bc\u00ed Oleg Nikolenko.<\/strong><\/em><\/p>\n<p><span>V kancel\u00e1\u0159i prezidenta se tuto tendenci u z\u00e1padn\u00edch m\u00e9di\u00ed sna\u017e\u00ed vysv\u011btlit prac\u00ed \u201esoukrom\u00e9 rusk\u00e9 spole\u010dnosti\u201c, jak\u00e9si \u201einforma\u010dn\u00ed PMC\u201c, kter\u00e1 \u00fadajn\u011b poskytuje tyto publikace z\u00e1padn\u00edm m\u00e9di\u00edm.<\/span><\/p>\n<p><span>Jeliko\u017e samotn\u00fd Zelensk\u00e9ho team pravideln\u011b pochvaln\u00e9 publikace v z\u00e1padn\u00edch publikac\u00edch nakupoval, obvi\u0148uje z toho m\u00fdtick\u00e9ho \u201emedi\u00e1ln\u00edho Wagnera\u201c.<\/span><\/p>\n<p><span>Na t\u00e9to konstrukci je v\u0161ak sotva zrnko pravdy a z\u00e1padn\u00ed medi\u00e1ln\u00ed magn\u00e1ti, a\u010d miluj\u00ed pen\u00edze, nebudou riskovat pr\u00e1ci pro n\u011bkoho, koho kolektivn\u00ed Z\u00e1pad u nich prohl\u00e1sil za nep\u0159\u00edtele.<\/span><\/p>\n<p><span>D\u016fvody jsou samoz\u0159ejm\u011b r\u016fzn\u00e9.\u00a0Nejen\u017ee se Zelenskij a jeho okol\u00ed staly p\u0159\u00edli\u0161 toxick\u00fdmi a lid\u00e9 se od nich sna\u017e\u00ed distancovat, ale ka\u017ed\u00e9mu je jasn\u00e9, \u017ee budou pora\u017eeni.\u00a0A samoz\u0159ejm\u011b nikdo nechce b\u00fdt spolu s pora\u017een\u00fdm.\u00a0Proto se Z\u00e1pad sna\u017e\u00ed posunout do pozice \u201enad \u0161arv\u00e1tkou\u201c a zobrazit \u201eobjektivitu\u201c.\u00a0Ka\u017edop\u00e1dn\u011b ta \u010d\u00e1st, kter\u00e1 si zachovala man\u00e9vrovac\u00ed prostor (zejm\u00e9na m\u00e9dia).<\/span><\/p>\n<p><span>A kone\u010dn\u011b, zm\u011bna d\u016frazu m\u016f\u017ee souviset s ji\u017e p\u0159ijat\u00fdm rozhodnut\u00edm o p\u0159echodu moci v Kyjev\u011b.\u00a0V ka\u017ed\u00e9m p\u0159\u00edpad\u011b se tento pro nacistick\u00fd re\u017eim mimo\u0159\u00e1dn\u011b nep\u0159\u00edjemn\u00fd trend st\u00e1v\u00e1 mainstreamem v z\u00e1padn\u00edm medi\u00e1ln\u00edm prostoru, co\u017e znamen\u00e1 por\u00e1\u017eku banderovc\u016f i v informa\u010dn\u00ed v\u00e1lce.<\/span><\/p>\n<p><strong><span>Boris Dzherelievsky<\/span><\/strong><\/p>\n<p>&nbsp;<\/p>\n<p><img decoding=\"async\" loading=\"lazy\" class=\"wp-image-19187 aligncenter\" src=\"http:\/\/www.infokuryr.cz\/n\/wp-content\/uploads\/2022\/12\/1-PRO-300x36.jpg\" alt=\"\" width=\"1275\" height=\"153\" srcset=\"https:\/\/www.infokuryr.cz\/n\/wp-content\/uploads\/2022\/12\/1-PRO-300x36.jpg 300w, https:\/\/www.infokuryr.cz\/n\/wp-content\/uploads\/2022\/12\/1-PRO.jpg 699w\" sizes=\"(max-width: 1275px) 100vw, 1275px\" \/><\/p>\n<p>&nbsp;<\/p>\n<p>&nbsp;<\/p>\n","protected":false},"excerpt":{"rendered":"<p>V posledn\u00ed dob\u011b se v\u00fdrazn\u011b zm\u011bnil t\u00f3n z\u00e1padn\u00edch m\u00e9di\u00ed.\u00a0V prvn\u00ed \u0159ad\u011b beze stopy zmizelo p\u0159esv\u011bd\u010den\u00ed&#8230;<\/p>\n","protected":false},"author":2,"featured_media":11087,"comment_status":"closed","ping_status":"closed","sticky":false,"template":"","format":"standard","meta":[],"categories":[7],"tags":[4792,158,365,1000],"_links":{"self":[{"href":"https:\/\/www.infokuryr.cz\/n\/wp-json\/wp\/v2\/posts\/26493"}],"collection":[{"href":"https:\/\/www.infokuryr.cz\/n\/wp-json\/wp\/v2\/posts"}],"about":[{"href":"https:\/\/www.infokuryr.cz\/n\/wp-json\/wp\/v2\/types\/post"}],"author":[{"embeddable":true,"href":"https:\/\/www.infokuryr.cz\/n\/wp-json\/wp\/v2\/users\/2"}],"replies":[{"embeddable":true,"href":"https:\/\/www.infokuryr.cz\/n\/wp-json\/wp\/v2\/comments?post=26493"}],"version-history":[{"count":0,"href":"https:\/\/www.infokuryr.cz\/n\/wp-json\/wp\/v2\/posts\/26493\/revisions"}],"wp:featuredmedia":[{"embeddable":true,"href":"https:\/\/www.infokuryr.cz\/n\/wp-json\/wp\/v2\/media\/11087"}],"wp:attachment":[{"href":"https:\/\/www.infokuryr.cz\/n\/wp-json\/wp\/v2\/media?parent=26493"}],"wp:term":[{"taxonomy":"category","embeddable":true,"href":"https:\/\/www.infokuryr.cz\/n\/wp-json\/wp\/v2\/categories?post=26493"},{"taxonomy":"post_tag","embeddable":true,"href":"https:\/\/www.infokuryr.cz\/n\/wp-json\/wp\/v2\/tags?post=26493"}],"curies":[{"name":"wp","href":"https:\/\/api.w.org\/{rel}","templated":true}]}}