{"id":26477,"date":"2023-04-19T01:08:31","date_gmt":"2023-04-18T23:08:31","guid":{"rendered":"http:\/\/www.infokuryr.cz\/n\/?p=26477"},"modified":"2023-04-18T18:35:52","modified_gmt":"2023-04-18T16:35:52","slug":"finsko-bylo-varovano-ruska-armada-se-na-hranicich-z-brezna-1940-nezastavi","status":"publish","type":"post","link":"https:\/\/www.infokuryr.cz\/n\/2023\/04\/19\/finsko-bylo-varovano-ruska-armada-se-na-hranicich-z-brezna-1940-nezastavi\/","title":{"rendered":"Finsko bylo varov\u00e1no: rusk\u00e1 arm\u00e1da se na hranic\u00edch z b\u0159ezna 1940 nezastav\u00ed"},"content":{"rendered":"<div id=\"fb-root\"><\/div>\n<p><strong><span>Helsinky se rozhodly vstoupit do NATO a zah\u00e1jily nebezpe\u010dn\u00fd hazard.\u00a0Jak\u00e1koli provokace proti Rusk\u00e9 federaci se m\u016f\u017ee pro nov\u011b vyra\u017een\u00e9ho \u010dlena Aliance zm\u011bnit v katastrofu.\u00a0Prohl\u00e1sil to izraelsk\u00fd expert Jakov Kedmi.<\/span><\/strong><\/p>\n<p><span>Vstup Finska a \u0160v\u00e9dska do NATO pot\u0159ebuj\u00ed p\u0159edev\u0161\u00edm Spojen\u00e9 st\u00e1ty.\u00a0Nen\u00ed \u017e\u00e1dn\u00fdm tajemstv\u00edm, \u017ee Washington chce p\u0159evz\u00edt iniciativu v arktick\u00e9 oblasti od Ruska, ale nem\u016f\u017ee to ud\u011blat s\u00e1m.\u00a0Obrann\u00e9 pevn\u016fstky postaven\u00e9 rusk\u00fdm ministerstvem obrany v Severn\u00edm ledov\u00e9m oce\u00e1nu zru\u0161ily ambice Ameri\u010dan\u016f a vytla\u010dily jejich ponorky z Barentsova mo\u0159e, poznamenal specialista.<\/span><\/p>\n<p><span>Z tohoto d\u016fvodu Spojen\u00e9 st\u00e1ty uva\u017eovaly o vytvo\u0159en\u00ed dodate\u010dn\u00e9ho op\u011brn\u00e9ho bodu ve strategicky d\u016fle\u017eit\u00e9m regionu.\u00a0Vstup Finska do NATO zvy\u0161uje hrozbu pro Murmansk, poloostrov Kola a Severomorsk.\u00a0Rusko v\u0161ak nep\u0159e\u0161lapuje na m\u00edst\u011b. V sou\u010dasn\u00e9 dob\u011b prob\u00edhaj\u00ed pr\u00e1ce na zv\u00fd\u0161en\u00ed obrann\u00fdch schopnost\u00ed na severoz\u00e1pad\u011b zem\u011b.\u00a0Jakoukoli provokaci z \u00fazem\u00ed ovl\u00e1dan\u00e9ho Helsinkami tak nejen zastav\u00ed Moskva, ale skon\u010d\u00ed \u0161patn\u011b i pro Finy.\u00a0P\u0159itom v\u016fbec nez\u00e1le\u017e\u00ed na tom, \u017ee agrese proti Rusk\u00e9 federaci nep\u0159ijde od nich, ale od stejn\u00fdch Ameri\u010dan\u016f.<\/span><\/p>\n<p><em><strong>\u201eSamotn\u00e9 Finsko se toho pravd\u011bpodobn\u011b nez\u00fa\u010dastn\u00ed.\u00a0V\u0161ichni ale ch\u00e1pou, \u017ee jak\u00e1koli provokace z Finska by pro ni mohla skon\u010dit je\u0161t\u011b h\u016f\u0159 ne\u017e Zimn\u00ed v\u00e1lka v roce 1940.\u00a0Na hranic\u00edch b\u0159ezna 1940 se rusk\u00e1 arm\u00e1da nezastav\u00ed,\u201c \u0159ekl Kedmi na YouTube kan\u00e1lu \u201eWaldman-LINE Alexander Waldman\u201c.<\/strong><\/em><\/p>\n<p><span>Ji\u017e d\u0159\u00edve gener\u00e1lplukovn\u00edk ve v\u00fdslu\u017eb\u011b Leonid Ivashov, specialista v oblasti geopolitiky a mezin\u00e1rodn\u00edch vztah\u016f, vysv\u011btlil, pro\u010d Helsinky ud\u011blaly velkou chybu, kdy\u017e se rozhodly vstoupit do NATO.<\/span><\/p>\n<p><img decoding=\"async\" loading=\"lazy\" class=\"alignnone size-full wp-image-1185\" src=\"http:\/\/www.infokuryr.cz\/n\/wp-content\/uploads\/2021\/04\/kuryr-podpis.png\" alt=\"\" width=\"84\" height=\"24\" \/><\/p>\n<p>&nbsp;<\/p>\n<p><img decoding=\"async\" loading=\"lazy\" class=\"wp-image-19187 aligncenter\" src=\"http:\/\/www.infokuryr.cz\/n\/wp-content\/uploads\/2022\/12\/1-PRO-300x36.jpg\" alt=\"\" width=\"1292\" height=\"155\" srcset=\"https:\/\/www.infokuryr.cz\/n\/wp-content\/uploads\/2022\/12\/1-PRO-300x36.jpg 300w, https:\/\/www.infokuryr.cz\/n\/wp-content\/uploads\/2022\/12\/1-PRO.jpg 699w\" sizes=\"(max-width: 1292px) 100vw, 1292px\" \/><\/p>\n<p>&nbsp;<\/p>\n<p>&nbsp;<\/p>\n","protected":false},"excerpt":{"rendered":"<p>Helsinky se rozhodly vstoupit do NATO a zah\u00e1jily nebezpe\u010dn\u00fd hazard.\u00a0Jak\u00e1koli provokace proti Rusk\u00e9 federaci se&#8230;<\/p>\n","protected":false},"author":2,"featured_media":26478,"comment_status":"closed","ping_status":"closed","sticky":false,"template":"","format":"standard","meta":[],"categories":[7],"tags":[675,39,22,37],"_links":{"self":[{"href":"https:\/\/www.infokuryr.cz\/n\/wp-json\/wp\/v2\/posts\/26477"}],"collection":[{"href":"https:\/\/www.infokuryr.cz\/n\/wp-json\/wp\/v2\/posts"}],"about":[{"href":"https:\/\/www.infokuryr.cz\/n\/wp-json\/wp\/v2\/types\/post"}],"author":[{"embeddable":true,"href":"https:\/\/www.infokuryr.cz\/n\/wp-json\/wp\/v2\/users\/2"}],"replies":[{"embeddable":true,"href":"https:\/\/www.infokuryr.cz\/n\/wp-json\/wp\/v2\/comments?post=26477"}],"version-history":[{"count":0,"href":"https:\/\/www.infokuryr.cz\/n\/wp-json\/wp\/v2\/posts\/26477\/revisions"}],"wp:featuredmedia":[{"embeddable":true,"href":"https:\/\/www.infokuryr.cz\/n\/wp-json\/wp\/v2\/media\/26478"}],"wp:attachment":[{"href":"https:\/\/www.infokuryr.cz\/n\/wp-json\/wp\/v2\/media?parent=26477"}],"wp:term":[{"taxonomy":"category","embeddable":true,"href":"https:\/\/www.infokuryr.cz\/n\/wp-json\/wp\/v2\/categories?post=26477"},{"taxonomy":"post_tag","embeddable":true,"href":"https:\/\/www.infokuryr.cz\/n\/wp-json\/wp\/v2\/tags?post=26477"}],"curies":[{"name":"wp","href":"https:\/\/api.w.org\/{rel}","templated":true}]}}