{"id":26470,"date":"2023-04-19T01:04:23","date_gmt":"2023-04-18T23:04:23","guid":{"rendered":"http:\/\/www.infokuryr.cz\/n\/?p=26470"},"modified":"2023-04-18T18:10:07","modified_gmt":"2023-04-18T16:10:07","slug":"rusky-prezident-navstivil-velitelstvi-skupiny-vojsk-dnepr-na-chersonskem-smeru","status":"publish","type":"post","link":"https:\/\/www.infokuryr.cz\/n\/2023\/04\/19\/rusky-prezident-navstivil-velitelstvi-skupiny-vojsk-dnepr-na-chersonskem-smeru\/","title":{"rendered":"Rusk\u00fd prezident nav\u0161t\u00edvil velitelstv\u00ed skupiny vojsk Dn\u011bpr na chersonsk\u00e9m sm\u011bru"},"content":{"rendered":"<div id=\"fb-root\"><\/div>\n<p><strong>Prezident Ruska Vladimir Putin nav\u0161t\u00edvil \u0161t\u00e1b vojskov\u00e9 skupiny Dn\u011bpr na chersonsk\u00e9m sm\u011bru velitelstv\u00ed N\u00e1rodn\u00ed gardy Vostok v Luhansk\u00e9 lidov\u00e9 republice, kde vyslechl zpr\u00e1vy od gener\u00e1lplukovn\u00edk\u016f a dal\u0161\u00edch vy\u0161\u0161\u00edch d\u016fstojn\u00edk\u016f o situaci v tomto sm\u011bru, uv\u00e1d\u00ed tiskov\u00e1 slu\u017eba Kremlu<\/strong><\/p>\n<p>Putinovy pracovn\u00ed cesty na velitelstv\u00ed v chersonsk\u00e9m sm\u011bru a LLR nebyly p\u0159edem p\u0159ipravov\u00e1ny, uvedl Kreml.<\/p>\n<p>Prezident na sch\u016fzce na velitelstv\u00ed Dn\u011bpru po\u017e\u00e1dal voj\u00e1ky, aby vyj\u00e1d\u0159ili sv\u016fj n\u00e1zor na situaci v chersonsk\u00e9m a z\u00e1poro\u017esk\u00e9m sm\u011bru.<\/p>\n<p>\u201eNechci v\u00e1s vytrhovat z pln\u011bn\u00ed p\u0159\u00edm\u00fdch povinnost\u00ed spojen\u00fdch s \u0159\u00edzen\u00edm vojsk, a proto budeme jednat v\u011bcn\u011b, stru\u010dn\u011b, ale konkr\u00e9tn\u011b. Je pro m\u011b d\u016fle\u017eit\u00e9 vyslechnout v\u00e1\u0161 n\u00e1zor na to, jak se situace vyv\u00edj\u00ed, vyslechnout v\u00e1s a vym\u011bnit si informace,\u201c podotkl Putin.<\/p>\n<p>Hlava rusk\u00e9ho st\u00e1tu po\u017e\u00e1dal krom\u011b toho velitele vzdu\u0161n\u00fdch v\u00fdsadkov\u00fdch vojsk Michaila T\u011bplinsk\u00e9ho, aby vyslovil sv\u00e9 \u00favahy o situaci na front\u011b.<\/p>\n<p>\u201eV\u00edm, \u017ee na pokyn n\u00e1\u010deln\u00edka Gener\u00e1ln\u00edho \u0161t\u00e1bu a ministra obrany RF byl (T\u011bplinskij) dost dlouho na p\u0159edn\u00ed linii, p\u0159ipravil velmi zevrubnou zpr\u00e1vu, Ministerstvo obrany a Gener\u00e1ln\u00ed \u0161t\u00e1b to velmi vysoce ocenily,\u201c podotkl Putin.<\/p>\n<p>Prezident nav\u0161t\u00edvil tak\u00e9 \u0161t\u00e1b N\u00e1rodn\u00ed gardy V\u00fdchod v Luhansk\u00e9 lidov\u00e9 republice. Vyslechl tam hl\u00e1\u0161en\u00ed gener\u00e1lplukovn\u00edka Alexandra Lapina a jin\u00fdch vysok\u00fdch d\u016fstojn\u00edk\u016f o situaci na tomto sm\u011bru. Prezident RF p\u0159ilet\u011bl ke \u0161t\u00e1bu vojskov\u00e9 skupiny Dn\u011bpr vrtuln\u00edkem, pak jel autem na velitelsk\u00e9 stanovi\u0161t\u011b. Do \u0161t\u00e1bu skupiny V\u00fdchod p\u0159ilet\u011bl tak\u00e9 vrtuln\u00edkem.<\/p>\n<p>V polovin\u011b b\u0159ezna uspo\u0159\u00e1dal Putin poradu na velitelsk\u00e9m stanovi\u0161ti speci\u00e1ln\u00ed vojensk\u00e9 operace v Rostov\u011b na Donu a vyslechl hl\u00e1\u0161en\u00ed n\u00e1\u010deln\u00edka Gener\u00e1ln\u00edho \u0161t\u00e1bu OS RF Valerije Gerasimova a \u0159ady vojev\u016fdc\u016f. Ned\u00e1vno rusk\u00fd prezident nav\u0161t\u00edvil i Mariupol.<\/p>\n<p>Hovo\u0159il tam s vicepremi\u00e9rem Maratem Chusnullinem, kter\u00fd ho informoval o tom, jak prob\u00edhaj\u00ed pr\u00e1ce na obnoven\u00ed m\u011bsta a jeho okol\u00ed. Hlava rusk\u00e9ho st\u00e1tu m\u011bl tak\u00e9 sch\u016fzku s obyvateli m\u011bsta.<\/p>\n<p><img decoding=\"async\" loading=\"lazy\" class=\"alignnone size-full wp-image-1185\" src=\"http:\/\/www.infokuryr.cz\/n\/wp-content\/uploads\/2021\/04\/kuryr-podpis.png\" alt=\"\" width=\"84\" height=\"24\" \/><\/p>\n<p>&nbsp;<\/p>\n<p><img decoding=\"async\" loading=\"lazy\" class=\"wp-image-19187 aligncenter\" src=\"http:\/\/www.infokuryr.cz\/n\/wp-content\/uploads\/2022\/12\/1-PRO-300x36.jpg\" alt=\"\" width=\"1233\" height=\"148\" srcset=\"https:\/\/www.infokuryr.cz\/n\/wp-content\/uploads\/2022\/12\/1-PRO-300x36.jpg 300w, https:\/\/www.infokuryr.cz\/n\/wp-content\/uploads\/2022\/12\/1-PRO.jpg 699w\" sizes=\"(max-width: 1233px) 100vw, 1233px\" \/><\/p>\n<p>&nbsp;<\/p>\n<p>&nbsp;<\/p>\n","protected":false},"excerpt":{"rendered":"<p>Prezident Ruska Vladimir Putin nav\u0161t\u00edvil \u0161t\u00e1b vojskov\u00e9 skupiny Dn\u011bpr na chersonsk\u00e9m sm\u011bru velitelstv\u00ed N\u00e1rodn\u00ed gardy&#8230;<\/p>\n","protected":false},"author":2,"featured_media":26471,"comment_status":"closed","ping_status":"closed","sticky":false,"template":"","format":"standard","meta":[],"categories":[7],"tags":[4789,4097,102,2848],"_links":{"self":[{"href":"https:\/\/www.infokuryr.cz\/n\/wp-json\/wp\/v2\/posts\/26470"}],"collection":[{"href":"https:\/\/www.infokuryr.cz\/n\/wp-json\/wp\/v2\/posts"}],"about":[{"href":"https:\/\/www.infokuryr.cz\/n\/wp-json\/wp\/v2\/types\/post"}],"author":[{"embeddable":true,"href":"https:\/\/www.infokuryr.cz\/n\/wp-json\/wp\/v2\/users\/2"}],"replies":[{"embeddable":true,"href":"https:\/\/www.infokuryr.cz\/n\/wp-json\/wp\/v2\/comments?post=26470"}],"version-history":[{"count":0,"href":"https:\/\/www.infokuryr.cz\/n\/wp-json\/wp\/v2\/posts\/26470\/revisions"}],"wp:featuredmedia":[{"embeddable":true,"href":"https:\/\/www.infokuryr.cz\/n\/wp-json\/wp\/v2\/media\/26471"}],"wp:attachment":[{"href":"https:\/\/www.infokuryr.cz\/n\/wp-json\/wp\/v2\/media?parent=26470"}],"wp:term":[{"taxonomy":"category","embeddable":true,"href":"https:\/\/www.infokuryr.cz\/n\/wp-json\/wp\/v2\/categories?post=26470"},{"taxonomy":"post_tag","embeddable":true,"href":"https:\/\/www.infokuryr.cz\/n\/wp-json\/wp\/v2\/tags?post=26470"}],"curies":[{"name":"wp","href":"https:\/\/api.w.org\/{rel}","templated":true}]}}