{"id":26467,"date":"2023-04-19T01:02:10","date_gmt":"2023-04-18T23:02:10","guid":{"rendered":"http:\/\/www.infokuryr.cz\/n\/?p=26467"},"modified":"2023-04-19T04:09:40","modified_gmt":"2023-04-19T02:09:40","slug":"pakistansky-mezinarodni-hrac-kriketu-obvinen-z-vyhrozovani-smrti-nizozemskemu-konzervativci-geertu-wildersovi","status":"publish","type":"post","link":"https:\/\/www.infokuryr.cz\/n\/2023\/04\/19\/pakistansky-mezinarodni-hrac-kriketu-obvinen-z-vyhrozovani-smrti-nizozemskemu-konzervativci-geertu-wildersovi\/","title":{"rendered":"P\u00e1kist\u00e1nsk\u00fd mezin\u00e1rodn\u00ed hr\u00e1\u010d kriketu obvin\u011bn z vyhro\u017eov\u00e1n\u00ed smrt\u00ed nizozemsk\u00e9mu konzervativci Geertu Wildersovi"},"content":{"rendered":"<div id=\"fb-root\"><\/div>\n<p><span style=\"font-size: 14pt;\"><strong>Obvin\u011bn\u00e9mu bylo na\u0159\u00edzeno, aby se 29. srpna dostavil k soudu v Amsterdamu pro obvin\u011bn\u00ed z pokusu o podn\u011bcov\u00e1n\u00ed k vra\u017ed\u011b, pobu\u0159ov\u00e1n\u00ed a vyhro\u017eov\u00e1n\u00ed.<\/strong><\/span><\/p>\n<p>Nizozemsk\u00e9 st\u00e1tn\u00ed zastupitelstv\u00ed obvinilo a bude usilovat o vyd\u00e1n\u00ed b\u00fdval\u00e9ho p\u00e1kist\u00e1nsk\u00e9ho hr\u00e1\u010de mezin\u00e1rodn\u00edho kriketu za \u00fadajn\u00e9 podn\u011bcov\u00e1n\u00ed k vra\u017ed\u011b nizozemsk\u00e9ho konzervativn\u00edho politika Geerta Wilderse, potvrdil v pond\u011bl\u00ed \u00fa\u0159ad.<\/p>\n<p>S\u00e1m Wilders ozna\u010dil obvin\u011bn\u00e9ho za b\u00fdval\u00e9ho \u00favodn\u00edho p\u00e1lka\u0159e Khalida Latifa.<\/p>\n<p>Obvin\u011bn\u00ed poch\u00e1z\u00ed z online videa zve\u0159ejn\u011bn\u00e9ho v roce 2018, ve kter\u00e9m 37let\u00fd mu\u017e nab\u00eddl 21 000 eur za vra\u017edu nizozemsk\u00e9ho poslance.<\/p>\n<p>Video bylo zve\u0159ejn\u011bno uprost\u0159ed kontroverze, kterou vyvolala sout\u011b\u017e, kterou Wilders vypsal na karikatury proroka Mohameda, sout\u011b\u017e, kterou zru\u0161il pot\u00e9, co obdr\u017eel \u010detn\u00e9 v\u00fdhr\u016f\u017eky smrt\u00ed.\u00a0M\u011bl v pl\u00e1nu uspo\u0159\u00e1dat v\u00fdstavu protiisl\u00e1msk\u00fdch karikatur v nizozemsk\u00e9m parlamentu.<\/p>\n<p>&nbsp;<\/p>\n<figure class=\"wp-block-embed aligncenter is-type-rich is-provider-twitter wp-block-embed-twitter\">\n<div class=\"wp-block-embed__wrapper\">\n<div class=\"twitter-tweet twitter-tweet-rendered\"><iframe id=\"twitter-widget-0\" class=\"\" title=\"Twitter Tweet\" src=\"https:\/\/platform.twitter.com\/embed\/Tweet.html?dnt=true&amp;embedId=twitter-widget-0&amp;features=eyJ0ZndfdGltZWxpbmVfbGlzdCI6eyJidWNrZXQiOltdLCJ2ZXJzaW9uIjpudWxsfSwidGZ3X2ZvbGxvd2VyX2NvdW50X3N1bnNldCI6eyJidWNrZXQiOnRydWUsInZlcnNpb24iOm51bGx9LCJ0ZndfdHdlZXRfZWRpdF9iYWNrZW5kIjp7ImJ1Y2tldCI6Im9uIiwidmVyc2lvbiI6bnVsbH0sInRmd19yZWZzcmNfc2Vzc2lvbiI6eyJidWNrZXQiOiJvbiIsInZlcnNpb24iOm51bGx9LCJ0ZndfbWl4ZWRfbWVkaWFfMTU4OTciOnsiYnVja2V0IjoidHJlYXRtZW50IiwidmVyc2lvbiI6bnVsbH0sInRmd19leHBlcmltZW50c19jb29raWVfZXhwaXJhdGlvbiI6eyJidWNrZXQiOjEyMDk2MDAsInZlcnNpb24iOm51bGx9LCJ0ZndfZHVwbGljYXRlX3NjcmliZXNfdG9fc2V0dGluZ3MiOnsiYnVja2V0Ijoib24iLCJ2ZXJzaW9uIjpudWxsfSwidGZ3X3ZpZGVvX2hsc19keW5hbWljX21hbmlmZXN0c18xNTA4MiI6eyJidWNrZXQiOiJ0cnVlX2JpdHJhdGUiLCJ2ZXJzaW9uIjpudWxsfSwidGZ3X2xlZ2FjeV90aW1lbGluZV9zdW5zZXQiOnsiYnVja2V0Ijp0cnVlLCJ2ZXJzaW9uIjpudWxsfSwidGZ3X3R3ZWV0X2VkaXRfZnJvbnRlbmQiOnsiYnVja2V0Ijoib24iLCJ2ZXJzaW9uIjpudWxsfX0%3D&amp;frame=false&amp;hideCard=false&amp;hideThread=false&amp;id=1647982635648532480&amp;lang=cs&amp;origin=https%3A%2F%2Frmx.news%2Fcrime%2Fpakistani-international-cricketer-charged-for-death-threats-against-dutch-conservative-geert-wilders%2F&amp;sessionId=460b6ecf084139911e406c8b5f57c07dfcaa1689&amp;theme=light&amp;widgetsVersion=aaf4084522e3a%3A1674595607486&amp;width=550px\" frameborder=\"0\" scrolling=\"no\" allowfullscreen=\"allowfullscreen\" data-tweet-id=\"1647982635648532480\" data-mce-fragment=\"1\"><\/iframe><\/div>\n<\/div>\n<\/figure>\n<p>Zat\u00edmco Latif Wilderse nejmenoval, vyhl\u00e1sil odm\u011bnu 3 miliony rupi\u00ed pro ka\u017ed\u00e9ho, kdo \u201ezabije Holan\u010fany\u201c zodpov\u011bdn\u00e9 za sout\u011b\u017e.<\/p>\n<p>V pond\u011bl\u00ed nizozemsk\u00e1 prokuratura potvrdila sv\u016fj z\u00e1m\u011br st\u00edhat \u201eslavn\u00e9ho\u201c p\u00e1kist\u00e1nsk\u00e9ho st\u00e1tn\u00edho p\u0159\u00edslu\u0161n\u00edka za podn\u011bcov\u00e1n\u00ed k vra\u017ed\u011b, ale kdy\u017e byla dotla\u010dena na podrobnosti, odpov\u011bd\u011bla: \u201eNikdy neuv\u00e1d\u00edme jm\u00e9na.<\/p>\n<p>\u201eV tomto konkr\u00e9tn\u00edm p\u0159\u00edpad\u011b je podez\u0159el\u00fd identifikovateln\u00fd.\u00a0Ve sv\u00e9 zemi je to slavn\u00e1 osobnost.\u00a0V d\u016fsledku toho ho nizozemsk\u00e1 policie na sn\u00edmc\u00edch poznala,\u201c st\u00e1lo v prohl\u00e1\u0161en\u00ed st\u00e1tn\u00edho z\u00e1stupce.<\/p>\n<p>Wilders v\u0161ak pot\u00e9 tweetoval identitu obvin\u011bn\u00e9ho.\u00a0\u201eNizozemsk\u00fd st\u00e1tn\u00ed z\u00e1stupce bude st\u00edhat a ob\u017ealovat hr\u00e1\u010de kriketu Khalida Latifa z P\u00e1kist\u00e1nu, kter\u00fd m\u011b v roce 2018 zabil za mou hlavu. Po\u017e\u00e1daj\u00ed tak\u00e9 o jeho zat\u010den\u00ed a vyd\u00e1n\u00ed,\u201c napsal.<\/p>\n<p>Rozum\u00ed se, \u017ee nizozem\u0161t\u00ed prokur\u00e1to\u0159i po\u017e\u00e1dali o pomoc p\u00e1kist\u00e1nsk\u00e9 \u00fa\u0159ady, aby doru\u010dili p\u0159edvol\u00e1n\u00ed Latifovi, kter\u00e9mu bylo na\u0159\u00edzeno, aby se 29. srpna dostavil k soudu v Amsterdamu pro obvin\u011bn\u00ed z pokusu o podn\u011bcov\u00e1n\u00ed k vra\u017ed\u011b, pobu\u0159ov\u00e1n\u00ed a vyhro\u017eov\u00e1n\u00ed.<\/p>\n<p>Soudn\u00ed proces by mohla d\u00e1le zkomplikovat absence pr\u00e1vn\u00ed smlouvy mezi ob\u011bma n\u00e1rody.<\/p>\n<p>Kdy\u017e se na n\u011bj obr\u00e1tila francouzsk\u00e1 tiskov\u00e1 agentura AFP, Latif pop\u0159el, \u017ee by v\u011bd\u011bl o obvin\u011bn\u00ed z trestn\u00e9ho \u010dinu.\u00a0\u201eNem\u00e1m o tom \u017e\u00e1dn\u00e9 znalosti.\u00a0Vyj\u00e1d\u0159\u00edm se a\u017e pot\u00e9, co k tomu dostanu jakoukoli zpr\u00e1vu,\u201c \u0159ekl.<\/p>\n<p>B\u00fdval\u00e9mu p\u00e1kist\u00e1nsk\u00e9mu hr\u00e1\u010di kriketu bylo v roce 2017 zak\u00e1z\u00e1no hr\u00e1t v mezin\u00e1rodn\u00edm kriketu na p\u011bt let za zmanipulov\u00e1n\u00ed m\u00edsta v z\u00e1pase p\u00e1kist\u00e1nsk\u00e9 Super League v Dubaji, k \u010demu\u017e se nakonec p\u0159iznal a\u017e loni.<\/p>\n<p><img decoding=\"async\" loading=\"lazy\" class=\"alignnone size-full wp-image-1185\" src=\"http:\/\/www.infokuryr.cz\/n\/wp-content\/uploads\/2021\/04\/kuryr-podpis.png\" alt=\"\" width=\"84\" height=\"24\" \/><\/p>\n<p>&nbsp;<\/p>\n<p><img decoding=\"async\" loading=\"lazy\" class=\"alignnone wp-image-19187\" src=\"http:\/\/www.infokuryr.cz\/n\/wp-content\/uploads\/2022\/12\/1-PRO-300x36.jpg\" alt=\"\" width=\"1292\" height=\"155\" srcset=\"https:\/\/www.infokuryr.cz\/n\/wp-content\/uploads\/2022\/12\/1-PRO-300x36.jpg 300w, https:\/\/www.infokuryr.cz\/n\/wp-content\/uploads\/2022\/12\/1-PRO.jpg 699w\" sizes=\"(max-width: 1292px) 100vw, 1292px\" \/><\/p>\n<p>&nbsp;<\/p>\n<p>&nbsp;<\/p>\n","protected":false},"excerpt":{"rendered":"<p>Obvin\u011bn\u00e9mu bylo na\u0159\u00edzeno, aby se 29. srpna dostavil k soudu v Amsterdamu pro obvin\u011bn\u00ed z&#8230;<\/p>\n","protected":false},"author":2,"featured_media":26497,"comment_status":"closed","ping_status":"closed","sticky":false,"template":"","format":"standard","meta":[],"categories":[7],"tags":[376,324,2064],"_links":{"self":[{"href":"https:\/\/www.infokuryr.cz\/n\/wp-json\/wp\/v2\/posts\/26467"}],"collection":[{"href":"https:\/\/www.infokuryr.cz\/n\/wp-json\/wp\/v2\/posts"}],"about":[{"href":"https:\/\/www.infokuryr.cz\/n\/wp-json\/wp\/v2\/types\/post"}],"author":[{"embeddable":true,"href":"https:\/\/www.infokuryr.cz\/n\/wp-json\/wp\/v2\/users\/2"}],"replies":[{"embeddable":true,"href":"https:\/\/www.infokuryr.cz\/n\/wp-json\/wp\/v2\/comments?post=26467"}],"version-history":[{"count":0,"href":"https:\/\/www.infokuryr.cz\/n\/wp-json\/wp\/v2\/posts\/26467\/revisions"}],"wp:featuredmedia":[{"embeddable":true,"href":"https:\/\/www.infokuryr.cz\/n\/wp-json\/wp\/v2\/media\/26497"}],"wp:attachment":[{"href":"https:\/\/www.infokuryr.cz\/n\/wp-json\/wp\/v2\/media?parent=26467"}],"wp:term":[{"taxonomy":"category","embeddable":true,"href":"https:\/\/www.infokuryr.cz\/n\/wp-json\/wp\/v2\/categories?post=26467"},{"taxonomy":"post_tag","embeddable":true,"href":"https:\/\/www.infokuryr.cz\/n\/wp-json\/wp\/v2\/tags?post=26467"}],"curies":[{"name":"wp","href":"https:\/\/api.w.org\/{rel}","templated":true}]}}