{"id":26459,"date":"2023-04-18T11:14:11","date_gmt":"2023-04-18T09:14:11","guid":{"rendered":"http:\/\/www.infokuryr.cz\/n\/?p=26459"},"modified":"2023-04-18T11:15:00","modified_gmt":"2023-04-18T09:15:00","slug":"v-polske-osvetimi-zase-zneuctili-pamatku-obeti-tabora-smrti","status":"publish","type":"post","link":"https:\/\/www.infokuryr.cz\/n\/2023\/04\/18\/v-polske-osvetimi-zase-zneuctili-pamatku-obeti-tabora-smrti\/","title":{"rendered":"V polsk\u00e9 Osv\u011btimi zase zneuctili pam\u00e1tku ob\u011bt\u00ed t\u00e1bora smrti"},"content":{"rendered":"<div id=\"fb-root\"><\/div>\n<div class=\"news-text-body\">\n<p class=\"lead\">Soci\u00e1ln\u00ed s\u00edt\u011b pobou\u0159ila fotka v muzeu nacistick\u00e9ho t\u00e1bora smrti Osv\u011btim, kter\u00fd se nach\u00e1z\u00ed v Polsku.<\/p>\n<p>Sn\u00edmek ukazuje, jak mlad\u00fd mu\u017e fotografuje usm\u011bvavou d\u00edvku, kter\u00e1 si na pozad\u00ed hlavn\u00ed br\u00e1ny b\u00fdval\u00e9ho t\u00e1bora smrti p\u00f3zuje na kolej\u00edch, po kter\u00fdch nacist\u00e9 pos\u00edlali lidi na smrt.<\/p>\n<p><em><strong>\u201eDnes jsem m\u011bl jeden z nejbolestiv\u011bj\u0161\u00edch z\u00e1\u017eitk\u016f sv\u00e9ho \u017eivota.\u00a0Bohu\u017eel se zd\u00e1, \u017ee ne ka\u017ed\u00e9mu to p\u0159i\u0161lo tak ho\u0159k\u00e9.\u201c<span class=\"after-quote\">\u00a0&#8211; napsala britsk\u00e1 ob\u010danka jm\u00e9nem\u00a0Maria do mikroblogu .<\/span><\/strong><\/em><span id=\"after_incut_1\"><\/span>N\u00e1rodnost zneuct\u011bn\u00e9ho p\u00e1ru nebyla objasn\u011bna.\u00a0Za p\u00e1r dn\u00ed si tuto fotku prohl\u00e9dlo t\u00e9m\u011b\u0159 30 milion\u016f lid\u00ed.\u00a0U\u017eivatel\u00e9 internetu neskr\u00fdvaj\u00ed sv\u00e9 rozho\u0159\u010den\u00ed nad chov\u00e1n\u00edm mlad\u00e9 \u017eeny.\u00a0Z\u00e1rove\u0148 autor obr\u00e1zku poznamenal, \u017ee b\u011bhem prohl\u00eddky byli v\u0161ichni turist\u00e9 po\u017e\u00e1d\u00e1ni, aby \u201ebyli obez\u0159etn\u00ed a uctiv\u00ed\u201c.\u00a0Vystoupili tak\u00e9 z\u00e1stupci Muzea Osv\u011btim:<\/p>\n<p><em><strong>\u201eP\u0159i n\u00e1v\u0161t\u011bv\u011b muzea by si n\u00e1v\u0161t\u011bvn\u00edci m\u011bli pamatovat, \u017ee vstupuj\u00ed na p\u016fvodn\u00ed m\u00edsto b\u00fdval\u00e9ho t\u00e1bora, kde bylo zabito v\u00edce ne\u017e milion lid\u00ed.\u00a0Respektujte jejich pam\u00e1tku.&#8220;<\/strong><\/em>Nen\u00ed to poprv\u00e9, co v Osv\u011btimi n\u00e1v\u0161t\u011bvn\u00edci zneuctili pam\u00e1tku ob\u011bt\u00ed holocaustu.\u00a0V lednu 2022 zde byl zadr\u017een 29let\u00fd nizozemsk\u00fd ob\u010dan, kter\u00fd\u00a0<a href=\"https:\/\/eadaily.com\/ru\/news\/2022\/01\/24\/v-polshe-zaderzhana-grazhdanka-gollandii-ziganuvshaya-v-osvencime\" target=\"_blank\" rel=\"noopener\">byl vyfotografov\u00e1n<\/a>\u00a0p\u0159ed br\u00e1nou s n\u00e1pisem \u201eArbeit macht frei\u201c s nacistick\u00fdm pozdravem.<\/p>\n<p>Ka\u017edop\u00e1dn\u011b je z\u0159ejm\u00e9, \u017ee Polsko nem\u00e1 z\u00e1jem o p\u0159\u00edsn\u00e9 dodr\u017eov\u00e1n\u00ed \u00facty na tomto m\u00edst\u011b a d\u016frazn\u011b nechr\u00e1n\u00ed pam\u00e1tku ob\u011bt\u00ed nacistick\u00e9ho \u0159\u00e1d\u011bn\u00ed. Ot\u00e1zka je pro\u010d? Asi tak\u00e9 proto, \u017ee pr\u00e1v\u011b Polsko se pod\u00edlelo na okupaci \u010ceskoslovenska\u00a0 spolu s hitlerovsk\u00fdmi hordami.<\/p>\n<p><img decoding=\"async\" loading=\"lazy\" class=\"alignnone size-full wp-image-1185\" src=\"http:\/\/www.infokuryr.cz\/n\/wp-content\/uploads\/2021\/04\/kuryr-podpis.png\" alt=\"\" width=\"84\" height=\"24\" \/><\/p>\n<\/div>\n<div><\/div>\n<div><\/div>\n<div class=\"socials-wrapper socials-floating\">\n<div class=\"social-likes socials-visible socials-ready\" data-url=\"https:\/\/eadaily.com\/ru\/news\/2023\/04\/18\/v-polskom-osvencime-vnov-poizdevalis-nad-pamyatyu-zhertv-lagerya-smerti\" data-title=\"\u0412\u00a0\u043f\u043e\u043b\u044c\u0441\u043a\u043e\u043c \u041e\u0441\u0432\u0435\u043d\u0446\u0438\u043c\u0435 \u0432\u043d\u043e\u0432\u044c \u043f\u043e\u0438\u0437\u0434\u0435\u0432\u0430\u043b\u0438\u0441\u044c \u043d\u0430\u0434 \u043f\u0430\u043c\u044f\u0442\u044c\u044e \u0436\u0435\u0440\u0442\u0432 \u043b\u0430\u0433\u0435\u0440\u044f \u0441\u043c\u0435\u0440\u0442\u0438\"><\/div>\n<\/div>\n<p><img decoding=\"async\" loading=\"lazy\" class=\"wp-image-19187 aligncenter\" src=\"http:\/\/www.infokuryr.cz\/n\/wp-content\/uploads\/2022\/12\/1-PRO-300x36.jpg\" alt=\"\" width=\"1292\" height=\"155\" srcset=\"https:\/\/www.infokuryr.cz\/n\/wp-content\/uploads\/2022\/12\/1-PRO-300x36.jpg 300w, https:\/\/www.infokuryr.cz\/n\/wp-content\/uploads\/2022\/12\/1-PRO.jpg 699w\" sizes=\"(max-width: 1292px) 100vw, 1292px\" \/><\/p>\n<p>&nbsp;<\/p>\n<p>&nbsp;<\/p>\n","protected":false},"excerpt":{"rendered":"<p>Soci\u00e1ln\u00ed s\u00edt\u011b pobou\u0159ila fotka v muzeu nacistick\u00e9ho t\u00e1bora smrti Osv\u011btim, kter\u00fd se nach\u00e1z\u00ed v Polsku&#8230;.<\/p>\n","protected":false},"author":2,"featured_media":26460,"comment_status":"closed","ping_status":"closed","sticky":false,"template":"","format":"standard","meta":[],"categories":[7],"tags":[4787,1790,31,1009],"_links":{"self":[{"href":"https:\/\/www.infokuryr.cz\/n\/wp-json\/wp\/v2\/posts\/26459"}],"collection":[{"href":"https:\/\/www.infokuryr.cz\/n\/wp-json\/wp\/v2\/posts"}],"about":[{"href":"https:\/\/www.infokuryr.cz\/n\/wp-json\/wp\/v2\/types\/post"}],"author":[{"embeddable":true,"href":"https:\/\/www.infokuryr.cz\/n\/wp-json\/wp\/v2\/users\/2"}],"replies":[{"embeddable":true,"href":"https:\/\/www.infokuryr.cz\/n\/wp-json\/wp\/v2\/comments?post=26459"}],"version-history":[{"count":0,"href":"https:\/\/www.infokuryr.cz\/n\/wp-json\/wp\/v2\/posts\/26459\/revisions"}],"wp:featuredmedia":[{"embeddable":true,"href":"https:\/\/www.infokuryr.cz\/n\/wp-json\/wp\/v2\/media\/26460"}],"wp:attachment":[{"href":"https:\/\/www.infokuryr.cz\/n\/wp-json\/wp\/v2\/media?parent=26459"}],"wp:term":[{"taxonomy":"category","embeddable":true,"href":"https:\/\/www.infokuryr.cz\/n\/wp-json\/wp\/v2\/categories?post=26459"},{"taxonomy":"post_tag","embeddable":true,"href":"https:\/\/www.infokuryr.cz\/n\/wp-json\/wp\/v2\/tags?post=26459"}],"curies":[{"name":"wp","href":"https:\/\/api.w.org\/{rel}","templated":true}]}}