{"id":26447,"date":"2023-04-18T06:27:53","date_gmt":"2023-04-18T04:27:53","guid":{"rendered":"http:\/\/www.infokuryr.cz\/n\/?p=26447"},"modified":"2023-04-18T06:27:53","modified_gmt":"2023-04-18T04:27:53","slug":"ukrajinska-armada-behem-vycviku-v-polsku-utrhla-vez-z-tanku-leopard-2","status":"publish","type":"post","link":"https:\/\/www.infokuryr.cz\/n\/2023\/04\/18\/ukrajinska-armada-behem-vycviku-v-polsku-utrhla-vez-z-tanku-leopard-2\/","title":{"rendered":"Ukrajinsk\u00e1 arm\u00e1da b\u011bhem v\u00fdcviku v Polsku utrhla v\u011b\u017e z tanku Leopard 2"},"content":{"rendered":"<div id=\"fb-root\"><\/div>\n<p class=\"lead\"><span>Ukrajin\u0161t\u00ed p\u0159\u00edslu\u0161n\u00edci, kte\u0159\u00ed jsou cvi\u010deni v \u0159\u00edzen\u00ed tank\u016f Leopard 2 v Polsku, zinscenovali st\u0159et dvou bojov\u00fdch vozidel, v d\u016fsledku \u010deho\u017e byla jednomu z tank\u016f utr\u017eena\u00a0 v\u011b\u017e<\/span><\/p>\n<p><span><strong>Piotr Pavelka,<\/strong>\u00a0poru\u010d\u00edk polsk\u00e9 arm\u00e1dy ve v\u00fdslu\u017eb\u011b,\u00a0o tomto incidentu hovo\u0159il na sv\u00e9m kan\u00e1lu\u00a0<\/span><span>YouTube<\/span><span>\u00a017. dubna .\u00a0Poznamenal, \u017ee <strong>za cel\u00fdch 15 let slu\u017eby v arm\u00e1d\u011b je\u0161t\u011b nevid\u011bl tak ne\u0161ikovn\u00e9 zach\u00e1zen\u00ed s bojov\u00fdm vozidlem<\/strong>.<\/span><\/p>\n<p>&nbsp;<\/p>\n<p><iframe loading=\"lazy\" title=\"Szkolenie \u017bo\u0142nierzy Polskich i Ukrai\u0144skich - Podw\u00f3jne Standardy\" width=\"640\" height=\"360\" src=\"https:\/\/www.youtube.com\/embed\/ebEH6ZA-cHo?start=70&#038;feature=oembed\" frameborder=\"0\" allow=\"accelerometer; autoplay; clipboard-write; encrypted-media; gyroscope; picture-in-picture; web-share\" allowfullscreen><\/iframe><\/p>\n<p>&nbsp;<\/p>\n<p><strong>&#8222;Stala se takov\u00e1 &#8222;men\u0161\u00ed nehoda&#8220;, ukrajin\u0161t\u00ed voj\u00e1ci, kte\u0159\u00ed cvi\u010dili na je\u0161t\u011b polsk\u00e9m Leopardu 2A4, do sebe pr\u00e1v\u011b vjeli,&#8220;<span class=\"after-quote\"> \u201c vysv\u011btlil polsk\u00fd veter\u00e1n.<\/span><\/strong><\/p>\n<p><span>Navrhl, aby jeden z tank\u016f narazil do druh\u00e9ho, vjel do jeho panc\u00ed\u0159e a zdemoloval v\u011b\u017e, kter\u00e1 byla doslova vytr\u017eena z trupu.<\/span><\/p>\n<p><span>Pro demonstraci incidentu vlo\u017eil penzionovan\u00fd poru\u010d\u00edk do sv\u00e9 videoreport\u00e1\u017ee n\u011bkolik fotografi\u00ed incidentu.\u00a0Na jednom z obr\u00e1zk\u016f je jasn\u011b vid\u011bt utr\u017een\u00e1 v\u011b\u017e tanku Leopard 2A4.<\/span><\/p>\n<p><span>Dal\u0161\u00ed fotografie ukazuj\u00ed p\u0159edn\u00ed \u010d\u00e1st trupu tanku, kter\u00e1 byla zasa\u017eena velkou vrstvou ne\u010distot, jsou patrn\u00e9 stopy po housenk\u00e1ch.<\/span><\/p>\n<p><span>Ji\u017e d\u0159\u00edve media<\/span><span> informovala , \u017ee v Kanad\u011b bylo rozhodnuto vycvi\u010dit ukrajinsk\u00e9 pos\u00e1dky tank\u016f Leopard 2 <\/span><span>pomoc\u00ed simul\u00e1tor\u016f<\/span><span>\u00a0.\u00a0Je z\u0159ejm\u00e9, \u017ee kanadsk\u00e1 arm\u00e1da se rozhodla zachr\u00e1nit bojov\u00e1 vozidla, aby se mohla dostat na boji\u0161t\u011b neporu\u0161en\u00e1.<\/span><\/p>\n<p><img decoding=\"async\" loading=\"lazy\" class=\"alignnone size-full wp-image-1185\" src=\"http:\/\/www.infokuryr.cz\/n\/wp-content\/uploads\/2021\/04\/kuryr-podpis.png\" alt=\"\" width=\"84\" height=\"24\" \/><\/p>\n<p>&nbsp;<\/p>\n<p>&nbsp;<\/p>\n<p><img decoding=\"async\" loading=\"lazy\" class=\"wp-image-19187 aligncenter\" src=\"http:\/\/www.infokuryr.cz\/n\/wp-content\/uploads\/2022\/12\/1-PRO-300x36.jpg\" alt=\"\" width=\"1267\" height=\"152\" srcset=\"https:\/\/www.infokuryr.cz\/n\/wp-content\/uploads\/2022\/12\/1-PRO-300x36.jpg 300w, https:\/\/www.infokuryr.cz\/n\/wp-content\/uploads\/2022\/12\/1-PRO.jpg 699w\" sizes=\"(max-width: 1267px) 100vw, 1267px\" \/><\/p>\n<p>&nbsp;<\/p>\n<p>&nbsp;<\/p>\n","protected":false},"excerpt":{"rendered":"<p>Ukrajin\u0161t\u00ed p\u0159\u00edslu\u0161n\u00edci, kte\u0159\u00ed jsou cvi\u010deni v \u0159\u00edzen\u00ed tank\u016f Leopard 2 v Polsku, zinscenovali st\u0159et dvou&#8230;<\/p>\n","protected":false},"author":2,"featured_media":26448,"comment_status":"closed","ping_status":"closed","sticky":false,"template":"","format":"standard","meta":[],"categories":[7],"tags":[4783,31,3119,4782],"_links":{"self":[{"href":"https:\/\/www.infokuryr.cz\/n\/wp-json\/wp\/v2\/posts\/26447"}],"collection":[{"href":"https:\/\/www.infokuryr.cz\/n\/wp-json\/wp\/v2\/posts"}],"about":[{"href":"https:\/\/www.infokuryr.cz\/n\/wp-json\/wp\/v2\/types\/post"}],"author":[{"embeddable":true,"href":"https:\/\/www.infokuryr.cz\/n\/wp-json\/wp\/v2\/users\/2"}],"replies":[{"embeddable":true,"href":"https:\/\/www.infokuryr.cz\/n\/wp-json\/wp\/v2\/comments?post=26447"}],"version-history":[{"count":0,"href":"https:\/\/www.infokuryr.cz\/n\/wp-json\/wp\/v2\/posts\/26447\/revisions"}],"wp:featuredmedia":[{"embeddable":true,"href":"https:\/\/www.infokuryr.cz\/n\/wp-json\/wp\/v2\/media\/26448"}],"wp:attachment":[{"href":"https:\/\/www.infokuryr.cz\/n\/wp-json\/wp\/v2\/media?parent=26447"}],"wp:term":[{"taxonomy":"category","embeddable":true,"href":"https:\/\/www.infokuryr.cz\/n\/wp-json\/wp\/v2\/categories?post=26447"},{"taxonomy":"post_tag","embeddable":true,"href":"https:\/\/www.infokuryr.cz\/n\/wp-json\/wp\/v2\/tags?post=26447"}],"curies":[{"name":"wp","href":"https:\/\/api.w.org\/{rel}","templated":true}]}}