{"id":26445,"date":"2023-04-18T06:21:22","date_gmt":"2023-04-18T04:21:22","guid":{"rendered":"http:\/\/www.infokuryr.cz\/n\/?p=26445"},"modified":"2023-04-18T06:21:22","modified_gmt":"2023-04-18T04:21:22","slug":"macronuv-projev-o-duchodove-reforme-vyvolava-spontanni-protesty","status":"publish","type":"post","link":"https:\/\/www.infokuryr.cz\/n\/2023\/04\/18\/macronuv-projev-o-duchodove-reforme-vyvolava-spontanni-protesty\/","title":{"rendered":"Macron\u016fv projev o d\u016fchodov\u00e9 reform\u011b vyvol\u00e1v\u00e1 spont\u00e1nn\u00ed protesty"},"content":{"rendered":"<div id=\"fb-root\"><\/div>\n<p class=\"lead\"><span>Po pond\u011bln\u00edm televizn\u00edm projevu francouzsk\u00e9ho prezidenta Emmanuela Macrona k n\u00e1rodu se v \u0159ad\u011b m\u011bst v zemi spont\u00e1nn\u011b vytvo\u0159ily kolony demonstrant\u016f, uv\u00e1d\u00ed list Le Monde.<\/span><\/p>\n<p><span>Podle prefektury metropolitn\u00ed policie vy\u0161lo v Pa\u0159\u00ed\u017ei do ulic asi 2000 demonstrant\u016f. Publikace si v\u0161\u00edm\u00e1 pokra\u010dov\u00e1n\u00ed na r\u016fzn\u00fdch m\u00edstech m\u011bsta &#8222;p\u00e1nevn\u00edch\u00a0koncert\u016f&#8220; &#8211; \u0159evu \u017eelezn\u00e9ho n\u00e1dob\u00ed, kter\u00e9 p\u0159edt\u00edm doprov\u00e1zelo Macronovo <\/span><a href=\"https:\/\/eadaily.com\/ru\/news\/2023\/04\/17\/makron-pensionnaya-reforma-vo-francii-vstupit-v-silu-osenyu\" target=\"_blank\" rel=\"noopener\"><span>vystoupen\u00ed<\/span><\/a><span>\u00a0.<\/span><\/p>\n<p><span>V Rennes, uv\u00e1d\u00ed Le Monde, se b\u011bhem projevu prezidenta p\u0159ed radnic\u00ed se\u0161lo asi 700 lid\u00ed s hrnci a p\u00e1nvemi, cestu demonstrant\u016f zablokovala p\u016fsobiv\u00e1 policejn\u00ed bari\u00e9ra.\u00a0S koncem Macronova projevu ale div\u00e1ci nep\u0159estali rachotit.<\/span><\/p>\n<p><span>V Lyonu se p\u0159ed radnic\u00ed se\u0161lo a\u017e 600 lid\u00ed, n\u011bkolik stovek demonstrant\u016f p\u0159i\u0161lo na radnici v Marseille.\u00a0V Nantes \u00fa\u0159ady napo\u010d\u00edtaly v\u00edce ne\u017e 800 demonstrant\u016f.<\/span><\/p>\n<p><img decoding=\"async\" loading=\"lazy\" class=\"alignnone size-full wp-image-1185\" src=\"http:\/\/www.infokuryr.cz\/n\/wp-content\/uploads\/2021\/04\/kuryr-podpis.png\" alt=\"\" width=\"84\" height=\"24\" \/><\/p>\n<p>&nbsp;<\/p>\n<p><img decoding=\"async\" loading=\"lazy\" class=\"wp-image-19187 aligncenter\" src=\"http:\/\/www.infokuryr.cz\/n\/wp-content\/uploads\/2022\/12\/1-PRO-300x36.jpg\" alt=\"\" width=\"1275\" height=\"153\" srcset=\"https:\/\/www.infokuryr.cz\/n\/wp-content\/uploads\/2022\/12\/1-PRO-300x36.jpg 300w, https:\/\/www.infokuryr.cz\/n\/wp-content\/uploads\/2022\/12\/1-PRO.jpg 699w\" sizes=\"(max-width: 1275px) 100vw, 1275px\" \/><\/p>\n<p>&nbsp;<\/p>\n<p>&nbsp;<\/p>\n","protected":false},"excerpt":{"rendered":"<p>Po pond\u011bln\u00edm televizn\u00edm projevu francouzsk\u00e9ho prezidenta Emmanuela Macrona k n\u00e1rodu se v \u0159ad\u011b m\u011bst v&#8230;<\/p>\n","protected":false},"author":2,"featured_media":26446,"comment_status":"closed","ping_status":"closed","sticky":false,"template":"","format":"standard","meta":[],"categories":[7],"tags":[4593,130,4781,95],"_links":{"self":[{"href":"https:\/\/www.infokuryr.cz\/n\/wp-json\/wp\/v2\/posts\/26445"}],"collection":[{"href":"https:\/\/www.infokuryr.cz\/n\/wp-json\/wp\/v2\/posts"}],"about":[{"href":"https:\/\/www.infokuryr.cz\/n\/wp-json\/wp\/v2\/types\/post"}],"author":[{"embeddable":true,"href":"https:\/\/www.infokuryr.cz\/n\/wp-json\/wp\/v2\/users\/2"}],"replies":[{"embeddable":true,"href":"https:\/\/www.infokuryr.cz\/n\/wp-json\/wp\/v2\/comments?post=26445"}],"version-history":[{"count":0,"href":"https:\/\/www.infokuryr.cz\/n\/wp-json\/wp\/v2\/posts\/26445\/revisions"}],"wp:featuredmedia":[{"embeddable":true,"href":"https:\/\/www.infokuryr.cz\/n\/wp-json\/wp\/v2\/media\/26446"}],"wp:attachment":[{"href":"https:\/\/www.infokuryr.cz\/n\/wp-json\/wp\/v2\/media?parent=26445"}],"wp:term":[{"taxonomy":"category","embeddable":true,"href":"https:\/\/www.infokuryr.cz\/n\/wp-json\/wp\/v2\/categories?post=26445"},{"taxonomy":"post_tag","embeddable":true,"href":"https:\/\/www.infokuryr.cz\/n\/wp-json\/wp\/v2\/tags?post=26445"}],"curies":[{"name":"wp","href":"https:\/\/api.w.org\/{rel}","templated":true}]}}