{"id":2642,"date":"2021-06-19T04:21:04","date_gmt":"2021-06-19T02:21:04","guid":{"rendered":"http:\/\/www.infokuryr.cz\/n\/?p=2642"},"modified":"2021-06-19T04:21:04","modified_gmt":"2021-06-19T02:21:04","slug":"ceska-media-dnes-prepisuji-historii-tak-jako-to-delali-komunisti","status":"publish","type":"post","link":"https:\/\/www.infokuryr.cz\/n\/2021\/06\/19\/ceska-media-dnes-prepisuji-historii-tak-jako-to-delali-komunisti\/","title":{"rendered":"\u010ceska media dnes p\u0159episuji histori\u00ed, tak jako to d\u011blali komunisti"},"content":{"rendered":"<div id=\"fb-root\"><\/div>\n<div><strong>&#8222;Pro\u010d p\u0159episuji d\u011bjiny n\u011bkter\u00e1 dne\u0161n\u00ed \u010desk\u00e1 media, jako to d\u011blali komunisti? Okupovali n\u00e1s N\u011bmci ne nacist\u00e9, \u017e\u00e1dn\u00e9 Nacisko nikdy neexistovalo, Ofici\u00e1ln\u00ed n\u00e1zev st\u00e1tu byl N\u011bmeck\u00e1 \u0159\u00ed\u0161e (n\u011bmecky Deutsches Reich). Tak pro\u010d l\u017eou a p\u0159episuji histori\u00ed??? Mnoz\u00ed ze zasahuj\u00edc\u00edch nebyli nacist\u00e9, ale N\u011bmci a nacismus nevyzn\u00e1vali.&#8220;\u00a0<\/strong><\/div>\n<div><\/div>\n<div><img decoding=\"async\" src=\"https:\/\/www.eurabia.cz\/UserFiles\/image\/nacistenemci.jpg\" alt=\"\" \/><\/div>\n<div><\/div>\n<div>K problematice dne\u0161n\u00ed cenzury a manipulaci v \u010desk\u00fdch medi\u00edch doporu\u010dujeme v\u00fdbornou novou knihu zn\u00e1m\u00e9ho blogera Oty Jurne\u010dky \u0160est pil\u00ed\u0159\u016f cenzury.<\/div>\n<div><strong><a href=\"http:\/\/www.lukaslhotan.cz\/Sociologie\/202-%c5%a0est-pil%c3%ad%c5%99%c5%af-cenzury\">K zakoupen\u00ed zde<\/a><\/strong><\/div>\n<div><\/div>\n<div><a href=\"https:\/\/www.eurabia.cz\/Articles\/45250-ceska-media-dnes-prepisuji-historii-tak-jako-to-delali-komunisti.aspx\">Luk\u00e1\u0161 Lho\u0165an<\/a><\/div>\n<div><\/div>\n<div><\/div>\n","protected":false},"excerpt":{"rendered":"<p>&#8222;Pro\u010d p\u0159episuji d\u011bjiny n\u011bkter\u00e1 dne\u0161n\u00ed \u010desk\u00e1 media, jako to d\u011blali komunisti? Okupovali n\u00e1s N\u011bmci ne&#8230;<\/p>\n","protected":false},"author":2,"featured_media":2643,"comment_status":"closed","ping_status":"closed","sticky":false,"template":"","format":"standard","meta":[],"categories":[6],"tags":[468,607,158,664,429],"_links":{"self":[{"href":"https:\/\/www.infokuryr.cz\/n\/wp-json\/wp\/v2\/posts\/2642"}],"collection":[{"href":"https:\/\/www.infokuryr.cz\/n\/wp-json\/wp\/v2\/posts"}],"about":[{"href":"https:\/\/www.infokuryr.cz\/n\/wp-json\/wp\/v2\/types\/post"}],"author":[{"embeddable":true,"href":"https:\/\/www.infokuryr.cz\/n\/wp-json\/wp\/v2\/users\/2"}],"replies":[{"embeddable":true,"href":"https:\/\/www.infokuryr.cz\/n\/wp-json\/wp\/v2\/comments?post=2642"}],"version-history":[{"count":0,"href":"https:\/\/www.infokuryr.cz\/n\/wp-json\/wp\/v2\/posts\/2642\/revisions"}],"wp:featuredmedia":[{"embeddable":true,"href":"https:\/\/www.infokuryr.cz\/n\/wp-json\/wp\/v2\/media\/2643"}],"wp:attachment":[{"href":"https:\/\/www.infokuryr.cz\/n\/wp-json\/wp\/v2\/media?parent=2642"}],"wp:term":[{"taxonomy":"category","embeddable":true,"href":"https:\/\/www.infokuryr.cz\/n\/wp-json\/wp\/v2\/categories?post=2642"},{"taxonomy":"post_tag","embeddable":true,"href":"https:\/\/www.infokuryr.cz\/n\/wp-json\/wp\/v2\/tags?post=2642"}],"curies":[{"name":"wp","href":"https:\/\/api.w.org\/{rel}","templated":true}]}}