{"id":26417,"date":"2023-04-18T01:07:32","date_gmt":"2023-04-17T23:07:32","guid":{"rendered":"http:\/\/www.infokuryr.cz\/n\/?p=26417"},"modified":"2023-04-17T18:24:49","modified_gmt":"2023-04-17T16:24:49","slug":"nedelnik-adama-b-bartose-130-trochu-vice-o-mobilizaci","status":"publish","type":"post","link":"https:\/\/www.infokuryr.cz\/n\/2023\/04\/18\/nedelnik-adama-b-bartose-130-trochu-vice-o-mobilizaci\/","title":{"rendered":"NED\u011aLN\u00cdK ADAMA B. BARTO\u0160E (130) TROCHU V\u00cdCE O MOBILIZACI"},"content":{"rendered":"<div id=\"fb-root\"><\/div>\n<p><strong>Minule jsem sl\u00edbil, \u017ee si tentokr\u00e1t posv\u00edt\u00edme na mobilizaci, vyhl\u00e1\u0161en\u00ed v\u00e1le\u010dn\u00e9ho stavu a v\u0161echny podobn\u00e9 ot\u00e1zky, kter\u00e9 n\u00e1s nutn\u011b napadaj\u00ed, kdy\u017e vid\u00edme, co v\u0161e se kolem n\u00e1s d\u011bje a jakou rychlost\u00ed se bl\u00ed\u017e\u00edme k bodu, ze kter\u00e9ho nen\u00ed n\u00e1vratu.<\/strong><span id=\"more-13543\"><\/span><\/p>\n<p>Jak jsme si minule p\u0159ipomn\u011bli na v\u00fdroc\u00edch \u00fa\u0159edn\u00edk\u016f ministerstva obrany pro m\u00e9dia, brann\u00e1 povinnost z \u010desk\u00fdch z\u00e1kon\u016f nikdy nezmizela a v p\u0159\u00edpad\u011b ohro\u017een\u00ed st\u00e1tu nebo v\u00e1le\u010dn\u00e9ho stavu se bude t\u00fdkat v\u0161ech ve v\u011bku od osmn\u00e1cti do \u0161edes\u00e1ti let, v\u010detn\u011b \u017een. Proto\u017ee \u010desk\u00e1 arm\u00e1da disponuje pouze n\u011bkolika des\u00edtkami tis\u00edc profesion\u00e1ln\u00edch voj\u00e1k\u016f a aktivn\u00edch z\u00e1lo\u017e\u00e1k\u016f, je jasn\u00e9, \u017ee v p\u0159\u00edpad\u011b vyhl\u00e1\u0161en\u00ed v\u00e1le\u010dn\u00e9ho stavu se budou muset ozbrojen\u00e9 s\u00edly \u010cesk\u00e9 republiky doplnit \u2013 pr\u00e1v\u011b tomu se \u0159\u00edk\u00e1 mobilizace: tedy zp\u016fsob hromadn\u00e9ho dopln\u011bn\u00ed vojensk\u00fdch \u00fatvar\u016f, vojensk\u00fdch za\u0159\u00edzen\u00ed a vojensk\u00fdch z\u00e1chrann\u00fdch \u00fatvar\u016f osobami, vojensk\u00fdm materi\u00e1lem a majetkem.<\/p>\n<p>Jej\u00ed koncepci najdeme na internetu, i kdy\u017e se samoz\u0159ejm\u011b pod dojmem d\u011bn\u00ed na Ukrajin\u011b aktu\u00e1ln\u011b neust\u00e1le upravuje a m\u011bn\u00ed. I tak je ale zaj\u00edmav\u00e9 pod\u00edvat se na tyto star\u0161\u00ed dokumenty, kter\u00e9 ji popisuj\u00ed. Proto\u017ee je to n\u011bkolik str\u00e1nek ne p\u0159\u00edli\u0161 svi\u017en\u00e9ho \u010dten\u00ed, d\u011bkuji m\u00e9mu kolegovi Romanovi, \u017ee z toho u\u010dinil jak\u00fdsi v\u00fdcuc, kter\u00fd i j\u00e1 je\u0161t\u011b trochu zestru\u010dn\u00edm a p\u0159evypr\u00e1v\u00edm, aby text nep\u0159es\u00e1hl rozsah m\u00e9ho b\u011b\u017en\u00e9ho ned\u011bln\u00edku.<\/p>\n<p>V \u010cesk\u00e9 republice existuj\u00ed t\u0159i druhy krizov\u00fdch stav\u016f, kter\u00e9 mohou b\u00fdt vyhl\u00e1\u0161eny na celorepublikov\u00e9 \u00farovni. Jde o nouzov\u00fd stav (st\u00e1t p\u0159ij\u00edm\u00e1 mimo\u0159\u00e1dn\u00e1 opat\u0159en\u00ed), stav ohro\u017een\u00ed st\u00e1tu a v\u00e1le\u010dn\u00fd stav. Za t\u011bchto stav\u016f jsou st\u00e1tn\u00ed org\u00e1ny opr\u00e1vn\u011bny p\u0159ij\u00edmat mimo\u0159\u00e1dn\u00e1 opat\u0159en\u00ed k \u0159e\u0161en\u00ed krizov\u00fdch situac\u00ed.<\/p>\n<p>Mezi mimo\u0159\u00e1dn\u00e1 opat\u0159en\u00ed n\u00e1le\u017e\u00ed nap\u0159\u00edklad p\u0159ijet\u00ed nezbytn\u00fdch pr\u00e1vn\u00edch p\u0159edpis\u016f ve zkr\u00e1cen\u00e9m legislativn\u00edm procesu. To je to, co aktu\u00e1ln\u011b pozorujeme \u2013 nejen n\u00e1cvik pr\u00e1ce ve zkr\u00e1cen\u00e9m legislativn\u00edm procesu (akce \u201cd\u016fchody\u201d), ale i konkr\u00e9tn\u00ed n\u00e1vrhy z\u00e1kon\u016f (vysl\u00e1n\u00ed voj\u00e1k\u016f za hranice apod.), ale i r\u016fzn\u00e1 cvi\u010den\u00ed, n\u00e1cviky odvod\u016f apod.<\/p>\n<p>Na z\u00e1klad\u011b brann\u00e9ho z\u00e1kona je brann\u00e1 povinnost ob\u010dan\u016f v m\u00edrov\u00e9m stavu vykon\u00e1v\u00e1na pouze na principu dobrovolnosti a na smluvn\u00edm z\u00e1klad\u011b. V obdob\u00ed mimo\u0159\u00e1dn\u00fdch opat\u0159en\u00ed je ale brann\u00e1 povinnost vykon\u00e1v\u00e1na nejen na z\u00e1klad\u011b dobrovoln\u00e9ho z\u00e1vazku p\u0159evzet\u00ed brann\u00e9 povinnosti voj\u00e1ky z povol\u00e1n\u00ed a voj\u00e1ky v aktivn\u00edch z\u00e1loh\u00e1ch, ale i na z\u00e1klad\u011b z\u00e1konn\u00e9 povinnosti ob\u010dan\u016f (odvodn\u00ed \u0159\u00edzen\u00ed, povinn\u00e1 vojensk\u00e1 cvi\u010den\u00ed atd.).<\/p>\n<p>Po vyhl\u00e1\u0161en\u00ed stavu ohro\u017een\u00ed st\u00e1tu a v\u00e1le\u010dn\u00e9ho stavu je brann\u00e1 povinnost vykon\u00e1v\u00e1na pouze jako z\u00e1konn\u00e1 povinnost.<\/p>\n<p>Pr\u00e1vo ob\u010dana na odm\u00edtnut\u00ed v\u00fdkonu stanoven\u00e9ho druhu vojensk\u00e9 \u010dinn\u00e9 slu\u017eby se v obdob\u00ed mimo\u0159\u00e1dn\u00fdch opat\u0159en\u00ed zachov\u00e1v\u00e1, za stavu ohro\u017een\u00ed st\u00e1tu nebo v\u00e1le\u010dn\u00e9ho stavu ale je upraveno z\u00e1konem. To znamen\u00e1, \u017ee ob\u010dan m\u016f\u017ee odm\u00edtnout v\u00fdkon povinn\u00e9 vojensk\u00e9 \u010dinn\u00e9 slu\u017eby z d\u016fvodu sv\u011bdom\u00ed nebo n\u00e1bo\u017eensk\u00e9ho vyzn\u00e1n\u00ed a nastoupit tzv. alternativn\u00ed slu\u017ebu.<\/p>\n<p>To ale neplat\u00ed v p\u0159\u00edpad\u011b ohro\u017een\u00ed st\u00e1tu nebo v\u00e1le\u010dn\u00e9ho stavu, kdy bude pr\u00e1vn\u00edm p\u0159edpisem mo\u017enost odm\u00edtnut\u00ed v\u00fdkonu mimo\u0159\u00e1dn\u00e9 slu\u017eby omezena.<\/p>\n<p>Brann\u00e1 povinnost (v dob\u011b ohro\u017een\u00ed st\u00e1tu nebo v\u00e1le\u010dn\u00e9ho stavu ze z\u00e1kona povinn\u00e1) se vztahuje na v\u0161echny st\u00e1tn\u00ed ob\u010dany \u010cR ve stanoven\u00e9m v\u011bkov\u00e9m rozp\u011bt\u00ed 18-60 let. \u017den\u00e1m m\u016f\u017ee b\u00fdt ulo\u017eena jen odvodn\u00ed povinnost a povinnost k mimo\u0159\u00e1dn\u00e9 slu\u017eb\u011b po dobu v\u00e1le\u010dn\u00e9ho stavu \u2013 tedy st\u00e1t nem\u016f\u017ee \u017eeny nutit bojovat se zbran\u00ed, ale po\u0161le je nap\u0159\u00edklad do tov\u00e1ren \u010di nemocnic.<\/p>\n<p>Ob\u010dan, kter\u00fd jako voj\u00e1k v z\u00e1loze odm\u00edtl vykon\u00e1vat mimo\u0159\u00e1dnou slu\u017ebu, podl\u00e9h\u00e1 za stavu ohro\u017een\u00ed st\u00e1tu nebo v\u00e1le\u010dn\u00e9ho stavu pracovn\u00ed povinnosti podle z\u00e1kona o zaji\u0161\u0165ov\u00e1n\u00ed obrany \u010cesk\u00e9 republiky.<\/p>\n<p>Realizaci brann\u00e9 povinnosti ob\u010dan\u016f vykon\u00e1v\u00e1 od roku 2005 \u010dtrn\u00e1ct krajsk\u00fdch vojensk\u00fdch velitelstv\u00ed (KVV). U t\u011bchto KVV budou z\u0159\u00edzeny odvodn\u00ed a posudkov\u00e9 komise \u2013 to je to, o \u010dem se nyn\u00ed aktu\u00e1ln\u011b p\u00ed\u0161e a co je novinkou od minul\u00e9ho ned\u011bln\u00edku (kdy\u017e jsem ho psal, tato informace je\u0161t\u011b venku nebyla): \u017ee arm\u00e1da nacvi\u010duje s l\u00e9ka\u0159i mobiliza\u010dn\u00ed odvody.<\/p>\n<p>P\u0159\u00edprava mobilizace si toti\u017e vy\u017eaduje p\u0159ijet\u00ed opat\u0159en\u00ed ji\u017e v dob\u011b m\u00edru (p\u0159ed vyhl\u00e1\u0161en\u00edm stavu ohro\u017een\u00ed st\u00e1tu) v dostate\u010dn\u00e9m \u010dasov\u00e9m p\u0159edstihu tak, aby bylo mo\u017eno p\u0159ipravit osoby, vojensk\u00fd materi\u00e1l a majetek k pln\u011bn\u00ed \u00fakol\u016f spojen\u00fdch se zabezpe\u010den\u00edm obrany st\u00e1tu.<\/p>\n<p>Odvodn\u00ed \u0159\u00edzen\u00ed se tedy zahajuje u\u017e za mimo\u0159\u00e1dn\u00fdch opat\u0159en\u00ed. Je to proces, ve kter\u00e9m se rozhoduje o schopnosti st\u00e1tn\u00edho ob\u010dana vykon\u00e1vat vojenskou \u010dinnou slu\u017ebu. Vl\u00e1da stanov\u00ed na\u0159\u00edzen\u00edm podle pot\u0159eb arm\u00e1dy skladbu a po\u010dty ob\u010dan\u016f povinn\u00fdch podrobit se odvodn\u00edmu \u0159\u00edzen\u00ed podle ro\u010dn\u00edk\u016f jejich narozen\u00ed nebo podle jejich odborn\u00e9 civiln\u00ed kvalifikace anebo vyu\u017eitelnosti pro pot\u0159ebu arm\u00e1dy.<\/p>\n<p>Odvodn\u00ed komise se z\u0159izuj\u00ed u KVV, jsou \u010dty\u0159\u010dlenn\u00e9. P\u0159edsedou je \u0159editel KVV nebo j\u00edm ur\u010den\u00fd z\u00e1stupce KVV, \u010dleny jsou z\u00e1stupce obecn\u00edho \u00fa\u0159adu obce s roz\u0161\u00ed\u0159enou p\u016fsobnost\u00ed ur\u010den\u00fd starostou a dva civiln\u00ed l\u00e9ka\u0159i.<\/p>\n<p>Odvodn\u00ed komise podle zji\u0161t\u011bn\u00e9ho zdravotn\u00edho stavu vyd\u00e1 rozhodnut\u00ed o schopnosti ob\u010dana vykon\u00e1vat vojenskou \u010dinnou slu\u017ebu, nebo o jeho neschopnosti k vojensk\u00e9 slu\u017eb\u011b.<\/p>\n<p>Rozhodnut\u00ed o schopnosti nebo neschopnosti ob\u010dana vykon\u00e1vat vojenskou \u010dinnou slu\u017ebu se ob\u010danovi ozn\u00e1m\u00ed \u00fastn\u011b a sou\u010dasn\u011b se mu p\u0159ed\u00e1 jeho p\u00edsemn\u00e9 vyhotoven\u00ed.<\/p>\n<p>Jak odvodn\u00ed \u0159\u00edzen\u00ed prob\u00edh\u00e1? Krajsk\u00e9 vojensk\u00e9 velitelstv\u00ed doru\u010d\u00ed po stanoven\u00ed term\u00ednu zah\u00e1jen\u00ed odvodn\u00edho \u0159\u00edzen\u00ed ob\u010danovi, kter\u00fd je stanoven jako jeho \u00fa\u010dastn\u00edk, dotazn\u00edk slou\u017e\u00edc\u00ed pro \u00fa\u010dely odvodn\u00edho \u0159\u00edzen\u00ed k z\u00edsk\u00e1n\u00ed z\u00e1kladn\u00edch informac\u00ed o ob\u010danovi. Ob\u010dan je povinen dotazn\u00edk vyplnit, vy\u017e\u00e1dat jeho dopln\u011bn\u00ed registruj\u00edc\u00edm l\u00e9ka\u0159em, a s 1 fotografi\u00ed o rozm\u011brech 35 x 45 mm, odpov\u00eddaj\u00edc\u00ed jeho sou\u010dasn\u00e9 podob\u011b, jej nejpozd\u011bji do 30 dn\u016f ode dne jeho doru\u010den\u00ed vr\u00e1tit na krajsk\u00e9 vojensk\u00e9 velitelstv\u00ed. Jestli\u017ee je posti\u017een vadou nebo nemoc\u00ed, pro kterou nen\u00ed schopen dotazn\u00edk s\u00e1m vyplnit, u\u010din\u00ed tak za n\u011bj osoba bl\u00edzk\u00e1 nebo opatrovn\u00edk. Ob\u010dan v dotazn\u00edku uvede akademick\u00fd titul, jm\u00e9no nebo jm\u00e9na, p\u0159\u00edjmen\u00ed, rodn\u00e9 p\u0159\u00edjmen\u00ed, rodn\u00e9 \u010d\u00edslo, m\u00edsto narozen\u00ed, adresu m\u00edsta pobytu, adresu pro doru\u010dov\u00e1n\u00ed podle spr\u00e1vn\u00edho \u0159\u00e1du, dosa\u017een\u00e9 vzd\u011bl\u00e1n\u00ed, zam\u011bstn\u00e1n\u00ed, zvl\u00e1\u0161tn\u00ed schopnosti a znalosti, subjektivn\u00ed \u00fadaje o sv\u00e9m zdravotn\u00edm stavu, jm\u00e9no nebo jm\u00e9na, p\u0159\u00edjmen\u00ed a adresu m\u00edsta pobytu rodi\u010d\u016f nebo man\u017eelky, man\u017eela, druha anebo registrovan\u00e9ho partnera. Sou\u010d\u00e1st\u00ed dotazn\u00edku jsou \u00fadaje o zdravotn\u00edm stavu ob\u010dana zji\u0161t\u011bn\u00e9 na z\u00e1klad\u011b preventivn\u00ed prohl\u00eddky proveden\u00e9 v p\u0159\u00edslu\u0161n\u00e9m obdob\u00ed podle zvl\u00e1\u0161tn\u00edho pr\u00e1vn\u00edho p\u0159edpisu. Registruj\u00edc\u00ed l\u00e9ka\u0159 je povinen v dotazn\u00edku uv\u00e9st po\u017eadovan\u00e9 \u00fadaje o zdravotn\u00edm stavu ob\u010dana zji\u0161t\u011bn\u00e9 p\u0159i posledn\u00ed preventivn\u00ed prohl\u00eddce, pop\u0159\u00edpad\u011b je doplnit o v\u00fdsledky nov\u00fdch vy\u0161et\u0159en\u00ed, proveden\u00fdch v obdob\u00ed od t\u00e9to prohl\u00eddky do doby vypln\u011bn\u00ed dotazn\u00edku.<\/p>\n<p>Pod\u00edvejme se na pr\u016fb\u011bh odvodn\u00edho \u0159\u00edzen\u00ed: Ob\u010dan je povinen dostavit se k odvodn\u00edmu \u0159\u00edzen\u00ed na stanoven\u00e9 m\u00edsto v dob\u011b uveden\u00e9 v povol\u00e1vac\u00edm rozkaze vydan\u00fdm krajsk\u00fdm vojensk\u00fdm velitelstv\u00edm, prok\u00e1zat svoji toto\u017enost ob\u010dansk\u00fdm pr\u016fkazem nebo cestovn\u00edm dokladem a p\u0159edlo\u017eit doklady osv\u011bd\u010duj\u00edc\u00ed jeho zvl\u00e1\u0161tn\u00ed schopnosti nebo opr\u00e1vn\u011bn\u00ed vykon\u00e1vat ur\u010dit\u00e9 \u010dinnosti, nap\u0159\u00edklad \u0159idi\u010dsk\u00fd pr\u016fkaz nebo zdravotn\u00ed pr\u016fkaz. Povol\u00e1vac\u00ed rozkaz se doru\u010duje jako po\u0161tovn\u00ed z\u00e1silka do vlastn\u00edch rukou nejpozd\u011bji 30 dn\u016f p\u0159ed odvodn\u00edm \u0159\u00edzen\u00edm. Jestli\u017ee ob\u010dan povol\u00e1vac\u00ed rozkaz neobdr\u017e\u00ed, je povinen dostavit se k odvodn\u00edmu \u0159\u00edzen\u00ed na z\u00e1klad\u011b ve\u0159ejn\u00e9 vyhl\u00e1\u0161ky vydan\u00e9 krajsk\u00fdm vojensk\u00fdm velitelstv\u00edm. Ob\u010dan, kter\u00fd se nem\u016f\u017ee dostavit ve stanoven\u00e9 dob\u011b k odvodn\u00edmu \u0159\u00edzen\u00ed, je povinen to neprodlen\u011b ozn\u00e1mit krajsk\u00e9mu vojensk\u00e9mu velitelstv\u00ed, kter\u00e9 jej povolalo, d\u016fvody p\u00edsemn\u011b dolo\u017eit a d\u00e1le ohl\u00e1sit pominut\u00ed t\u011bchto d\u016fvod\u016f. Tento ob\u010dan se odvodn\u00edmu \u0159\u00edzen\u00ed podrob\u00ed dodate\u010dn\u011b. Ob\u010dan je p\u0159i odvodn\u00edm \u0159\u00edzen\u00ed povinen podrobit se l\u00e9ka\u0159sk\u00e9 prohl\u00eddce, pop\u0159\u00edpad\u011b dal\u0161\u00edm odborn\u00fdm vy\u0161et\u0159en\u00edm. L\u00e9ka\u0159sk\u00e9 prohl\u00eddce mohou b\u00fdt p\u0159\u00edtomni jen zdravotni\u010dt\u00ed pracovn\u00edci. Nemohou-li l\u00e9ka\u0159i zjistit p\u0159esn\u011b zdravotn\u00ed stav ob\u010dana, ode\u0161lou ho k odborn\u00fdm vy\u0161et\u0159en\u00edm k poskytovateli zdravotn\u00edch slu\u017eeb, kter\u00e9ho ur\u010d\u00ed. Podle v\u00fdsledku l\u00e9ka\u0159sk\u00e9 prohl\u00eddky a vyhodnocen\u00ed dotazn\u00edku, pop\u0159\u00edpad\u011b v\u00fdsledk\u016f odborn\u00fdch vy\u0161et\u0159en\u00ed, l\u00e9ka\u0159i zpracuj\u00ed posudek o stupni zdravotn\u00ed zp\u016fsobilosti ob\u010dana vykon\u00e1vat vojenskou \u010dinnou slu\u017ebu, kter\u00fd je podkladem pro rozhodnut\u00ed o schopnosti nebo o neschopnosti ob\u010dana vykon\u00e1vat vojenskou \u010dinnou slu\u017ebu.<\/p>\n<p>Odvodn\u00ed komise rozhoduje v\u011bt\u0161inou hlas\u016f. V p\u0159\u00edpad\u011b rovnosti hlas\u016f rozhoduje hlas p\u0159edsedy komise. Rozhodnut\u00ed o schopnosti nebo o neschopnosti ob\u010dana vykon\u00e1vat vojenskou \u010dinnou slu\u017ebu se ob\u010danovi oznamuje \u00fastn\u011b a sou\u010dasn\u011b se mu p\u0159ed\u00e1 jeho p\u00edsemn\u00e9 vyhotoven\u00ed. Proti rozhodnut\u00ed se lze odvolat k vy\u0161\u0161\u00ed odvodn\u00ed komisi.<\/p>\n<p>Zp\u016fsob posuzov\u00e1n\u00ed zdravotn\u00ed zp\u016fsobilosti ob\u010dana vykon\u00e1vat vojenskou \u010dinnou slu\u017ebu p\u0159i odvodn\u00edm \u0159\u00edzen\u00ed, p\u0159i l\u00e9ka\u0159sk\u00fdch prohl\u00eddk\u00e1ch, druhy a obsah t\u011bchto prohl\u00eddek, n\u00e1le\u017eitosti a obsah l\u00e9ka\u0159sk\u00e9ho posudku o zdravotn\u00ed zp\u016fsobilosti, stupn\u011b zdravotn\u00ed zp\u016fsobilosti a z\u00e1kladn\u00ed dokumentaci pro jej\u00ed posuzov\u00e1n\u00ed stanov\u00ed vyhl\u00e1\u0161kou Ministerstvo obrany.<\/p>\n<p>V p\u0159\u00edpad\u011b ohro\u017een\u00ed st\u00e1tu nebo v\u00e1le\u010dn\u00e9ho stavu se v\u0161e zrychluje a mo\u017enosti se zu\u017euj\u00ed. Ti, co jsou u\u017e z d\u0159\u00edv\u011bj\u0161ka uzn\u00e1ni za povinn\u00e9 z\u00e1lohy (nap\u0159\u00edklad ti, co u\u017e d\u0159\u00edve absolvovali v\u00fdcvik nebo voj\u00e1ci z povol\u00e1n\u00ed, kte\u0159\u00ed ode\u0161li do civilu), stejn\u011b jako voj\u00e1ci v aktivn\u00ed z\u00e1loze (AZ) jsou pr\u016fb\u011b\u017en\u011b povol\u00e1v\u00e1ni k v\u00fdkonu vojensk\u00fdch cvi\u010den\u00ed za \u00fa\u010delem jejich p\u0159ecvi\u010den\u00ed, zdokonalen\u00ed a stmelen\u00ed jednotek. Osoby podl\u00e9haj\u00edc\u00ed brann\u00e9 povinnosti podle vybran\u00fdch ro\u010dn\u00edk\u016f narozen\u00ed a civiln\u00edch odbornost\u00ed absolvuj\u00ed odvodn\u00ed \u0159\u00edzen\u00ed, jsou p\u0159evedeny do evidence voj\u00e1k\u016f v povinn\u00e9 z\u00e1loze a podle pot\u0159eb arm\u00e1dy povol\u00e1v\u00e1ny k absolvov\u00e1n\u00ed z\u00e1kladn\u00edho v\u00fdcviku.<\/p>\n<p>Povinn\u00e1 vojensk\u00e1 cvi\u010den\u00ed voj\u00e1k\u016f v z\u00e1loze budou prov\u00e1d\u011bna v trv\u00e1n\u00ed: z\u00e1kladn\u00ed v\u00fdcvik do 12 t\u00fddn\u016f; zdokonalovac\u00ed do 8 t\u00fddn\u016f; stmelovac\u00ed do 4 t\u00fddn\u016f.<\/p>\n<p>Proti odvodn\u00edmu rozhodnut\u00ed nen\u00ed ve stavu ohro\u017een\u00ed st\u00e1tu \u010di ve stavu v\u00e1le\u010dn\u00e9m p\u0159\u00edpustn\u00e9 odvol\u00e1n\u00ed.<\/p>\n<p>V p\u0159\u00edpad\u011b stavu ohro\u017een\u00ed st\u00e1tu a opat\u0159en\u00ed v\u00e1le\u010dn\u00e9ho stavu doch\u00e1z\u00ed mimo jin\u00e9 k omezen\u00ed cestov\u00e1n\u00ed do zahrani\u010d\u00ed u osob podl\u00e9haj\u00edc\u00edch brann\u00e9 povinnosti. Ob\u010dan\u016fm, kte\u0159\u00ed podl\u00e9haj\u00ed brann\u00e9 povinnosti, a voj\u00e1k\u016fm v z\u00e1loze bude po dobu stavu ohro\u017een\u00ed st\u00e1tu nebo v\u00e1le\u010dn\u00e9ho stavu k cestov\u00e1n\u00ed do zahrani\u010d\u00ed vyd\u00e1v\u00e1no povolen\u00ed. Povolen\u00ed vyd\u00e1v\u00e1 p\u0159\u00edslu\u0161n\u00e9 KVV. Ob\u010dan, kter\u00fd m\u00e1 brannou povinnost, se dopust\u00ed p\u0159estupku t\u00edm, \u017ee po dobu stavu ohro\u017een\u00ed st\u00e1tu nebo v\u00e1le\u010dn\u00e9ho stavu vycestuje do zahrani\u010d\u00ed bez souhlasu.<\/p>\n<p>U ob\u010dan\u016f, podl\u00e9haj\u00edc\u00edch brann\u00e9 povinnosti a dlouhodob\u011b pob\u00fdvaj\u00edc\u00edch mimo \u00fazem\u00ed \u010cR, bude provedeno jejich vyrozum\u011bn\u00ed prost\u0159ednictv\u00edm Ministerstva zahrani\u010dn\u00edch v\u011bc\u00ed a jeho zastupitelsk\u00fdch \u00fa\u0159ad\u016f.<\/p>\n<p>Dodejme, \u017ee o vyhl\u00e1\u0161en\u00ed v\u00e1le\u010dn\u00e9ho stavu (je-li \u010cR napadena nebo je-li t\u0159eba plnit mezin\u00e1rodn\u00ed smluvn\u00ed z\u00e1vazky o spole\u010dn\u00e9 obran\u011b proti napaden\u00ed v p\u0159\u00edpad\u011b, \u017ee je ohro\u017eena svrchovanost a \u00fazemn\u00ed celistvost \u010cR, a to bu\u010f p\u0159i obran\u011b vlastn\u00edho \u00fazem\u00ed, nebo bl\u00edzk\u00e9ho \u00fazem\u00ed spojenc\u016f) rozhoduje parlament. Mobilizaci pak na n\u00e1vrh vl\u00e1dy na\u0159izuje prezident republiky \u2013 a\u0165 ji\u017e \u010d\u00e1ste\u010dnou nebo v\u0161eobecnou.<\/p>\n<p>Mus\u00edme si tak\u00e9 uv\u011bdomit, \u017ee v dob\u011b v\u00e1le\u010dn\u00e9ho stavu p\u0159ech\u00e1z\u00ed st\u00e1t na v\u00e1le\u010dn\u00e9ho hospod\u00e1\u0159stv\u00ed, \u0159\u00edd\u00ed se v\u00e1le\u010dn\u00fdm rozpo\u010dtem. Vl\u00e1da tak\u00e9 m\u016f\u017ee na nezbytn\u011b nutnou dobu a v nezbytn\u011b nutn\u00e9m rozsahu na\u0159\u00eddit omezen\u00ed pr\u00e1v a z\u00e1kladn\u00edch svobod pr\u00e1vnick\u00fdch a fyzick\u00fdch osob. Mezi takov\u00e1 pr\u00e1va pat\u0159\u00ed pr\u00e1vo na nedotknutelnost osoby a obydl\u00ed; vlastnick\u00e9 a u\u017e\u00edvac\u00ed pr\u00e1vo; svoboda pohybu a pobytu; pr\u00e1vo shroma\u017e\u010fovac\u00ed; pr\u00e1vo na podnikatelskou \u010dinnost; pr\u00e1vo na st\u00e1vku apod. N\u011bco z kontur takov\u00e9ho mo\u017en\u00e9ho budouc\u00edho v\u00fdvoje jsme mohli za\u017e\u00edt za covidu, ve v\u00e1le\u010dn\u00e9m stavu k tomu ale p\u0159istupuj\u00ed i takov\u00e9 v\u011bci jako je rekv\u00edrov\u00e1n\u00ed majetku (nap\u0159\u00edklad vozidel, nemovitost\u00ed apod.). Pokud si l\u00e1mete hlavu, co bude s va\u0161\u00edm podnik\u00e1n\u00edm, zat\u00edmco budete odveden, v\u011bzte, \u017ee v dob\u011b v\u00e1le\u010dn\u00e9ho stavu \u2013 jak bylo ps\u00e1no v\u00fd\u0161e \u2013 \u010dlov\u011bk pozb\u00fdv\u00e1 pr\u00e1va na soukrom\u00e9 podnik\u00e1n\u00ed.<\/p>\n<p>M\u00edstn\u00ed, osobn\u00ed a \u010dasovou p\u016fsobnost a konkr\u00e9tn\u00ed stanoven\u00ed omezen\u00ed lidsk\u00fdch pr\u00e1v a z\u00e1kladn\u00edch svobod na\u0159izuje vl\u00e1da. Na\u0159\u00edzen\u00ed se vyhla\u0161uje stejn\u00fdm zp\u016fsobem jako pr\u00e1vn\u00ed p\u0159edpis a zve\u0159ej\u0148uje se v hromadn\u00fdch sd\u011blovac\u00edch prost\u0159edc\u00edch. Omezen\u00ed lidsk\u00fdch pr\u00e1v a z\u00e1kladn\u00edch svobod nab\u00fdvaj\u00ed \u00fa\u010dinnosti okam\u017eikem, kter\u00fd se v na\u0159\u00edzen\u00ed stanov\u00ed.<\/p>\n<p>Na z\u00e1v\u011br nezb\u00fdv\u00e1 ne\u017e dodat, \u017ee snad tyto sc\u00e9n\u00e1\u0159e nedojdou napln\u011bn\u00ed. Na druhou stranu, nic nenasv\u011bd\u010duje tomu, \u017ee bychom se bl\u00ed\u017eili m\u00edru. Rozhodn\u011b ne v \u010cesk\u00e9 republice, kde panuje \u0161tvav\u00e1 v\u00e1le\u010dnick\u00e1 n\u00e1lada\u2026<\/p>\n<p>Vlasti a m\u00edru zdar!<\/p>\n<p><em>Adam B. Barto\u0161<\/em><br \/>\n<em>p\u0159edseda N\u00e1rodn\u00ed demokracie<\/em><\/p>\n<p>PS Pokud jsem na n\u011bco zapomn\u011bl \u010di n\u011bco uvedl nep\u0159esn\u011b, napi\u0161te mi na info@narodnidemokracie.cz<\/p>\n<p><img decoding=\"async\" loading=\"lazy\" class=\"alignnone size-full wp-image-678\" src=\"http:\/\/www.infokuryr.cz\/n\/wp-content\/uploads\/2021\/04\/narodni_demokracie_logo.jpg\" alt=\"\" width=\"300\" height=\"85\" \/><\/p>\n<p>_____________________________<\/p>\n<p>&nbsp;<\/p>\n<p>&nbsp;<\/p>\n<p><img decoding=\"async\" loading=\"lazy\" class=\"wp-image-19187 aligncenter\" src=\"http:\/\/www.infokuryr.cz\/n\/wp-content\/uploads\/2022\/12\/1-PRO-300x36.jpg\" alt=\"\" width=\"1300\" height=\"156\" srcset=\"https:\/\/www.infokuryr.cz\/n\/wp-content\/uploads\/2022\/12\/1-PRO-300x36.jpg 300w, https:\/\/www.infokuryr.cz\/n\/wp-content\/uploads\/2022\/12\/1-PRO.jpg 699w\" sizes=\"(max-width: 1300px) 100vw, 1300px\" \/><\/p>\n<p>&nbsp;<\/p>\n<p>&nbsp;<\/p>\n","protected":false},"excerpt":{"rendered":"<p>Minule jsem sl\u00edbil, \u017ee si tentokr\u00e1t posv\u00edt\u00edme na mobilizaci, vyhl\u00e1\u0161en\u00ed v\u00e1le\u010dn\u00e9ho stavu a v\u0161echny podobn\u00e9&#8230;<\/p>\n","protected":false},"author":2,"featured_media":26418,"comment_status":"closed","ping_status":"closed","sticky":false,"template":"","format":"standard","meta":[],"categories":[6],"tags":[367,29,85],"_links":{"self":[{"href":"https:\/\/www.infokuryr.cz\/n\/wp-json\/wp\/v2\/posts\/26417"}],"collection":[{"href":"https:\/\/www.infokuryr.cz\/n\/wp-json\/wp\/v2\/posts"}],"about":[{"href":"https:\/\/www.infokuryr.cz\/n\/wp-json\/wp\/v2\/types\/post"}],"author":[{"embeddable":true,"href":"https:\/\/www.infokuryr.cz\/n\/wp-json\/wp\/v2\/users\/2"}],"replies":[{"embeddable":true,"href":"https:\/\/www.infokuryr.cz\/n\/wp-json\/wp\/v2\/comments?post=26417"}],"version-history":[{"count":0,"href":"https:\/\/www.infokuryr.cz\/n\/wp-json\/wp\/v2\/posts\/26417\/revisions"}],"wp:featuredmedia":[{"embeddable":true,"href":"https:\/\/www.infokuryr.cz\/n\/wp-json\/wp\/v2\/media\/26418"}],"wp:attachment":[{"href":"https:\/\/www.infokuryr.cz\/n\/wp-json\/wp\/v2\/media?parent=26417"}],"wp:term":[{"taxonomy":"category","embeddable":true,"href":"https:\/\/www.infokuryr.cz\/n\/wp-json\/wp\/v2\/categories?post=26417"},{"taxonomy":"post_tag","embeddable":true,"href":"https:\/\/www.infokuryr.cz\/n\/wp-json\/wp\/v2\/tags?post=26417"}],"curies":[{"name":"wp","href":"https:\/\/api.w.org\/{rel}","templated":true}]}}