{"id":2638,"date":"2021-06-19T04:10:18","date_gmt":"2021-06-19T02:10:18","guid":{"rendered":"http:\/\/www.infokuryr.cz\/n\/?p=2638"},"modified":"2021-06-19T04:11:51","modified_gmt":"2021-06-19T02:11:51","slug":"v-praze-si-pripomneli-posledni-boj-ceskoslovenskych-vysadkaru","status":"publish","type":"post","link":"https:\/\/www.infokuryr.cz\/n\/2021\/06\/19\/v-praze-si-pripomneli-posledni-boj-ceskoslovenskych-vysadkaru\/","title":{"rendered":"V Praze si p\u0159ipomn\u011bli posledn\u00ed boj \u010deskoslovensk\u00fdch v\u00fdsadk\u00e1\u0159\u016f"},"content":{"rendered":"<div id=\"fb-root\"><\/div>\n<p><strong>Stovky lid\u00ed se v p\u00e1tek se\u0161ly p\u0159ed chr\u00e1mem sv. Cyrila a Metod\u011bje, kde se konala pietn\u00ed vzpom\u00ednka na para\u0161utisty, kte\u0159\u00ed provedli atent\u00e1t na \u0159\u00ed\u0161sk\u00e9ho protektora Reinharda Heydricha. Mezi p\u0159\u00edtomn\u00fdmi byl i p\u0159edseda Sn\u011bmovny Radek Vondr\u00e1\u010dek (ANO) a n\u00e1\u010deln\u00edk gener\u00e1ln\u00edho \u0161t\u00e1bu Ale\u0161 Opata.<\/strong><\/p>\n<p>Za doprovodu vojensk\u00e9 hudby u okna krypty chr\u00e1mu, kde zem\u0159eli n\u011bkte\u0159\u00ed z\u00a0<strong>v\u00fdsadk\u00e1\u0159\u016f<\/strong>, polo\u017eili v\u011bnce a kv\u011btiny p\u0159edseda doln\u00ed komory parlamentu Radek Vondr\u00e1\u010dek, minist\u0159i Lubom\u00edr Zaor\u00e1lek, Jana Mal\u00e1\u010dov\u00e1 a Jakub Kulh\u00e1nek (v\u0161ichni \u010cSSD). D\u00e1le se slavnosti z\u00fa\u010dastnili n\u00e1\u010deln\u00edk gener\u00e1ln\u00edho \u0161t\u00e1bu Ale\u0161 Opata i z\u00e1stupci Kancel\u00e1\u0159e prezidenta republiky.<\/p>\n<p>\u201eJe tomu na den p\u0159esn\u011b 79 let, kdy v chr\u00e1mu sv. Cyrila a Metod\u011bje sedm \u010deskoslovensk\u00fdch voj\u00e1k\u016f \u010delilo ston\u00e1sobn\u00e9 nep\u0159\u00e1telsk\u00e9 p\u0159esile nacist\u016f. Mezi para\u0161utisty byli tak\u00e9 Jan Kubi\u0161 a Jozef Gab\u010d\u00edk z v\u00fdsadku Anthropoid, kte\u0159\u00ed odstranili zastupuj\u00edc\u00edho \u0159\u00ed\u0161sk\u00e9ho protektora Reinharda Heydricha. Pravoslavn\u00ed duchovn\u00ed poskytli para\u0161utist\u016fm posledn\u00ed \u00fakryt. Dnes jsem se v Resslov\u011b ulici v Praze, na m\u00edst\u011b, kde tito hrdinov\u00e9 p\u0159i\u0161li o \u017eivot, poklonil jejich pam\u00e1tce,\u201c uvedl Vondr\u00e1\u010dek.<\/p>\n<p>Podle n\u011bj m\u00e1 \u010desk\u00fd n\u00e1rod mnoho hrdin\u016f, ale m\u00e1lo se o nich mluv\u00ed. D\u00e1le ocenil, \u017ee se letos se\u0161lo v\u00edce lid\u00ed. V lo\u0148sk\u00e9m roce toti\u017e kv\u016fli p\u0159\u00edsn\u00fdm protiepidemick\u00fdm opat\u0159en\u00edm\u00a0byla\u00a0pieta mnohem skromn\u011bj\u0161\u00ed.<\/p>\n<p>Letos nebyli v\u00e1le\u010dn\u00ed veter\u00e1ni na slavnostn\u00ed akci pozv\u00e1ni. M\u016f\u017ee za to hork\u00e9 po\u010das\u00ed i skute\u010dnost, \u017ee mnoz\u00ed jsou ve \u0161patn\u00e9m zdravotn\u00edm stavu. Nicm\u00e9n\u011b n\u011bkte\u0159\u00ed p\u0159i\u0161li samostatn\u011b. Mezi nimi byl i p\u0159\u00edslu\u0161n\u00edk 1. \u010deskoslovensk\u00e9ho arm\u00e1dn\u00edho sboru Miloslav Masopust.<\/p>\n<p>N\u00e1\u010deln\u00edk gener\u00e1ln\u00edho \u0161t\u00e1bu Ale\u0161 Opata vyj\u00e1d\u0159il p\u0159esv\u011bd\u010den\u00ed, \u017ee i p\u0159es odchod pam\u011btn\u00edk\u016f druh\u00e9 sv\u011btov\u00e9 v\u00e1lky bude vzpom\u00ednka na jejich hrdinstv\u00ed zachov\u00e1na.<\/p>\n<p>\u201eProto\u017ee ta krypta je mementem historie \u010desk\u00e9ho st\u00e1tu. A to velmi siln\u00fdm mementem, o kter\u00e9m ob\u010dan\u00e9 \u010cesk\u00e9 republiky v\u011bd\u00ed podstatn\u011b v\u00edce v\u011bc\u00ed ne\u017e t\u0159eba o dukelsk\u00e9 operaci,\u201c uvedl. \u201eJe to obrovsk\u00e1 ztr\u00e1ta, \u017ee ti lid\u00e9 odch\u00e1zej\u00ed, je to sice realita \u017eivota, ale mysl\u00edm, \u017ee se ten jejich odkaz bude posunovat d\u00e1l,\u201c dodal.<\/p>\n<p>\u201eKa\u017ed\u00e1 zem\u011b pot\u0159ebuje sv\u00e9 hrdiny, proto\u017ee svoboda nen\u00ed zadarmo, ta se ned\u00e1 nikdy koupit, za tu se mus\u00ed \u010das od \u010dasu bojovat, a to nejenom na politick\u00e9 \u00farovni,\u201c prohl\u00e1sil d\u00e1le n\u00e1\u010deln\u00edk gener\u00e1ln\u00edho \u0161t\u00e1bu.<\/p>\n<p>\u00datok na zastupuj\u00edc\u00edho \u0159\u00ed\u0161sk\u00e9ho protektora\u00a0Reinharda Heydricha\u00a0provedli\u00a027. kv\u011btna 1942 Jozef Gab\u010d\u00edk a Jan Kubi\u0161. Spolu s nimi zem\u0159eli v kostele a krypt\u011b sv. Cyrila a Metod\u011bje (za okupace sv. Karla Boromejsk\u00e9ho) tak\u00e9 Adolf Op\u00e1lka, Josef Val\u010d\u00edk, Jan Hrub\u00fd, Josef Bubl\u00edk a Jaroslav \u0160varc. Hrdiny operace Anthropoid i n\u00e1sledn\u00e9 ob\u011bti nacistick\u00fdch repres\u00ed p\u0159ipom\u00edn\u00e1 od roku 1995 N\u00e1rodn\u00ed pam\u00e1tn\u00edk hrdin\u016f heydrichi\u00e1dy, um\u00edst\u011bn\u00fd p\u0159\u00edmo v cyrilometod\u011bjsk\u00e9m chr\u00e1mu.<\/p>\n<p>\u201e\u0158\u00edk\u00e1 se, \u017ee ten, kdo polo\u017e\u00ed \u017eivot za vlast, nezasluhuje smrt, ale nesmrtelnost. T\u011bch sedm state\u010dn\u00fdch se ji\u017e nesmrteln\u00fdmi stalo. Nezapome\u0148me nikdy na jejich posledn\u00ed slova, kter\u00fdmi odpov\u011bd\u011bli na opakovan\u00e9 v\u00fdzvy obl\u00e9hatel\u016f ke kapitulaci: \u201a\u010ce\u0161i se nevzd\u00e1vaj\u00ed!\u2018\u201c uvedl vojensk\u00fd historik a \u0159editel Pam\u00e1tn\u00edku Lidice Eduard Stehl\u00edk.<\/p>\n<p><a href=\"https:\/\/cz.sputniknews.com\/20210618\/cesi-dnes-vzpominaji-na-posledni-boj-ceskoslovenskych-vysadkaru-14882120.html\">ZDROJ<\/a><\/p>\n<p>&nbsp;<\/p>\n","protected":false},"excerpt":{"rendered":"<p>Stovky lid\u00ed se v p\u00e1tek se\u0161ly p\u0159ed chr\u00e1mem sv. Cyrila a Metod\u011bje, kde se konala&#8230;<\/p>\n","protected":false},"author":2,"featured_media":2639,"comment_status":"closed","ping_status":"closed","sticky":false,"template":"","format":"standard","meta":[],"categories":[6],"tags":[468,234,661],"_links":{"self":[{"href":"https:\/\/www.infokuryr.cz\/n\/wp-json\/wp\/v2\/posts\/2638"}],"collection":[{"href":"https:\/\/www.infokuryr.cz\/n\/wp-json\/wp\/v2\/posts"}],"about":[{"href":"https:\/\/www.infokuryr.cz\/n\/wp-json\/wp\/v2\/types\/post"}],"author":[{"embeddable":true,"href":"https:\/\/www.infokuryr.cz\/n\/wp-json\/wp\/v2\/users\/2"}],"replies":[{"embeddable":true,"href":"https:\/\/www.infokuryr.cz\/n\/wp-json\/wp\/v2\/comments?post=2638"}],"version-history":[{"count":0,"href":"https:\/\/www.infokuryr.cz\/n\/wp-json\/wp\/v2\/posts\/2638\/revisions"}],"wp:featuredmedia":[{"embeddable":true,"href":"https:\/\/www.infokuryr.cz\/n\/wp-json\/wp\/v2\/media\/2639"}],"wp:attachment":[{"href":"https:\/\/www.infokuryr.cz\/n\/wp-json\/wp\/v2\/media?parent=2638"}],"wp:term":[{"taxonomy":"category","embeddable":true,"href":"https:\/\/www.infokuryr.cz\/n\/wp-json\/wp\/v2\/categories?post=2638"},{"taxonomy":"post_tag","embeddable":true,"href":"https:\/\/www.infokuryr.cz\/n\/wp-json\/wp\/v2\/tags?post=2638"}],"curies":[{"name":"wp","href":"https:\/\/api.w.org\/{rel}","templated":true}]}}