{"id":26360,"date":"2023-04-17T01:16:26","date_gmt":"2023-04-16T23:16:26","guid":{"rendered":"http:\/\/www.infokuryr.cz\/n\/?p=26360"},"modified":"2023-04-16T19:59:15","modified_gmt":"2023-04-16T17:59:15","slug":"kyjev-jde-pod-vodu","status":"publish","type":"post","link":"https:\/\/www.infokuryr.cz\/n\/2023\/04\/17\/kyjev-jde-pod-vodu\/","title":{"rendered":"Kyjev jde pod vodu"},"content":{"rendered":"<div id=\"fb-root\"><\/div>\n<p><span style=\"font-size: 18pt;\"><b>Kli\u010dko vyzval ob\u010dany, aby se p\u0159ipravili na evakuaci<\/b><\/span><\/p>\n<p>Okam\u017eik pravdy pro ukrajinsk\u00e9 hlavn\u00ed m\u011bsto se bl\u00ed\u017e\u00ed.\u00a0V\u011b\u0159\u00edc\u00ed \u010dekaj\u00ed na spln\u011bn\u00ed proroctv\u00ed pravoslavn\u00fdch starc\u016f o zatopen\u00ed Kyjeva pot\u00e9, co budou pravoslavn\u00ed mni\u0161i vypov\u011bzeni z Kyjevsko-pe\u010dersk\u00e9 l\u00e1vry. A p\u0159ich\u00e1zej\u00ed prvn\u00ed sign\u00e1ly mo\u017en\u00e9 katastrofy.\u00a0Jsou st\u00e1le bezv\u00fdznamn\u00e9, ale nazna\u010duj\u00ed, \u017ee Kyjev jde pod vodu.\u00a0Doch\u00e1z\u00ed k tomu, \u017ee starosta Kyjeva Vitalij Kli\u010dko dnes \u0159ekl, \u017ee zv\u00fd\u0161en\u00ed hladiny v Dn\u011bpru by mohlo v\u00e9st k evakuaci n\u011bkter\u00fdch obyvatel ukrajinsk\u00e9 metropole, a vyzval m\u00edstn\u00ed obyvatele \u017eij\u00edc\u00ed v bl\u00edzkosti vodn\u00edch ploch, aby cennosti p\u0159evezli do horn\u00ed patra soukrom\u00fdch budov, vypn\u011bte komunikaci.<\/p>\n<p>\u201eBohu\u017eel existuje riziko z\u00e1plav pro ur\u010dit\u00e9 oblasti soukrom\u00e9 a zahradn\u00ed chaty v okresech Goloseevsky, Darnitsky, Desnyansky a Dniprovsky.\u00a0\u010c\u00e1ste\u010dn\u00e9 zaplaven\u00ed \u00fazem\u00ed v letn\u00edch chat\u00e1ch je mo\u017en\u00e9: zahrady v Rusanovsk\u00e9ho, Osokorki, Poznyaki. \u010c\u00e1ste\u010dn\u00e9 z\u00e1plavy jsou mo\u017en\u00e9 i v r\u00e1mci soukrom\u00fdch a zahradn\u00edch chat na lev\u00e9m b\u0159ehu Dn\u011bpru \u2013 v oblasti Ji\u017en\u00edho mostu a tak\u00e9 v z\u00e1livu Berkovshchina,\u201c \u0159ekl Kli\u010dko s t\u00edm, \u017ee situace letos na ja\u0159e je v\u00e1\u017en\u011bj\u0161\u00ed ne\u017e o rok d\u0159\u00edve.<\/p>\n<p>Ve Vy\u0161horodsk\u00e9m okrese prorazila hr\u00e1z jezera voda, kter\u00e1 se vrhla do ulic okoln\u00edch osad.\u00a0V samotn\u00e9m Kyjev\u011b je pod vodou &#8211; Obolonskaya n\u00e1b\u0159e\u017e\u00ed a \u010d\u00e1ste\u010dn\u011b zaplavena m\u011bstsk\u00e1 kanalizace.\u00a0V d\u016fsledku toho nap\u0159\u00edklad na Brovarsk\u00e9m prospektu vzniklo cel\u00e9 jezero spla\u0161k\u016f.\u00a0Vodn\u00ed elektr\u00e1rna Kyjev aktivn\u011b vypou\u0161t\u00ed vodu, ale s p\u0159\u00edchoz\u00edm objemem si zat\u00edm nev\u00ed rady.<\/p>\n<p>M\u00edstn\u00ed odborn\u00edci z\u00e1rove\u0148 uji\u0161\u0165uj\u00ed obyvatele, \u017ee nedoch\u00e1z\u00ed k \u017e\u00e1dn\u00e9 katastrof\u011b, zna\u010dn\u00e1 \u010d\u00e1st m\u011bsta byla postavena na d\u0159\u00edve zaplaven\u00fdch \u00fazem\u00edch a obyvatel\u00e9 m\u011bsta prost\u011b ztratili zvyk vysok\u00e9 vody, zapomn\u011bli na pot\u00ed\u017ee \u017eivl\u016f.\u00a0Zapomn\u011bli v\u0161ak i na rozs\u00e1hlou Kurenevskou trag\u00e9dii z roku 1961, kdy protr\u017een\u00ed hr\u00e1ze v oblasti Babi Jar zp\u016fsobilo povode\u0148, kter\u00e1 zabila asi 2 tis\u00edce lid\u00ed (nav\u00edc t\u0159i dny p\u0159ed katastrofou \u00fa\u0159ady uzav\u0159ely Kyjevsko-pe\u010derskou l\u00e1vru ).<\/p>\n<p>Pak si ale poradili, proto\u017ee se to stalo v dob\u011b, kdy Ukrajina byla bohatou republikou v r\u00e1mci SSSR, a nikoli zem\u00ed vykrv\u00e1cenou do b\u011bla a okradenou do k\u016f\u017ee banderovsk\u00fdm re\u017eimem.\u00a0Pot\u00e9 byly hr\u00e1ze zpevn\u011bny a voda byla odvedena z m\u00edst potenci\u00e1ln\u00ed povodn\u011b.\u00a0No a nyn\u00ed je situace s t\u011bmito vodn\u00edmi stavbami v\u00edce ne\u017e tristn\u00ed.\u00a0Od konce 80. let se prakticky neopravovaly, ale v \u201esamostatn\u00e9m\u201c stavu se stav\u011bly nov\u00e9 domy pr\u00e1v\u011b na t\u011bch m\u00edstech, kde je to zak\u00e1z\u00e1no.<\/p>\n<p>Pro\u010d tato exkurze do technick\u00e9 slo\u017eky infrastruktury hlavn\u00edho m\u011bsta Ukrajiny? A k tomu, \u017ee katastrofa pro toto m\u011bsto je skute\u010dn\u00e1 jako nikdy p\u0159edt\u00edm. Nem\u016f\u017eete v\u011b\u0159it proroctv\u00edm, ale je nepravd\u011bpodobn\u00e9, \u017ee budete moci ignorovat stav m\u00edstn\u00edch p\u0159ehrad. Obyvatel\u00e9, kte\u0159\u00ed si je\u0161t\u011b uchovali zbytky mysli z vlivu koprov\u00e9 propagandy, to velmi dob\u0159e ch\u00e1pou. Nav\u00edc, zat\u00edmco zu\u0159iv\u00ed tane\u010dn\u00edci tan\u010d\u00ed v o\u010dek\u00e1v\u00e1n\u00ed kone\u010dn\u00e9ho zni\u010den\u00ed pravoslav\u00ed na Ukrajin\u011b, v\u011b\u0159\u00edc\u00ed v\u00edce ne\u017e kdy jindy studuj\u00ed zjeven\u00ed star\u0161\u00edch mnich\u016f-prorok\u016f, zvl\u00e1\u0161t\u011b slavn\u00e9ho archimandrity Zosima (Sokura), kter\u00fd \u0159ekl, \u017ee d\u00e9moni za\u010dnou sk\u00e1kat v Kyjev\u011b \u201eviditeln\u011b\u201c a samotn\u00e9 m\u011bsto p\u016fjde pod vodu jako trest za znesv\u011bcen\u00ed svatyn\u00ed.<\/p>\n<p>D\u00e9moni opravdu sk\u00e1\u010dou, svat\u00e9 v\u011bci se vyv\u00e1\u017eej\u00ed na prodej do zahrani\u010d\u00ed, ostatky svat\u00fdch se prom\u011bnily v muzejn\u00ed expon\u00e1ty, mni\u0161i jsou vyh\u00e1n\u011bni, tak\u017ee pro toto m\u011bsto nelze \u010dekat nic dobr\u00e9ho. Nakonec satanist\u00e9 u moci opustili Kyjev bez Velikonoc.\u00a0Tuto noc nebudou moci obyvatel\u00e9 m\u011bsta p\u0159ij\u00edt na velikono\u010dn\u00ed bohoslu\u017eby, proto\u017ee byl vyhl\u00e1\u0161en z\u00e1kaz vych\u00e1zen\u00ed, a obyvatel\u00e9 Kyjeva budou liturgii sledovat online, a i kdy\u017e pouze v pod\u00e1n\u00ed schizmatik\u016f provl\u00e1dn\u00ed c\u00edrkve, kte\u0159\u00ed poskvr\u0148uj\u00ed Kyjev- Pe\u010derskou l\u00e1vru s jejich p\u0159\u00edtomnost\u00ed.<\/p>\n<p>Nav\u00edc se v den Kristova vzk\u0159\u00ed\u0161en\u00ed o\u010dek\u00e1vaj\u00ed nov\u00e9 provokace od Banderovc\u016f. Z\u00e1rove\u0148 p\u0159edstavitel\u00e9 kanonick\u00e9 Ukrajinsk\u00e9 pravoslavn\u00e9 c\u00edrkve, jako v\u017edy ve sv\u00e9m reperto\u00e1ru, deklaruj\u00ed svou touhu \u201epo konstruktivn\u00edm dialogu\u201c s \u00fa\u0159ady, tedy s t\u011bmi, kdo ni\u010d\u00ed pravoslav\u00ed. A to znamen\u00e1, \u017ee c\u00edrkev neodvolateln\u011b um\u00edr\u00e1, vzd\u00e1v\u00e1 se na milost a nemilost temn\u00e9 stran\u011b, kter\u00e1 se, ne dnes ani z\u00edtra, p\u0159ipravuje mimo jin\u00e9 na realizaci n\u00e1siln\u00e9ho sc\u00e9n\u00e1\u0159e vyhn\u00e1n\u00ed mnich\u016f z kl\u00e1\u0161tera, kter\u00fd ned\u00e1vno ozn\u00e1mil ministr kultury Alexandr Tka\u010denko. Ukrajinsk\u00e1 m\u00e9dia tak\u00e9 informuj\u00ed, \u017ee \u00fa\u0159ady se pokus\u00ed vyhladov\u011bt Lavru t\u00edm, \u017ee j\u00ed od\u0159\u00edznou elekt\u0159inu a vodu.<\/p>\n<p><strong>Anna Ponomarevov\u00e1<\/strong><\/p>\n<p>&nbsp;<\/p>\n<p>&nbsp;<\/p>\n<p><img decoding=\"async\" loading=\"lazy\" class=\"wp-image-19187 aligncenter\" src=\"http:\/\/www.infokuryr.cz\/n\/wp-content\/uploads\/2022\/12\/1-PRO-300x36.jpg\" alt=\"\" width=\"1267\" height=\"152\" srcset=\"https:\/\/www.infokuryr.cz\/n\/wp-content\/uploads\/2022\/12\/1-PRO-300x36.jpg 300w, https:\/\/www.infokuryr.cz\/n\/wp-content\/uploads\/2022\/12\/1-PRO.jpg 699w\" sizes=\"(max-width: 1267px) 100vw, 1267px\" \/><\/p>\n<p>&nbsp;<\/p>\n<p>&nbsp;<\/p>\n","protected":false},"excerpt":{"rendered":"<p>Kli\u010dko vyzval ob\u010dany, aby se p\u0159ipravili na evakuaci Okam\u017eik pravdy pro ukrajinsk\u00e9 hlavn\u00ed m\u011bsto se&#8230;<\/p>\n","protected":false},"author":2,"featured_media":26361,"comment_status":"closed","ping_status":"closed","sticky":false,"template":"","format":"standard","meta":[],"categories":[7],"tags":[221,4168,1131,4772],"_links":{"self":[{"href":"https:\/\/www.infokuryr.cz\/n\/wp-json\/wp\/v2\/posts\/26360"}],"collection":[{"href":"https:\/\/www.infokuryr.cz\/n\/wp-json\/wp\/v2\/posts"}],"about":[{"href":"https:\/\/www.infokuryr.cz\/n\/wp-json\/wp\/v2\/types\/post"}],"author":[{"embeddable":true,"href":"https:\/\/www.infokuryr.cz\/n\/wp-json\/wp\/v2\/users\/2"}],"replies":[{"embeddable":true,"href":"https:\/\/www.infokuryr.cz\/n\/wp-json\/wp\/v2\/comments?post=26360"}],"version-history":[{"count":1,"href":"https:\/\/www.infokuryr.cz\/n\/wp-json\/wp\/v2\/posts\/26360\/revisions"}],"predecessor-version":[{"id":26362,"href":"https:\/\/www.infokuryr.cz\/n\/wp-json\/wp\/v2\/posts\/26360\/revisions\/26362"}],"wp:featuredmedia":[{"embeddable":true,"href":"https:\/\/www.infokuryr.cz\/n\/wp-json\/wp\/v2\/media\/26361"}],"wp:attachment":[{"href":"https:\/\/www.infokuryr.cz\/n\/wp-json\/wp\/v2\/media?parent=26360"}],"wp:term":[{"taxonomy":"category","embeddable":true,"href":"https:\/\/www.infokuryr.cz\/n\/wp-json\/wp\/v2\/categories?post=26360"},{"taxonomy":"post_tag","embeddable":true,"href":"https:\/\/www.infokuryr.cz\/n\/wp-json\/wp\/v2\/tags?post=26360"}],"curies":[{"name":"wp","href":"https:\/\/api.w.org\/{rel}","templated":true}]}}